{"id":76637,"date":"2024-04-25T19:04:02","date_gmt":"2024-04-25T19:04:02","guid":{"rendered":"https:\/\/www.ole.com.ar\/river-plate\/river-receso-liga-profesional-futbol-copa-libertadores_0_tn8Qaoqzgu.html"},"modified":"2024-04-25T19:04:02","modified_gmt":"2024-04-25T19:04:02","slug":"el-largo-receso-que-le-espera-a-river-como-lo-administrara","status":"publish","type":"post","link":"http:\/\/hoycordobaweb.com\/index.php\/2024\/04\/25\/el-largo-receso-que-le-espera-a-river-como-lo-administrara\/","title":{"rendered":"El largo receso que le espera a River: \u00bfc\u00f3mo lo administrar\u00e1?"},"content":{"rendered":"<p><img src=\"http:\/\/hoycordobaweb.com\/wp-content\/uploads\/2024\/04\/el-largo-receso-que-le-espera-a-river-como-lo-administrara.jpg\"><\/p>\n<p><time class=\"createDate\" datetime=\"2024-04-25T16:04:02-03:00\">25\/04\/2024 16:04hs.<\/time><\/p>\n<div id=\"storyBody\">\n<div class=\"custom-text \" readability=\"39.5337995338\">\n<p>La eliminaci\u00f3n temprana en la Copa de la Liga, en cuartos de final ante Boca, <strong>implic\u00f3 que <a href=\"https:\/\/www.ole.com.ar\/tema\/river-plate.html\" title=\"River Plate\" alt=\"River Plate\" class=\"slug\">River<\/a> se quede con mucho tiempo libre hasta el inicio del campeonato<\/strong>. Afortunadamente, en el medio hubo un partido de Copa Libertadores -el triunfo ante Libertad- y habr\u00e1 otro m\u00e1s ante Nacional, pero para eso a\u00fan quedan casi dos semanas. As\u00ed las cosas, al equipo de Demichelis se le vendr\u00e1 un largo receso. <strong>\u00bfC\u00f3mo lo administrar\u00e1? <\/strong><\/p>\n<\/div>\n<div class=\"custom-text \" readability=\"39\">\n<p>A pesar de que falta bastante para el pr\u00f3ximo compromiso, que ser\u00e1 <strong>el martes 7 de mayo en Montevideo<\/strong>, la idea es que River siga entren\u00e1ndose sin parar. Lo m\u00e1s pr\u00f3ximo, una pr\u00e1ctica el viernes -se prev\u00e9 que por la ma\u00f1ana, si bien a\u00fan no est\u00e1 confirmado- y probablemente el plantel tenga el fin de semana libre y <strong>vuelva a los trabajos ese mismo lunes. <\/strong><\/p>\n<\/div>\n<div class=\"sc-e7b891c4-0 jPbnQF\"><img alt=\"River cerr\u00f3 la primera tanda de partidos coperos con un triunfo. Tiene puntaje ideal. (REUTERS)\" src=\"http:\/\/hoycordobaweb.com\/wp-content\/uploads\/2024\/04\/el-largo-receso-que-le-espera-a-river-como-lo-administrara-2.jpg\" width=\"720\" height=\"100\" decoding=\"async\" data-nimg=\"future\" loading=\"lazy\"><span class=\"epigraphe\">River cerr\u00f3 la primera tanda de partidos coperos con un triunfo. Tiene puntaje ideal. (REUTERS)<\/span><\/div>\n<p><h2><strong>La actividad de River hasta el inicio de la Copa Am\u00e9rica<\/strong><\/h2>\n<\/p>\n<div class=\"custom-text \" readability=\"37\">\n<p>Lo que tendr\u00e1 de particular este fin de mes e inicio del siguiente es que, en un principio, River estar\u00e1 mucho tiempo sin salir a la cancha, pero enseguida se encontrar\u00e1 con <strong>un calendario apretad\u00edsimo que lo tendr\u00e1 jugando un partido detr\u00e1s del otro.<\/strong><\/p>\n<\/div>\n<div class=\"custom-text \" readability=\"38\">\n<p>El CARP empezar\u00e1 enfrent\u00e1ndose el 7-5 a Nacional, <strong>el fin de semana siguiente (el del 12-5) recibir\u00e1 a Central C\u00f3rdoba por el inicio del campeonato<\/strong>, el martes 14-5 har\u00e1 de local contra Libertad por el pen\u00faltimo partido copero, el finde del 19-5 recibir\u00e1 a Belgrano por la LPF y reci\u00e9n ah\u00ed tendr\u00e1 una semanita completa para descansar. <\/p>\n<\/div>\n<div class=\"custom-text \" readability=\"38\">\n<p>Luego de eso, la visita a Argentinos (finde del 26-5), el \u00faltimo partido del grupo H con T\u00e1chira el 30-5 y dos fechas m\u00e1s de la Liga, ante Tigre y Deportivo Riestra. <strong>A partir de ah\u00ed, se vendr\u00e1 un mes de receso por la Copa Am\u00e9rica.<\/strong><\/p>\n<\/div>\n<div class=\"sc-e7b891c4-0 jPbnQF\"><img alt=\"River tendr\u00e1 muchos d\u00edas sin f\u00fatbol y de un momento al otro se le juntar\u00e1n todos los partidos. (REUTERS)\" src=\"http:\/\/hoycordobaweb.com\/wp-content\/uploads\/2024\/04\/el-largo-receso-que-le-espera-a-river-como-lo-administrara-3.jpg\" width=\"720\" height=\"100\" decoding=\"async\" data-nimg=\"future\" loading=\"lazy\"><span class=\"epigraphe\">River tendr\u00e1 muchos d\u00edas sin f\u00fatbol y de un momento al otro se le juntar\u00e1n todos los partidos. (REUTERS)<\/span><\/div>\n<div class=\"sc-a7166897-0 exHLBh\" readability=\"6\">\n<section readability=\"2\"><picture><img alt=\"Mundial de Clubes 2025: \u00bfa cu\u00e1ntos puntos qued\u00f3 River de la clasificaci\u00f3n?\" src=\"http:\/\/hoycordobaweb.com\/wp-content\/uploads\/2024\/04\/el-largo-receso-que-le-espera-a-river-como-lo-administrara-4.jpg\" width=\"290\" height=\"290\" decoding=\"async\" data-nimg=\"future\" loading=\"lazy\"><\/picture>\n<p><span>Mir\u00e1 tambi\u00e9n<\/span><\/p>\n<hr>\n<h3>Mundial de Clubes 2025: \u00bfa cu\u00e1ntos puntos qued\u00f3 River de la clasificaci\u00f3n?<\/h3>\n<\/p>\n<\/section>\n<\/div>\n<div class=\"sc-a7166897-0 exHLBh\" readability=\"6.5\">\n<section readability=\"3\"><picture><img alt=\"Las contrastantes estad\u00edsticas (y rendimientos) de Lanzini y Herrera en River-Libertad\" src=\"http:\/\/hoycordobaweb.com\/wp-content\/uploads\/2024\/04\/el-largo-receso-que-le-espera-a-river-como-lo-administrara-5.jpg\" width=\"290\" height=\"290\" decoding=\"async\" data-nimg=\"future\" loading=\"lazy\"><\/picture>\n<p><span>Mir\u00e1 tambi\u00e9n<\/span><\/p>\n<hr>\n<h3>Las contrastantes estad\u00edsticas (y rendimientos) de Lanzini y Herrera en River-Libertad<\/h3>\n<\/p>\n<\/section>\n<\/div>\n<div class=\"sc-a7166897-0 exHLBh\" readability=\"6.5\">\n<section readability=\"3\"><picture><img alt=\"&quot;Por esto el Real Madrid lo quiere fichar&quot;: la repercusi\u00f3n del gol de Mastantuono en Espa\u00f1a\" src=\"http:\/\/hoycordobaweb.com\/wp-content\/uploads\/2024\/04\/el-largo-receso-que-le-espera-a-river-como-lo-administrara-6.jpg\" width=\"290\" height=\"290\" decoding=\"async\" data-nimg=\"future\" loading=\"lazy\"><\/picture>\n<p><span>Mir\u00e1 tambi\u00e9n<\/span><\/p>\n<hr>\n<h3>\u00abPor esto el Real Madrid lo quiere fichar\u00bb: la repercusi\u00f3n del gol de Mastantuono en Espa\u00f1a<\/h3>\n<\/p>\n<\/section>\n<\/div>\n<div class=\"sc-a7166897-0 exHLBh\" readability=\"7\">\n<section readability=\"4\"><picture><img alt=\"La advertencia de Demichelis sobre Mastantuono: &quot;No lo confundamos, debe seguir aprendiendo&quot;\" src=\"http:\/\/hoycordobaweb.com\/wp-content\/uploads\/2024\/04\/el-largo-receso-que-le-espera-a-river-como-lo-administrara-7.jpg\" width=\"290\" height=\"290\" decoding=\"async\" data-nimg=\"future\" loading=\"lazy\"><\/picture>\n<p><span>Mir\u00e1 tambi\u00e9n<\/span><\/p>\n<hr>\n<h3>La advertencia de Demichelis sobre Mastantuono: \u00abNo lo confundamos, debe seguir aprendiendo\u00bb<\/h3>\n<\/p>\n<\/section>\n<\/div>\n<\/div>\n","protected":false},"excerpt":{"rendered":"<p>25\/04\/2024 16:04hs. La eliminaci\u00f3n temprana en la Copa de la Liga, en cuartos de final ante Boca, implic\u00f3 que River se quede con mucho tiempo libre hasta el inicio del campeonato. Afortunadamente, en el medio hubo un partido de Copa Libertadores -el triunfo ante Libertad- y habr\u00e1 otro m\u00e1s ante Nacional, pero para eso a\u00fan [&hellip;]<\/p>\n","protected":false},"author":1,"featured_media":76638,"comment_status":"open","ping_status":"closed","sticky":false,"template":"","format":"standard","meta":[],"categories":[16],"tags":[],"_links":{"self":[{"href":"http:\/\/hoycordobaweb.com\/index.php\/wp-json\/wp\/v2\/posts\/76637"}],"collection":[{"href":"http:\/\/hoycordobaweb.com\/index.php\/wp-json\/wp\/v2\/posts"}],"about":[{"href":"http:\/\/hoycordobaweb.com\/index.php\/wp-json\/wp\/v2\/types\/post"}],"author":[{"embeddable":true,"href":"http:\/\/hoycordobaweb.com\/index.php\/wp-json\/wp\/v2\/users\/1"}],"replies":[{"embeddable":true,"href":"http:\/\/hoycordobaweb.com\/index.php\/wp-json\/wp\/v2\/comments?post=76637"}],"version-history":[{"count":0,"href":"http:\/\/hoycordobaweb.com\/index.php\/wp-json\/wp\/v2\/posts\/76637\/revisions"}],"wp:featuredmedia":[{"embeddable":true,"href":"http:\/\/hoycordobaweb.com\/index.php\/wp-json\/wp\/v2\/media\/76638"}],"wp:attachment":[{"href":"http:\/\/hoycordobaweb.com\/index.php\/wp-json\/wp\/v2\/media?parent=76637"}],"wp:term":[{"taxonomy":"category","embeddable":true,"href":"http:\/\/hoycordobaweb.com\/index.php\/wp-json\/wp\/v2\/categories?post=76637"},{"taxonomy":"post_tag","embeddable":true,"href":"http:\/\/hoycordobaweb.com\/index.php\/wp-json\/wp\/v2\/tags?post=76637"}],"curies":[{"name":"wp","href":"https:\/\/api.w.org\/{rel}","templated":true}]}}