{"id":76587,"date":"2024-04-24T19:53:18","date_gmt":"2024-04-24T19:53:18","guid":{"rendered":"https:\/\/www.ole.com.ar\/fuera-de-juego\/cruce-toviggino-sad-scioli-mostro-fassi-aviso_0_YFbrR20Naw.html"},"modified":"2024-04-24T19:53:18","modified_gmt":"2024-04-24T19:53:18","slug":"tras-el-cruce-con-toviggino-por-las-sad-scioli-se-mostro-junto-a-fassi-y-dejo-un-aviso","status":"publish","type":"post","link":"http:\/\/hoycordobaweb.com\/index.php\/2024\/04\/24\/tras-el-cruce-con-toviggino-por-las-sad-scioli-se-mostro-junto-a-fassi-y-dejo-un-aviso\/","title":{"rendered":"Tras el cruce con Toviggino por las SAD, Scioli se mostr\u00f3 junto a Fassi y dej\u00f3 un aviso"},"content":{"rendered":"<p><img src=\"http:\/\/hoycordobaweb.com\/wp-content\/uploads\/2024\/04\/tras-el-cruce-con-toviggino-por-las-sad-scioli-se-mostro-junto-a-fassi-y-dejo-un-aviso.jpg\"><\/p>\n<p><time class=\"createDate\" datetime=\"2024-04-24T16:53:18-03:00\">24\/04\/2024 16:53hs.<\/time><\/p>\n<div id=\"storyBody\">\n<div class=\"custom-text \" readability=\"31.081232492997\">\n<p>Poco menos de 10 d\u00edas despu\u00e9s de que <a href=\"https:\/\/www.ole.com.ar\/informacion-general\/daniel-scioli-apunto-pablo-toviggino-sad_0_7VKQHsDaY0.html\" target=\"_self\" title=\"Daniel Scioli y Pablo Toviggino se cruzaran en las redes sociales\" alt=\"Daniel Scioli y Pablo Toviggino se cruzaran en las redes sociales\" rel=\"noopener noreferrer\">Daniel Scioli y Pablo Toviggino se cruzaran en las redes sociales<\/a> por las Sociedades An\u00f3nimas Deportivas, el actual titular de la Secretar\u00eda de Turismo, Ambiente y Deportes de la Naci\u00f3n <strong>se mostr\u00f3 junto a Andr\u00e9s Fassi<\/strong>, a quien hab\u00eda defendido de las cr\u00edticas del tesorero de la Asociaci\u00f3n del F\u00fatbol Argentino.<\/p>\n<\/div>\n<div class=\"custom-text \" readability=\"37\">\n<p>\u00abInvit\u00e9 al presidente de @CATalleresdecba, Andr\u00e9s Fassi,<strong> a un encuentro junto con el subsecretario de Deportes @JulioGarro y la diputada @SantilanJuli223<\/strong>\u00ab, comenz\u00f3 escribiendo en sus redes sociales el funcionario del Gobierno para describir una foto en la que pos\u00f3 con la camiseta de la T.<\/p>\n<\/div>\n<div class=\"custom-text \" readability=\"37\">\n<p>El c\u00f3nclave no fue casual. Este martes, el ex intendente de La Plata hab\u00eda dicho que \u00abno hay ninguna Asociaci\u00f3n, Confederaci\u00f3n o Federaci\u00f3n que pueda prohibir los aportes privados\u00bb y que<strong> \u00abel DNU est\u00e1 por encima de la AFA\u00bb <\/strong>en un claro intento por defender la implementaci\u00f3n de las SAD. Y la legisladora de La Libertad Avanza <strong>ya hab\u00eda manifestado p\u00fablicamente su apoyo a esa idea. <\/strong><\/p>\n<\/div>\n<div class=\"custom-text \" readability=\"36\">\n<p>\u00bfEl motivo de la reuni\u00f3n? \u00abPara hablar sobre la transformaci\u00f3n deportiva y social que est\u00e1 llevando adelante en el club, a<strong>l que voy a concurrir el 24 de mayo pr\u00f3ximo para conocer sus instalaciones<\/strong>\u00ab, avis\u00f3 Scioli. <\/p>\n<\/div>\n<div class=\"sc-e7b891c4-0 jPbnQF\"><img alt=\"La publicaci\u00f3n de Daniel Scioli.\" src=\"http:\/\/hoycordobaweb.com\/wp-content\/uploads\/2024\/04\/tras-el-cruce-con-toviggino-por-las-sad-scioli-se-mostro-junto-a-fassi-y-dejo-un-aviso-2.jpg\" width=\"720\" height=\"100\" decoding=\"async\" data-nimg=\"future\" loading=\"lazy\"><span class=\"epigraphe\">La publicaci\u00f3n de Daniel Scioli.<\/span><\/div>\n<p><h2><strong>El ataque de Scioli y la respuesta de Toviggino: \u00abSos la casta\u00bb<\/strong><\/h2>\n<\/p>\n<div class=\"custom-text \" readability=\"38\">\n<p>Apenas unas horas despu\u00e9s de que el hombre fuerte de Viamonte 1366 y Juan Sebasti\u00e1n Ver\u00f3n se lanzaran dardos, el funcionario del Gobierno escribi\u00f3 un ligero descargo en su cuenta de X (antes Twitter) para referirse a la pol\u00e9mica y, de paso, <strong>demostrar su apoyo p\u00fablico al decreto que impuls\u00f3 Javier Milei <\/strong>para darles riendas a las Sociedades An\u00f3nimas Deportivas en el f\u00fatbol argentino.<\/p>\n<\/div>\n<div class=\"custom-text \" readability=\"36\">\n<p>\u00abLamentables las declaraciones del tesorero de AFA contra Juan Sebasti\u00e1n Ver\u00f3n y <strong>Andr\u00e9s Fassi, presidente de Talleres de C\u00f3rdoba que est\u00e1 llevando adelante una gran transformaci\u00f3n<\/strong>\u00ab, fueron las primeras palabras que escribi\u00f3 el pol\u00edtico.<\/p>\n<\/div>\n<div class=\"custom-text \" readability=\"39\">\n<p>En el p\u00e1rrafo siguiente, el exembajador de la Argentina en Brasil llen\u00f3 de elogios al mandatario del club de La Plata. \u00abVer\u00f3n es un gran dirigente con una trayectoria y prestigio intachable en el f\u00fatbol argentino,<strong> con quien comparto la visi\u00f3n del ingreso de capitales privados<\/strong>, como una alternativa para mejorar la calidad del club y la vida del socio\u00bb, agreg\u00f3.<\/p>\n<\/div>\n<div class=\"custom-text \" readability=\"36\">\n<p>El texto no termin\u00f3 ah\u00ed, sino que Scioli decidi\u00f3 cerrarlo con un gui\u00f1o hacia el l\u00edder de La Libertad Avanza. <strong>\u00abEl decreto de las SAD del Presidente @JMilei tiene fuerza de ley y est\u00e1 vigente\u00bb, finaliz\u00f3.<\/strong><\/p>\n<\/div>\n<div class=\"sc-e7b891c4-0 jPbnQF\"><img alt=\"El tuit de Scioli.\" src=\"http:\/\/hoycordobaweb.com\/wp-content\/uploads\/2024\/04\/tras-el-cruce-con-toviggino-por-las-sad-scioli-se-mostro-junto-a-fassi-y-dejo-un-aviso-3.jpg\" width=\"720\" height=\"100\" decoding=\"async\" data-nimg=\"future\" loading=\"lazy\"><span class=\"epigraphe\">El tuit de Scioli.<\/span><\/div>\n<div class=\"custom-text \" readability=\"40\">\n<p>Luego de la publicaci\u00f3n, Toviggino eligi\u00f3 recordar un posteo que el funcionario hizo en 2018 sobre el impedimento de que las SAD desembarquen en el f\u00fatbol local y lo acompa\u00f1\u00f3 de un extenso texto. \u00abPreguntar\u00eda: &#8216;\u00bfEn qu\u00e9 te convertiste, Daniel?&#8217;. Pero como sos tan converso&#8230; Quiz\u00e1s es mejor: &#8216;\u00bfPor cu\u00e1nto te convertiste?&#8217;. \u00bfSos el que impuls\u00f3 un proyecto contra las SAD o el que ahora pide aprobarlas? <strong>Ah, s\u00e9 que el Derecho no es tu fuerte, as\u00ed que paso a desburrarte. <\/strong>\u00a1Vos s\u00ed que sos casta pura!\u00bb, arranc\u00f3.<\/p>\n<\/div>\n<div class=\"custom-text \" readability=\"41\">\n<p>Ese fue apenas el comienzo. \u00abEl Articulo 335 (que establec\u00eda la prohibici\u00f3n de impedir a una organizaci\u00f3n deportiva el derecho de afiliarse a una confederaci\u00f3n, federaci\u00f3n, asociaci\u00f3n, liga o uni\u00f3n deportiva con fundamento en su forma jur\u00eddica) y el Art\u00edculo 345 (que establec\u00eda la obligaci\u00f3n para las asociaciones, federaciones y confederaciones, de adecuar sus estatutos a los t\u00e9rminos del DNU) del DNU 70\/30 -sigui\u00f3- se encuentran suspendidos cautelarmente por Resoluci\u00f3n dictada por el Juzgado Federal de Mercedes el 30\/1\/24 y confirmada por la C\u00e1mara Federal de San Martin Numero I, el 4\/4\/24\u00bb.<\/p>\n<\/div>\n<div class=\"custom-text \" readability=\"41\">\n<p>\u00abEn consecuencia, actualmente, las SAD podr\u00e1n afiliarse a la AFA si y solo si, <strong>nuestros asociados resuelven reformar y adecuar los estatutos de AFA al efecto<\/strong>, puesto que hoy en d\u00eda solamente pueden ser miembros de AFA las asociaciones civiles sin fines de lucro, encontr\u00e1ndose suspendido y no vigente el Decreto en tal sentido\u00bb, finaliz\u00f3.<\/p>\n<\/div>\n<div class=\"custom-embedhtml\" readability=\"8.1167108753316\">\n<blockquote class=\"twitter-tweet\" readability=\"9.920424403183\">\n<p lang=\"es\" dir=\"ltr\">Preguntar\u00eda \u201c\u00bfen qu\u00e9 te convertiste, Daniel?\u201d. Pero como sos tan converso&#8230;. Quiz\u00e1s es mejor: \u201c\u00bfpor cu\u00e1nto te convertiste?\u201d <br \/>\u00bfSos el que impuls\u00f3 un proyecto contra las SAD o el que ahora pide aprobarlas? Ah, s\u00e9 que el Derecho no es tu fuerte, as\u00ed que paso a desburrarte!!! Vos s\u00ed\u2026 <a href=\"https:\/\/t.co\/rBT1BeBUil\">https:\/\/t.co\/rBT1BeBUil<\/a><\/p>\n<p>\u2014 Pablo Toviggino (@TovigginoPablo) <a href=\"https:\/\/twitter.com\/TovigginoPablo\/status\/1779922099001258003?ref_src=twsrc%5Etfw\">April 15, 2024<\/a><\/p><\/blockquote><\/div>\n<div class=\"sc-a7166897-0 exHLBh\" readability=\"6\">\n<section readability=\"2\"><picture><img alt=\"Un reconocido actor apunt\u00f3 contra Toviggino: &quot;La AFA act\u00faa como una SAD a veces&quot;\" src=\"http:\/\/hoycordobaweb.com\/wp-content\/uploads\/2024\/04\/tras-el-cruce-con-toviggino-por-las-sad-scioli-se-mostro-junto-a-fassi-y-dejo-un-aviso-4.jpg\" width=\"290\" height=\"290\" decoding=\"async\" data-nimg=\"future\" loading=\"lazy\"><\/picture>\n<p><span>Mir\u00e1 tambi\u00e9n<\/span><\/p>\n<hr>\n<h3>Un reconocido actor apunt\u00f3 contra Toviggino: \u00abLa AFA act\u00faa como una SAD a veces\u00bb<\/h3>\n<\/p>\n<\/section>\n<\/div>\n<div class=\"sc-a7166897-0 exHLBh\" readability=\"6.5\">\n<section readability=\"3\"><picture><img alt=\"Toviggino cruz\u00f3 muy fuerte a Dom\u00ednguez por sus declaraciones sobre el arbitraje de la semi ante Boca\" src=\"http:\/\/hoycordobaweb.com\/wp-content\/uploads\/2024\/04\/tras-el-cruce-con-toviggino-por-las-sad-scioli-se-mostro-junto-a-fassi-y-dejo-un-aviso-5.jpg\" width=\"290\" height=\"290\" decoding=\"async\" data-nimg=\"future\" loading=\"lazy\"><\/picture>\n<p><span>Mir\u00e1 tambi\u00e9n<\/span><\/p>\n<hr>\n<h3>Toviggino cruz\u00f3 muy fuerte a Dom\u00ednguez por sus declaraciones sobre el arbitraje de la semi ante Boca<\/h3>\n<\/p>\n<\/section>\n<\/div>\n<div class=\"sc-a7166897-0 exHLBh\" readability=\"6.5\">\n<section readability=\"3\"><picture><img alt=\"Daniel Scioli y su cambio de opini\u00f3n sobre las SAD: &quot;Me di cuenta que pueden ser muy positivas en el f\u00fatbol&quot;\" src=\"http:\/\/hoycordobaweb.com\/wp-content\/uploads\/2024\/04\/tras-el-cruce-con-toviggino-por-las-sad-scioli-se-mostro-junto-a-fassi-y-dejo-un-aviso-6.jpg\" width=\"290\" height=\"290\" decoding=\"async\" data-nimg=\"future\" loading=\"lazy\"><\/picture>\n<p><span>Mir\u00e1 tambi\u00e9n<\/span><\/p>\n<hr>\n<h3>Daniel Scioli y su cambio de opini\u00f3n sobre las SAD: \u00abMe di cuenta que pueden ser muy positivas en el f\u00fatbol\u00bb<\/h3>\n<\/p>\n<\/section>\n<\/div>\n<\/div>\n","protected":false},"excerpt":{"rendered":"<p>24\/04\/2024 16:53hs. Poco menos de 10 d\u00edas despu\u00e9s de que Daniel Scioli y Pablo Toviggino se cruzaran en las redes sociales por las Sociedades An\u00f3nimas Deportivas, el actual titular de la Secretar\u00eda de Turismo, Ambiente y Deportes de la Naci\u00f3n se mostr\u00f3 junto a Andr\u00e9s Fassi, a quien hab\u00eda defendido de las cr\u00edticas del tesorero [&hellip;]<\/p>\n","protected":false},"author":1,"featured_media":76588,"comment_status":"open","ping_status":"closed","sticky":false,"template":"","format":"standard","meta":[],"categories":[16],"tags":[],"_links":{"self":[{"href":"http:\/\/hoycordobaweb.com\/index.php\/wp-json\/wp\/v2\/posts\/76587"}],"collection":[{"href":"http:\/\/hoycordobaweb.com\/index.php\/wp-json\/wp\/v2\/posts"}],"about":[{"href":"http:\/\/hoycordobaweb.com\/index.php\/wp-json\/wp\/v2\/types\/post"}],"author":[{"embeddable":true,"href":"http:\/\/hoycordobaweb.com\/index.php\/wp-json\/wp\/v2\/users\/1"}],"replies":[{"embeddable":true,"href":"http:\/\/hoycordobaweb.com\/index.php\/wp-json\/wp\/v2\/comments?post=76587"}],"version-history":[{"count":0,"href":"http:\/\/hoycordobaweb.com\/index.php\/wp-json\/wp\/v2\/posts\/76587\/revisions"}],"wp:featuredmedia":[{"embeddable":true,"href":"http:\/\/hoycordobaweb.com\/index.php\/wp-json\/wp\/v2\/media\/76588"}],"wp:attachment":[{"href":"http:\/\/hoycordobaweb.com\/index.php\/wp-json\/wp\/v2\/media?parent=76587"}],"wp:term":[{"taxonomy":"category","embeddable":true,"href":"http:\/\/hoycordobaweb.com\/index.php\/wp-json\/wp\/v2\/categories?post=76587"},{"taxonomy":"post_tag","embeddable":true,"href":"http:\/\/hoycordobaweb.com\/index.php\/wp-json\/wp\/v2\/tags?post=76587"}],"curies":[{"name":"wp","href":"https:\/\/api.w.org\/{rel}","templated":true}]}}