{"id":76585,"date":"2024-04-24T19:58:01","date_gmt":"2024-04-24T19:58:01","guid":{"rendered":"https:\/\/www.ole.com.ar\/futbol-internacional\/espana\/volantazo-barcelona-convencieron-xavi-seguira-frente-equipo_0_UNB1Xryv1N.html"},"modified":"2024-04-24T19:58:01","modified_gmt":"2024-04-24T19:58:01","slug":"volantazo-en-el-barcelona-convencieron-a-xavi-y-seguira-al-frente-del-equipo","status":"publish","type":"post","link":"http:\/\/hoycordobaweb.com\/index.php\/2024\/04\/24\/volantazo-en-el-barcelona-convencieron-a-xavi-y-seguira-al-frente-del-equipo\/","title":{"rendered":"Volantazo en el Barcelona: convencieron a Xavi y seguir\u00e1 al frente del equipo"},"content":{"rendered":"<p><img src=\"http:\/\/hoycordobaweb.com\/wp-content\/uploads\/2024\/04\/volantazo-en-el-barcelona-convencieron-a-xavi-y-seguira-al-frente-del-equipo.jpg\"><\/p>\n<p><time class=\"createDate\" datetime=\"2024-04-24T16:58:01-03:00\">24\/04\/2024 16:58hs.<\/time><\/p>\n<div id=\"storyBody\">\n<div class=\"custom-text \" readability=\"34.166666666667\">\n<p>A fines de enero, despu\u00e9s de una derrota contra Villarreal,<a href=\"https:\/\/www.ole.com.ar\/tema\/xavi-hernandez.html\" title=\"Xavi Hern\u00e1ndez\" alt=\"Xavi Hern\u00e1ndez\" class=\"slug\"> Xavi Hern\u00e1ndez<\/a> ofreci\u00f3 una conferencia de prensa en la que<a href=\"https:\/\/www.ole.com.ar\/futbol-internacional\/espana\/xavi-anuncio-ira-barcelona-terminar-temporada_0_yTSAcOgCCT.html\" target=\"_self\" title=\" aseguraba que dejar\u00eda el club al finalizar la temporada.\" alt=\" aseguraba que dejar\u00eda el club al finalizar la temporada.\" rel=\"noopener noreferrer\"> aseguraba que dejar\u00eda el Barcelona al finalizar la temporada.<\/a> Sin embargo, en las \u00faltimas horas el club activ\u00f3 una ingenier\u00eda para intentar torcer la decisi\u00f3n del DT y, seg\u00fan informan los medios catalanes, habr\u00edan logrado cambiar su opini\u00f3n y <strong>se quedar\u00eda para cumplir la totalidad de su contrato, hasta mediados del a\u00f1o que viene.<\/strong><\/p>\n<\/div>\n<div class=\"custom-text \" readability=\"35.15\">\n<p>La noticia surgi\u00f3 despu\u00e9s de<strong> una reuni\u00f3n que tuvo lugar en el domicilio particular del presidente <a href=\"https:\/\/www.ole.com.ar\/tema\/joan-laporta.html\" title=\"Joan Laporta\" alt=\"Joan Laporta\" class=\"slug\">Joan Laporta<\/a><\/strong>, que cont\u00f3 adem\u00e1s con las presencias de otros dirigentes como Yuste, Deco, el asesor Alejandro Echevarr\u00eda y el propio Xavi.<\/p>\n<\/div>\n<div class=\"custom-text \" readability=\"36.955\">\n<p>All\u00ed el presidente cul\u00e9 <strong>intent\u00f3 limar asperezas y abog\u00f3 por la continuidad del DT<\/strong>, que hace algunos meses parec\u00eda convencido de dar un paso al costado. Y los resultados deportivos de las \u00faltimas semanas, con la eliminaci\u00f3n de la Champions League a manos del PSG y el adi\u00f3s a LaLiga tras la derrota en el cl\u00e1sico frente al <a href=\"https:\/\/www.ole.com.ar\/tema\/real-madrid.html\" title=\"Real Madrid\" alt=\"Real Madrid\" class=\"slug\">Real Madrid<\/a>, parec\u00edan ser el empuj\u00f3n final para la partida de Xavi.<\/p>\n<\/div>\n<div class=\"custom-text \" readability=\"38\">\n<p>No obstante, el volantazo de Laporta podr\u00eda haber cambiado el rumbo de la historia, aunque con algunas salvedades: seg\u00fan inform\u00f3 RAC-1, <strong>el club habr\u00eda pedido algunos cambios en el staff t\u00e9cnico de Xavi<\/strong>, que incluye a su hermano \u00d2scar Hern\u00e1ndez.<\/p>\n<\/div>\n<div class=\"sc-e7b891c4-0 jPbnQF\"><img alt=\"Xavi y Laporta durante un entrenamiento en la Ciudad Deportiva Joan Gamper (EFE).\" src=\"http:\/\/hoycordobaweb.com\/wp-content\/uploads\/2024\/04\/volantazo-en-el-barcelona-convencieron-a-xavi-y-seguira-al-frente-del-equipo-2.jpg\" width=\"720\" height=\"100\" decoding=\"async\" data-nimg=\"future\" loading=\"lazy\"><span class=\"epigraphe\">Xavi y Laporta durante un entrenamiento en la Ciudad Deportiva Joan Gamper (EFE).<\/span><\/div>\n<div class=\"custom-text \" readability=\"35\">\n<p>A falta de confirmaci\u00f3n oficial, se espera que este mismo jueves el presidente Laporta oficialice la continuidad de Xavi -en principio hasta junio del 2025- en conferencia de prensa o a trav\u00e9s de los canales oficiales del club.<\/p>\n<\/div>\n<div class=\"sc-e7b891c4-0 jPbnQF\"><img alt=\"Xavi cumplir\u00eda su contrato con el Barsa, hasta mediados del 2025 (AP).\" src=\"http:\/\/hoycordobaweb.com\/wp-content\/uploads\/2024\/04\/volantazo-en-el-barcelona-convencieron-a-xavi-y-seguira-al-frente-del-equipo-3.jpg\" width=\"720\" height=\"100\" decoding=\"async\" data-nimg=\"future\" loading=\"lazy\"><span class=\"epigraphe\">Xavi cumplir\u00eda su contrato con el Barsa, hasta mediados del 2025 (AP).<\/span><\/div>\n<div class=\"sc-a7166897-0 exHLBh\" readability=\"6\">\n<section readability=\"2\"><picture><img alt=\"Muniain anunci\u00f3 que se va del Athletic y tiene a River en mente\" src=\"http:\/\/hoycordobaweb.com\/wp-content\/uploads\/2024\/04\/volantazo-en-el-barcelona-convencieron-a-xavi-y-seguira-al-frente-del-equipo-4.jpg\" width=\"290\" height=\"290\" decoding=\"async\" data-nimg=\"future\" loading=\"lazy\"><\/picture>\n<p><span>Mir\u00e1 tambi\u00e9n<\/span><\/p>\n<hr>\n<h3>Muniain anunci\u00f3 que se va del Athletic y tiene a River en mente<\/h3>\n<\/p>\n<\/section>\n<\/div>\n<div class=\"sc-a7166897-0 exHLBh\" readability=\"6\">\n<section readability=\"2\"><picture><img alt=\"&quot;Se trab\u00f3&quot;: Ver\u00f3n cont\u00f3 como fue la primera arenga de Messi como capit\u00e1n\" src=\"http:\/\/hoycordobaweb.com\/wp-content\/uploads\/2024\/04\/volantazo-en-el-barcelona-convencieron-a-xavi-y-seguira-al-frente-del-equipo-5.jpg\" width=\"290\" height=\"290\" decoding=\"async\" data-nimg=\"future\" loading=\"lazy\"><\/picture>\n<p><span>Mir\u00e1 tambi\u00e9n<\/span><\/p>\n<hr>\n<h3>\u00abSe trab\u00f3\u00bb: Ver\u00f3n cont\u00f3 como fue la primera arenga de Messi como capit\u00e1n<\/h3>\n<\/p>\n<\/section>\n<\/div>\n<div class=\"sc-a7166897-0 exHLBh\" readability=\"6\">\n<section readability=\"2\"><picture><img alt=\"El secreto oculto de Diego Maradona en la concentraci\u00f3n de Deportivo Riestra\" src=\"http:\/\/hoycordobaweb.com\/wp-content\/uploads\/2024\/04\/volantazo-en-el-barcelona-convencieron-a-xavi-y-seguira-al-frente-del-equipo-6.jpg\" width=\"290\" height=\"290\" decoding=\"async\" data-nimg=\"future\" loading=\"lazy\"><\/picture>\n<p><span>Mir\u00e1 tambi\u00e9n<\/span><\/p>\n<hr>\n<h3>El secreto oculto de Diego Maradona en la concentraci\u00f3n de Deportivo Riestra<\/h3>\n<\/p>\n<\/section>\n<\/div>\n<div class=\"sc-a7166897-0 exHLBh\" readability=\"6\">\n<section readability=\"2\"><picture><img alt=\"El motivo por el que Borja abandon\u00f3 la concentraci\u00f3n de River en Paraguay\" src=\"http:\/\/hoycordobaweb.com\/wp-content\/uploads\/2024\/04\/volantazo-en-el-barcelona-convencieron-a-xavi-y-seguira-al-frente-del-equipo-7.jpg\" width=\"290\" height=\"290\" decoding=\"async\" data-nimg=\"future\" loading=\"lazy\"><\/picture>\n<p><span>Mir\u00e1 tambi\u00e9n<\/span><\/p>\n<hr>\n<h3>El motivo por el que Borja abandon\u00f3 la concentraci\u00f3n de River en Paraguay<\/h3>\n<\/p>\n<\/section>\n<\/div>\n<\/div>\n","protected":false},"excerpt":{"rendered":"<p>24\/04\/2024 16:58hs. A fines de enero, despu\u00e9s de una derrota contra Villarreal, Xavi Hern\u00e1ndez ofreci\u00f3 una conferencia de prensa en la que aseguraba que dejar\u00eda el Barcelona al finalizar la temporada. Sin embargo, en las \u00faltimas horas el club activ\u00f3 una ingenier\u00eda para intentar torcer la decisi\u00f3n del DT y, seg\u00fan informan los medios catalanes, [&hellip;]<\/p>\n","protected":false},"author":1,"featured_media":76586,"comment_status":"open","ping_status":"closed","sticky":false,"template":"","format":"standard","meta":[],"categories":[16],"tags":[],"_links":{"self":[{"href":"http:\/\/hoycordobaweb.com\/index.php\/wp-json\/wp\/v2\/posts\/76585"}],"collection":[{"href":"http:\/\/hoycordobaweb.com\/index.php\/wp-json\/wp\/v2\/posts"}],"about":[{"href":"http:\/\/hoycordobaweb.com\/index.php\/wp-json\/wp\/v2\/types\/post"}],"author":[{"embeddable":true,"href":"http:\/\/hoycordobaweb.com\/index.php\/wp-json\/wp\/v2\/users\/1"}],"replies":[{"embeddable":true,"href":"http:\/\/hoycordobaweb.com\/index.php\/wp-json\/wp\/v2\/comments?post=76585"}],"version-history":[{"count":0,"href":"http:\/\/hoycordobaweb.com\/index.php\/wp-json\/wp\/v2\/posts\/76585\/revisions"}],"wp:featuredmedia":[{"embeddable":true,"href":"http:\/\/hoycordobaweb.com\/index.php\/wp-json\/wp\/v2\/media\/76586"}],"wp:attachment":[{"href":"http:\/\/hoycordobaweb.com\/index.php\/wp-json\/wp\/v2\/media?parent=76585"}],"wp:term":[{"taxonomy":"category","embeddable":true,"href":"http:\/\/hoycordobaweb.com\/index.php\/wp-json\/wp\/v2\/categories?post=76585"},{"taxonomy":"post_tag","embeddable":true,"href":"http:\/\/hoycordobaweb.com\/index.php\/wp-json\/wp\/v2\/tags?post=76585"}],"curies":[{"name":"wp","href":"https:\/\/api.w.org\/{rel}","templated":true}]}}