{"id":76564,"date":"2024-02-18T17:29:07","date_gmt":"2024-02-18T17:29:07","guid":{"rendered":"https:\/\/divulgar.com.ar\/el-presidente-de-brasil-critica-acciones-de-israel-en-gaza"},"modified":"2024-02-18T17:29:07","modified_gmt":"2024-02-18T17:29:07","slug":"el-presidente-de-brasil-critica-acciones-de-israel-en-gaza","status":"publish","type":"post","link":"http:\/\/hoycordobaweb.com\/index.php\/2024\/02\/18\/el-presidente-de-brasil-critica-acciones-de-israel-en-gaza\/","title":{"rendered":"El presidente de Brasil critica acciones de Israel en Gaza"},"content":{"rendered":"<p><img src=\"http:\/\/hoycordobaweb.com\/wp-content\/uploads\/2024\/04\/el-presidente-de-brasil-critica-acciones-de-israel-en-gaza.jpg\"><\/p>\n<p><a href=\"https:\/\/es.wikipedia.org\/wiki\/Jerusal%C3%A9n\">Jerusal\u00e9n<\/a>, 17 de Febrero de 2024 &#8211; El ministro de Exteriores israel\u00ed, <a href=\"https:\/\/es.wikipedia.org\/wiki\/Yisrael_Katz\">Israel Katz<\/a>, <strong>convoc\u00f3 al embajador brasile\u00f1o en Israel, Frederico Meyer<\/strong>, para una \u201cllamada de protesta\u201d en respuesta a los comentarios del presidente de Brasil, <a href=\"https:\/\/es.wikipedia.org\/wiki\/Luiz_In%C3%A1cio_Lula_da_Silva\">Luiz In\u00e1cio Lula da Silva<\/a>, durante la 37\u00aa <a href=\"https:\/\/spanish.news.cn\/20240217\/981660574c9f41d9b5bdebd792f67995\/c.html\">Cumbre Ordinaria de Jefes de Estado y de Gobierno de la Uni\u00f3n Africana en Etiop\u00eda<\/a>.<\/p>\n<h3 id=\"durante-el-evento-lula-acus\u00f3-a-israel-de-emular-a-adolf-hitler-y-cometi\u00f3-un-genocidio-en-la-franja-de-gaza-estos-comentarios-generaron-fuertes-cr\u00edticas-por-parte-de-las-autoridades-israel\u00edes\"><a class=\"anchor\" aria-hidden=\"true\" tabindex=\"-1\" href=\"https:\/\/divulgar.com.ar\/el-presidente-de-brasil-critica-acciones-de-israel-en-gaza#durante-el-evento-lula-acus%C3%B3-a-israel-de-emular-a-adolf-hitler-y-cometi%C3%B3-un-genocidio-en-la-franja-de-gaza-estos-comentarios-generaron-fuertes-cr%C3%ADticas-por-parte-de-las-autoridades-israel%C3%ADes\"><svg class=\"octicon octicon-link\" viewBox=\"0 0 16 16\" version=\"1.1\" width=\"16\" height=\"16\" aria-hidden=\"true\"><path fill-rule=\"evenodd\" d=\"M7.775 3.275a.75.75 0 001.06 1.06l1.25-1.25a2 2 0 112.83 2.83l-2.5 2.5a2 2 0 01-2.83 0 .75.75 0 00-1.06 1.06 3.5 3.5 0 004.95 0l2.5-2.5a3.5 3.5 0 00-4.95-4.95l-1.25 1.25zm-4.69 9.64a2 2 0 010-2.83l2.5-2.5a2 2 0 012.83 0 .75.75 0 001.06-1.06 3.5 3.5 0 00-4.95 0l-2.5 2.5a3.5 3.5 0 004.95 4.95l1.25-1.25a.75.75 0 00-1.06-1.06l-1.25 1.25a2 2 0 01-2.83 0z\" \/><\/svg><\/a>Durante el evento, Lula acus\u00f3 a Israel de emular a Adolf Hitler y cometi\u00f3 un \u00abgenocidio\u00bb en la <a href=\"https:\/\/es.wikipedia.org\/wiki\/Franja_de_Gaza\">Franja de Gaza<\/a>. Estos comentarios generaron fuertes cr\u00edticas por parte de las autoridades israel\u00edes.<\/h3>\n<p><img src=\"http:\/\/hoycordobaweb.com\/wp-content\/uploads\/2024\/04\/el-presidente-de-brasil-critica-acciones-de-israel-en-gaza-2.jpg\" alt=\"Imagen\"><\/p>\n<h2 id=\"respuesta-del-gobierno-israel\u00ed\"><a class=\"anchor\" aria-hidden=\"true\" tabindex=\"-1\" href=\"https:\/\/divulgar.com.ar\/el-presidente-de-brasil-critica-acciones-de-israel-en-gaza#respuesta-del-gobierno-israel%C3%AD\"><svg class=\"octicon octicon-link\" viewBox=\"0 0 16 16\" version=\"1.1\" width=\"16\" height=\"16\" aria-hidden=\"true\"><path fill-rule=\"evenodd\" d=\"M7.775 3.275a.75.75 0 001.06 1.06l1.25-1.25a2 2 0 112.83 2.83l-2.5 2.5a2 2 0 01-2.83 0 .75.75 0 00-1.06 1.06 3.5 3.5 0 004.95 0l2.5-2.5a3.5 3.5 0 00-4.95-4.95l-1.25 1.25zm-4.69 9.64a2 2 0 010-2.83l2.5-2.5a2 2 0 012.83 0 .75.75 0 001.06-1.06 3.5 3.5 0 00-4.95 0l-2.5 2.5a3.5 3.5 0 004.95 4.95l1.25-1.25a.75.75 0 00-1.06-1.06l-1.25 1.25a2 2 0 01-2.83 0z\" \/><\/svg><\/a>Respuesta del Gobierno Israel\u00ed<\/h2>\n<p>El primer ministro israel\u00ed, <a href=\"https:\/\/es.wikipedia.org\/wiki\/Benjam%C3%ADn_Netanyahu\">Benjamin Netanyahu<\/a>, calific\u00f3 las declaraciones de Lula como \u00abvergonzosas y graves\u00bb, argumentando que buscan \u00abtrivializar el <a href=\"https:\/\/es.wikipedia.org\/wiki\/Holocausto\">Holocausto<\/a>\u00bb y \u00abel derecho de Israel a defenderse\u00bb. Netanyahu afirm\u00f3 que comparar a Israel con el Holocausto nazi y con <a href=\"https:\/\/es.wikipedia.org\/wiki\/Adolf_Hitler\">Hitler<\/a> es cruzar una l\u00ednea roja.<br \/>\n<img src=\"http:\/\/hoycordobaweb.com\/wp-content\/uploads\/2024\/04\/el-presidente-de-brasil-critica-acciones-de-israel-en-gaza-3.jpg\" alt=\"Imagen\"><\/p>\n<h2 id=\"convocatoria-a-protesta\"><a class=\"anchor\" aria-hidden=\"true\" tabindex=\"-1\" href=\"https:\/\/divulgar.com.ar\/el-presidente-de-brasil-critica-acciones-de-israel-en-gaza#convocatoria-a-protesta\"><svg class=\"octicon octicon-link\" viewBox=\"0 0 16 16\" version=\"1.1\" width=\"16\" height=\"16\" aria-hidden=\"true\"><path fill-rule=\"evenodd\" d=\"M7.775 3.275a.75.75 0 001.06 1.06l1.25-1.25a2 2 0 112.83 2.83l-2.5 2.5a2 2 0 01-2.83 0 .75.75 0 00-1.06 1.06 3.5 3.5 0 004.95 0l2.5-2.5a3.5 3.5 0 00-4.95-4.95l-1.25 1.25zm-4.69 9.64a2 2 0 010-2.83l2.5-2.5a2 2 0 012.83 0 .75.75 0 001.06-1.06 3.5 3.5 0 00-4.95 0l-2.5 2.5a3.5 3.5 0 004.95 4.95l1.25-1.25a.75.75 0 00-1.06-1.06l-1.25 1.25a2 2 0 01-2.83 0z\" \/><\/svg><\/a>Convocatoria a Protesta<\/h2>\n<p>\u00abHe ordenado al personal del Ministerio que convoque al embajador brasile\u00f1o para una llamada de protesta\u00bb, declar\u00f3 el ministro de Exteriores israel\u00ed, Israel Katz. Adem\u00e1s, el ministro de Defensa, <a href=\"https:\/\/es.wikipedia.org\/wiki\/Yoav_Galant\">Yoav Gallant<\/a>, critic\u00f3 a Lula por apoyar a \u00abuna organizaci\u00f3n terrorista genocida, <a href=\"https:\/\/es.wikipedia.org\/wiki\/Ham%C3%A1s\">Hamas<\/a>, y al hacerlo, avergonzar a su pueblo\u00bb.<\/p>\n<h2 id=\"contexto-y-repercusiones\"><a class=\"anchor\" aria-hidden=\"true\" tabindex=\"-1\" href=\"https:\/\/divulgar.com.ar\/el-presidente-de-brasil-critica-acciones-de-israel-en-gaza#contexto-y-repercusiones\"><svg class=\"octicon octicon-link\" viewBox=\"0 0 16 16\" version=\"1.1\" width=\"16\" height=\"16\" aria-hidden=\"true\"><path fill-rule=\"evenodd\" d=\"M7.775 3.275a.75.75 0 001.06 1.06l1.25-1.25a2 2 0 112.83 2.83l-2.5 2.5a2 2 0 01-2.83 0 .75.75 0 00-1.06 1.06 3.5 3.5 0 004.95 0l2.5-2.5a3.5 3.5 0 00-4.95-4.95l-1.25 1.25zm-4.69 9.64a2 2 0 010-2.83l2.5-2.5a2 2 0 012.83 0 .75.75 0 001.06-1.06 3.5 3.5 0 00-4.95 0l-2.5 2.5a3.5 3.5 0 004.95 4.95l1.25-1.25a.75.75 0 00-1.06-1.06l-1.25 1.25a2 2 0 01-2.83 0z\" \/><\/svg><\/a>Contexto y Repercusiones<\/h2>\n<p>Estas declaraciones de Lula son las m\u00e1s contundentes hasta ahora sobre el conflicto, generando tensiones diplom\u00e1ticas entre Brasil e Israel. El presidente brasile\u00f1o se encuentra en una gira en <a href=\"https:\/\/es.wikipedia.org\/wiki\/Egipto\">Egipto<\/a> y <a href=\"https:\/\/es.wikipedia.org\/wiki\/Etiop%C3%ADa\">Etiop\u00eda<\/a>, buscando fortalecer los lazos pol\u00edticos y econ\u00f3micos de Brasil con el continente africano.<\/p>\n<h2 id=\"postura-de-lula-sobre-la-crisis-en-gaza\"><a class=\"anchor\" aria-hidden=\"true\" tabindex=\"-1\" href=\"https:\/\/divulgar.com.ar\/el-presidente-de-brasil-critica-acciones-de-israel-en-gaza#postura-de-lula-sobre-la-crisis-en-gaza\"><svg class=\"octicon octicon-link\" viewBox=\"0 0 16 16\" version=\"1.1\" width=\"16\" height=\"16\" aria-hidden=\"true\"><path fill-rule=\"evenodd\" d=\"M7.775 3.275a.75.75 0 001.06 1.06l1.25-1.25a2 2 0 112.83 2.83l-2.5 2.5a2 2 0 01-2.83 0 .75.75 0 00-1.06 1.06 3.5 3.5 0 004.95 0l2.5-2.5a3.5 3.5 0 00-4.95-4.95l-1.25 1.25zm-4.69 9.64a2 2 0 010-2.83l2.5-2.5a2 2 0 012.83 0 .75.75 0 001.06-1.06 3.5 3.5 0 00-4.95 0l-2.5 2.5a3.5 3.5 0 004.95 4.95l1.25-1.25a.75.75 0 00-1.06-1.06l-1.25 1.25a2 2 0 01-2.83 0z\" \/><\/svg><\/a>Postura de Lula sobre la Crisis en <a href=\"https:\/\/es.wikipedia.org\/wiki\/Gaza\">Gaza<\/a><\/h2>\n<p>Lula defendi\u00f3 la existencia de un Estado palestino y abog\u00f3 por una soluci\u00f3n pol\u00edtica y diplom\u00e1tica al conflicto. Durante su intervenci\u00f3n, destac\u00f3 la necesidad de avanzar hacia la creaci\u00f3n de un Estado palestino libre y soberano, reconocido como miembro de las <a href=\"https:\/\/es.wikipedia.org\/wiki\/Organizaci%C3%B3n_de_las_Naciones_Unidas\">Naciones Unidas<\/a>.<\/p>\n<h3 id=\"la-situaci\u00f3n-diplom\u00e1tica-entre-brasil-e-israel-contin\u00faa-desarroll\u00e1ndose-mientras-ambas-naciones-buscan-abordar-las-discrepancias-resultantes-de-estas-declaraciones\"><a class=\"anchor\" aria-hidden=\"true\" tabindex=\"-1\" href=\"https:\/\/divulgar.com.ar\/el-presidente-de-brasil-critica-acciones-de-israel-en-gaza#la-situaci%C3%B3n-diplom%C3%A1tica-entre-brasil-e-israel-contin%C3%BAa-desarroll%C3%A1ndose-mientras-ambas-naciones-buscan-abordar-las-discrepancias-resultantes-de-estas-declaraciones\"><svg class=\"octicon octicon-link\" viewBox=\"0 0 16 16\" version=\"1.1\" width=\"16\" height=\"16\" aria-hidden=\"true\"><path fill-rule=\"evenodd\" d=\"M7.775 3.275a.75.75 0 001.06 1.06l1.25-1.25a2 2 0 112.83 2.83l-2.5 2.5a2 2 0 01-2.83 0 .75.75 0 00-1.06 1.06 3.5 3.5 0 004.95 0l2.5-2.5a3.5 3.5 0 00-4.95-4.95l-1.25 1.25zm-4.69 9.64a2 2 0 010-2.83l2.5-2.5a2 2 0 012.83 0 .75.75 0 001.06-1.06 3.5 3.5 0 00-4.95 0l-2.5 2.5a3.5 3.5 0 004.95 4.95l1.25-1.25a.75.75 0 00-1.06-1.06l-1.25 1.25a2 2 0 01-2.83 0z\" \/><\/svg><\/a>La situaci\u00f3n diplom\u00e1tica entre Brasil e Israel contin\u00faa desarroll\u00e1ndose mientras ambas naciones buscan abordar las discrepancias resultantes de estas declaraciones.<\/h3>\n","protected":false},"excerpt":{"rendered":"<p>Jerusal\u00e9n, 17 de Febrero de 2024 &#8211; El ministro de Exteriores israel\u00ed, Israel Katz, convoc\u00f3 al embajador brasile\u00f1o en Israel, Frederico Meyer, para una \u201cllamada de protesta\u201d en respuesta a los comentarios del presidente de Brasil, Luiz In\u00e1cio Lula da Silva, durante la 37\u00aa Cumbre Ordinaria de Jefes de Estado y de Gobierno de la [&hellip;]<\/p>\n","protected":false},"author":1,"featured_media":76565,"comment_status":"closed","ping_status":"closed","sticky":false,"template":"","format":"standard","meta":[],"categories":[24],"tags":[],"_links":{"self":[{"href":"http:\/\/hoycordobaweb.com\/index.php\/wp-json\/wp\/v2\/posts\/76564"}],"collection":[{"href":"http:\/\/hoycordobaweb.com\/index.php\/wp-json\/wp\/v2\/posts"}],"about":[{"href":"http:\/\/hoycordobaweb.com\/index.php\/wp-json\/wp\/v2\/types\/post"}],"author":[{"embeddable":true,"href":"http:\/\/hoycordobaweb.com\/index.php\/wp-json\/wp\/v2\/users\/1"}],"replies":[{"embeddable":true,"href":"http:\/\/hoycordobaweb.com\/index.php\/wp-json\/wp\/v2\/comments?post=76564"}],"version-history":[{"count":0,"href":"http:\/\/hoycordobaweb.com\/index.php\/wp-json\/wp\/v2\/posts\/76564\/revisions"}],"wp:featuredmedia":[{"embeddable":true,"href":"http:\/\/hoycordobaweb.com\/index.php\/wp-json\/wp\/v2\/media\/76565"}],"wp:attachment":[{"href":"http:\/\/hoycordobaweb.com\/index.php\/wp-json\/wp\/v2\/media?parent=76564"}],"wp:term":[{"taxonomy":"category","embeddable":true,"href":"http:\/\/hoycordobaweb.com\/index.php\/wp-json\/wp\/v2\/categories?post=76564"},{"taxonomy":"post_tag","embeddable":true,"href":"http:\/\/hoycordobaweb.com\/index.php\/wp-json\/wp\/v2\/tags?post=76564"}],"curies":[{"name":"wp","href":"https:\/\/api.w.org\/{rel}","templated":true}]}}