{"id":76525,"date":"2024-04-23T11:34:00","date_gmt":"2024-04-23T11:34:00","guid":{"rendered":"https:\/\/fm-comunicar.com.ar\/contenido\/21615\/la-superiora-del-hogar-juan-xxiii-hermana-antonia-fue-designada-para-misionar-en"},"modified":"2024-04-23T11:34:00","modified_gmt":"2024-04-23T11:34:00","slug":"la-superiora-del-hogar-juan-xxiii-hermana-antonia-fue-designada-para-misionar-en-burundi","status":"publish","type":"post","link":"http:\/\/hoycordobaweb.com\/index.php\/2024\/04\/23\/la-superiora-del-hogar-juan-xxiii-hermana-antonia-fue-designada-para-misionar-en-burundi\/","title":{"rendered":"La Superiora del Hogar Juan XXIII, Hermana Antonia, fue designada para misionar en Burundi"},"content":{"rendered":"<p>Viajar\u00e1 a \u00c1frica en julio. Su destino es un hogar de ni\u00f1os hu\u00e9rfanos en un lugar que tiene necesidades b\u00e1sicas. Lanzaron una campa\u00f1a para comprarles agua. \u00bfQui\u00e9n quedar\u00e1 a cargo del asilo caroyense?<img src=\"http:\/\/hoycordobaweb.com\/wp-content\/uploads\/2024\/04\/la-superiora-del-hogar-juan-xxiii-hermana-antonia-fue-designada-para-misionar-en-burundi.png\"><\/p>\n","protected":false},"excerpt":{"rendered":"<p>Viajar\u00e1 a \u00c1frica en julio. Su destino es un hogar de ni\u00f1os hu\u00e9rfanos en un lugar que tiene necesidades b\u00e1sicas. Lanzaron una campa\u00f1a para comprarles agua. \u00bfQui\u00e9n quedar\u00e1 a cargo del asilo caroyense?<\/p>\n","protected":false},"author":1,"featured_media":76526,"comment_status":"closed","ping_status":"closed","sticky":false,"template":"","format":"standard","meta":[],"categories":[18],"tags":[],"_links":{"self":[{"href":"http:\/\/hoycordobaweb.com\/index.php\/wp-json\/wp\/v2\/posts\/76525"}],"collection":[{"href":"http:\/\/hoycordobaweb.com\/index.php\/wp-json\/wp\/v2\/posts"}],"about":[{"href":"http:\/\/hoycordobaweb.com\/index.php\/wp-json\/wp\/v2\/types\/post"}],"author":[{"embeddable":true,"href":"http:\/\/hoycordobaweb.com\/index.php\/wp-json\/wp\/v2\/users\/1"}],"replies":[{"embeddable":true,"href":"http:\/\/hoycordobaweb.com\/index.php\/wp-json\/wp\/v2\/comments?post=76525"}],"version-history":[{"count":0,"href":"http:\/\/hoycordobaweb.com\/index.php\/wp-json\/wp\/v2\/posts\/76525\/revisions"}],"wp:featuredmedia":[{"embeddable":true,"href":"http:\/\/hoycordobaweb.com\/index.php\/wp-json\/wp\/v2\/media\/76526"}],"wp:attachment":[{"href":"http:\/\/hoycordobaweb.com\/index.php\/wp-json\/wp\/v2\/media?parent=76525"}],"wp:term":[{"taxonomy":"category","embeddable":true,"href":"http:\/\/hoycordobaweb.com\/index.php\/wp-json\/wp\/v2\/categories?post=76525"},{"taxonomy":"post_tag","embeddable":true,"href":"http:\/\/hoycordobaweb.com\/index.php\/wp-json\/wp\/v2\/tags?post=76525"}],"curies":[{"name":"wp","href":"https:\/\/api.w.org\/{rel}","templated":true}]}}