{"id":76523,"date":"2024-04-23T19:01:44","date_gmt":"2024-04-23T19:01:44","guid":{"rendered":"https:\/\/www.espinof.com\/actores-y-actrices\/hoy-odian-padre-familia-incluso-que-hace-25-anos-padres-patrick-warburton-intentaron-que-se-cancelara-serie-que-les-mantenia-economicamente"},"modified":"2024-04-23T19:01:44","modified_gmt":"2024-04-23T19:01:44","slug":"hoy-odian-padre-de-familia-incluso-mas-que-hace-25-anos-los-padres-de-patrick-warburton-intentaron-que-se-cancelara-la-serie-que-les-mantenia-economicamente","status":"publish","type":"post","link":"http:\/\/hoycordobaweb.com\/index.php\/2024\/04\/23\/hoy-odian-padre-de-familia-incluso-mas-que-hace-25-anos-los-padres-de-patrick-warburton-intentaron-que-se-cancelara-la-serie-que-les-mantenia-economicamente\/","title":{"rendered":"\u00abHoy odian Padre de familia incluso m\u00e1s que hace 25 a\u00f1os\u00bb. Los padres de Patrick Warburton intentaron que se cancelara la serie que les manten\u00eda econ\u00f3micamente"},"content":{"rendered":"<p>Ya ha pasado un cuarto de siglo, que se dice pronto, desde que la irreverente <a href=\"https:\/\/www.espinof.com\/tag\/padre-de-familia\">&#8216;Padre de familia&#8217;<\/a> arranc\u00f3 su andadura televisiva. 25 primaveras de s\u00e1tira, humor sin filtros e infinidad de pol\u00e9micas que, a d\u00eda de hoy, <strong>contin\u00faan levantando ampollas incluso entre las personas que menos podr\u00edamos esperar<\/strong>, y la peculiar historia que ha compartido Patrick Warburton en un evento del PaleyFest LA lo confirma.<\/p>\n<p><!-- BREAK 1 --> <\/p>\n<h2>Cosas de familia<\/h2>\n<p>Tal y como recoge <a rel=\"noopener, noreferrer\" href=\"https:\/\/people.com\/patrick-warburton-mom-wanted-family-guy-canceled-despite-money-he-gave-her-from-show-8636838?taid=66269d388c42f20001fa89f2&amp;utm_campaign=peoplemagazine&amp;utm_content=new&amp;utm_medium=social&amp;utm_source=twitter.com\">People<\/a>, el actor que presta su voz a Joe Swanson en la serie de Seth MacFarlane, sus padres <strong>han sido y siguen siendo dos grandes detractores de la producci\u00f3n<\/strong>; algo que no sorprende en absoluto si tenemos en cuenta el perfil que hace Warburton de sus progenitores.<\/p>\n<p><!-- BREAK 2 --><\/p>\n<blockquote><p>\u00abHoy odian el programa incluso m\u00e1s que hace 25 a\u00f1os. Mi padre estuvo en un monasterio durante tres meses. Casi se convierte en monje&#8230; Mi madre repart\u00eda panfletos por el vecindario cuando yo ten\u00eda 13 a\u00f1os hablando de los pecados de la masturbaci\u00f3n, lo que no me hizo ganar popularidad. As\u00ed que odian el programa\u00bb.<\/p><\/blockquote>\n<div class=\"article-asset article-asset-normal article-asset-center\">\n<div class=\"desvio-container\">\n<div class=\"desvio\">\n<div class=\"desvio-figure js-desvio-figure\"> <a href=\"https:\/\/www.espinof.com\/listas\/espaguetis-samurais-12-mejores-series-animacion-2023\"> <img loading=\"lazy\" alt=\"Entre espaguetis y samur\u00e1is: las 12 mejores series de animaci\u00f3n de 2023\" width=\"375\" height=\"142\" src=\"http:\/\/hoycordobaweb.com\/wp-content\/uploads\/2024\/04\/hoy-odian-padre-de-familia-incluso-mas-que-hace-25-anos-los-padres-de-patrick-warburton-intentaron-que-se-cancelara-la-serie-que-les-mantenia-economicamente.jpg\"> <\/a> <\/div><\/div><\/div>\n<\/div>\n<p>Pero ojo, porque lo que termina de convertir esta historia casi en una premisa que podr\u00eda aparecer en un cap\u00edtulo de la propia &#8216;Padre de familia&#8217; es lo que el int\u00e9rprete explic\u00f3 a continuaci\u00f3n: <strong>su madre intent\u00f3 que se cancelase el programa que le aseguraba cierta estabilidad financiera<\/strong>.<\/p>\n<p><!-- BREAK 3 --> <\/p>\n<blockquote><p>\u00abMi madre formaba parte del American Television Council y estaban intentando cancelar el programa. Yo estaba ayudando a mantener a mis padres con el dinero de Padre de familia. Ella intent\u00f3 que firmara la petici\u00f3n [para cancelar el programa]. Le dije, &#8216;Mam\u00e1, si crees que no voy a hablar de esto p\u00fablicamente, es tremendamente ir\u00f3nico. Lo odian m\u00e1s hoy en d\u00eda\u00bb.<\/p><\/blockquote>\n<p>Eso s\u00ed, Patrick Warburton <strong>contin\u00faa defendiendo a capa y espada el show<\/strong>, y le augura un buen futuro siempre y cuando contin\u00fae siendo relevante.<\/p>\n<p><!-- BREAK 4 --><\/p>\n<blockquote><p>\u00abPadre de familia es un programa que lleva 25 a\u00f1os en emisi\u00f3n. Son dibujos animados. Es s\u00e1tira. Mientras siga siendo relevante y actual y creativo, seguir\u00e1 adelante\u00bb.<\/p><\/blockquote>\n<p>En Espinof:<\/p>\n","protected":false},"excerpt":{"rendered":"<p>Ya ha pasado un cuarto de siglo, que se dice pronto, desde que la irreverente &#8216;Padre de familia&#8217; arranc\u00f3 su andadura televisiva. 25 primaveras de s\u00e1tira, humor sin filtros e infinidad de pol\u00e9micas que, a d\u00eda de hoy, contin\u00faan levantando ampollas incluso entre las personas que menos podr\u00edamos esperar, y la peculiar historia que ha [&hellip;]<\/p>\n","protected":false},"author":1,"featured_media":76524,"comment_status":"open","ping_status":"closed","sticky":false,"template":"","format":"standard","meta":[],"categories":[10],"tags":[],"_links":{"self":[{"href":"http:\/\/hoycordobaweb.com\/index.php\/wp-json\/wp\/v2\/posts\/76523"}],"collection":[{"href":"http:\/\/hoycordobaweb.com\/index.php\/wp-json\/wp\/v2\/posts"}],"about":[{"href":"http:\/\/hoycordobaweb.com\/index.php\/wp-json\/wp\/v2\/types\/post"}],"author":[{"embeddable":true,"href":"http:\/\/hoycordobaweb.com\/index.php\/wp-json\/wp\/v2\/users\/1"}],"replies":[{"embeddable":true,"href":"http:\/\/hoycordobaweb.com\/index.php\/wp-json\/wp\/v2\/comments?post=76523"}],"version-history":[{"count":0,"href":"http:\/\/hoycordobaweb.com\/index.php\/wp-json\/wp\/v2\/posts\/76523\/revisions"}],"wp:featuredmedia":[{"embeddable":true,"href":"http:\/\/hoycordobaweb.com\/index.php\/wp-json\/wp\/v2\/media\/76524"}],"wp:attachment":[{"href":"http:\/\/hoycordobaweb.com\/index.php\/wp-json\/wp\/v2\/media?parent=76523"}],"wp:term":[{"taxonomy":"category","embeddable":true,"href":"http:\/\/hoycordobaweb.com\/index.php\/wp-json\/wp\/v2\/categories?post=76523"},{"taxonomy":"post_tag","embeddable":true,"href":"http:\/\/hoycordobaweb.com\/index.php\/wp-json\/wp\/v2\/tags?post=76523"}],"curies":[{"name":"wp","href":"https:\/\/api.w.org\/{rel}","templated":true}]}}