{"id":76512,"date":"2024-04-23T12:09:26","date_gmt":"2024-04-23T12:09:26","guid":{"rendered":"https:\/\/ambiente.cba.gov.ar\/?p=22751"},"modified":"2024-04-23T12:09:26","modified_gmt":"2024-04-23T12:09:26","slug":"lanzamiento-de-la-alianza-verde-argentina","status":"publish","type":"post","link":"http:\/\/hoycordobaweb.com\/index.php\/2024\/04\/23\/lanzamiento-de-la-alianza-verde-argentina\/","title":{"rendered":"Lanzamiento de la Alianza Verde Argentina"},"content":{"rendered":"<div><img src=\"http:\/\/hoycordobaweb.com\/wp-content\/uploads\/2024\/04\/lanzamiento-de-la-alianza-verde-argentina.jpg\" class=\"ff-og-image-inserted\"><\/div>\n<ul class=\" eplus-wrapper eplus-styles-uid-f9be30\">\n<li class=\" eplus-wrapper\"><strong>Participan las provincias de C\u00f3rdoba, Misiones, Entre R\u00edos, Santa Fe, La Pampa y Jujuy<\/strong><\/li>\n<li class=\" eplus-wrapper\"><strong>En representaci\u00f3n de la Provincia de C\u00f3rdoba particip\u00f3 y firm\u00f3 la Ministra de Ambiente y Econom\u00eda Circular, Victoria Flores.<\/strong><\/li>\n<\/ul>\n<p class=\" eplus-wrapper\">La&nbsp;<strong>Alianza Verde Argentina (AVA)<\/strong>&nbsp;es un reflejo del creciente rol de los estados subnacionales como catalizadores de la acci\u00f3n clim\u00e1tica.<\/p>\n<p class=\" eplus-wrapper\">Cada una de las provincias firmantes se comprometen en abordar los desaf\u00edos ambientales y clim\u00e1ticos que atraviesa la regi\u00f3n y el pa\u00eds, trabajando coordinadamente para favorecer el cumplimiento de las metas para las contribuciones determinadas a nivel nacional.<\/p>\n<p class=\" eplus-wrapper\">Esta coalici\u00f3n de gobiernos, compuesta en primera instancia por las provincias de Misiones, Santa Fe, C\u00f3rdoba, Jujuy, La Pampa y Entre R\u00edos, tiene como objetivo sentar las bases para un futuro m\u00e1s sostenible y resiliente para los pueblos de quienes la conforman, con cooperaci\u00f3n interprovincial en la implementaci\u00f3n de pol\u00edticas ambientales y clim\u00e1ticas correspondientes.<\/p>\n<p class=\" eplus-wrapper\">En un marco solidario, y abierto a las provincias que quieran incorporarse, se busca implementar pol\u00edticas y proyectos innovadores que promuevan la sostenibilidad ambiental, la conservaci\u00f3n de los recursos naturales y una respuesta adecuada al cambio clim\u00e1tico en sus respectivas regiones.<\/p>\n<p class=\" eplus-wrapper\">Ante el escenario clim\u00e1tico global, surge la importancia de sentar en las mesas de di\u00e1logo de los foros internacionales, a los gobiernos subnacionales.<\/p>\n<p class=\" eplus-wrapper\">Esto pondr\u00e1 el foco en su participaci\u00f3n de las negociaciones; y unidos en dedicarle especial atenci\u00f3n a priorizar la puesta en valor de los servicios ambientales en los mercados globales.<\/p>\n<p class=\" eplus-wrapper\">Adem\u00e1s, las partes se comprometen a compartir conocimientos, experiencias y llevar a cabo acciones en materia de mitigaci\u00f3n y adaptaci\u00f3n al cambio clim\u00e1tico, como ser: uso de energ\u00edas limpias y renovables, planificaci\u00f3n del uso del suelo potenciando los sectores agr\u00edcolas, fortalecer la gesti\u00f3n de riesgo clim\u00e1tico en las provincias, conservaci\u00f3n de ecosistemas nativos, biodiversidad, entre otros.<\/p>\n<p class=\" eplus-wrapper\">Tambi\u00e9n a impulsar el desarrollo social, educativo y econ\u00f3mico, promoviendo la innovaci\u00f3n tecnol\u00f3gica, turismo ecol\u00f3gico, gesti\u00f3n de residuos y econom\u00eda circular.<\/p>\n<p class=\" eplus-wrapper\">Potenciar la educaci\u00f3n ambiental a trav\u00e9s de la sensibilizaci\u00f3n y promoci\u00f3n activa de todos los ciudadanos fortaleciendo la implementaci\u00f3n de la Ley Nacional n\u00b0 27.621, de Educaci\u00f3n Ambiental Integral, y n\u00b0 27.592 -conocida como ley Yolanda- para la formaci\u00f3n integral en ambiente, con perspectiva de desarrollo sostenible y con especial \u00e9nfasis en el cambio clim\u00e1tico, para las personas que se desempe\u00f1en en la funci\u00f3n p\u00fablica.<\/p>\n<p class=\" eplus-wrapper\">Al respecto, la ministra Victoria Flores, quien suscribi\u00f3 la incorporaci\u00f3n de C\u00f3rdoba a esta alianza, expres\u00f3: \u201c<em>Ante la realidad del cambio clim\u00e1tico en el mundo la salida de esta situaci\u00f3n es colectiva, por eso en el d\u00eda de la tierra y desde el interior aparece esta alianza para trabajar en conjunto por nuestra casa com\u00fan<\/em>\u201d.<\/p>\n","protected":false},"excerpt":{"rendered":"<p>Participan las provincias de C\u00f3rdoba, Misiones, Entre R\u00edos, Santa Fe, La Pampa y Jujuy En representaci\u00f3n de la Provincia de C\u00f3rdoba particip\u00f3 y firm\u00f3 la Ministra de Ambiente y Econom\u00eda Circular, Victoria Flores. La&nbsp;Alianza Verde Argentina (AVA)&nbsp;es un reflejo del creciente rol de los estados subnacionales como catalizadores de la acci\u00f3n clim\u00e1tica. Cada una de [&hellip;]<\/p>\n","protected":false},"author":1,"featured_media":76513,"comment_status":"closed","ping_status":"closed","sticky":false,"template":"","format":"standard","meta":[],"categories":[2,19],"tags":[],"_links":{"self":[{"href":"http:\/\/hoycordobaweb.com\/index.php\/wp-json\/wp\/v2\/posts\/76512"}],"collection":[{"href":"http:\/\/hoycordobaweb.com\/index.php\/wp-json\/wp\/v2\/posts"}],"about":[{"href":"http:\/\/hoycordobaweb.com\/index.php\/wp-json\/wp\/v2\/types\/post"}],"author":[{"embeddable":true,"href":"http:\/\/hoycordobaweb.com\/index.php\/wp-json\/wp\/v2\/users\/1"}],"replies":[{"embeddable":true,"href":"http:\/\/hoycordobaweb.com\/index.php\/wp-json\/wp\/v2\/comments?post=76512"}],"version-history":[{"count":0,"href":"http:\/\/hoycordobaweb.com\/index.php\/wp-json\/wp\/v2\/posts\/76512\/revisions"}],"wp:featuredmedia":[{"embeddable":true,"href":"http:\/\/hoycordobaweb.com\/index.php\/wp-json\/wp\/v2\/media\/76513"}],"wp:attachment":[{"href":"http:\/\/hoycordobaweb.com\/index.php\/wp-json\/wp\/v2\/media?parent=76512"}],"wp:term":[{"taxonomy":"category","embeddable":true,"href":"http:\/\/hoycordobaweb.com\/index.php\/wp-json\/wp\/v2\/categories?post=76512"},{"taxonomy":"post_tag","embeddable":true,"href":"http:\/\/hoycordobaweb.com\/index.php\/wp-json\/wp\/v2\/tags?post=76512"}],"curies":[{"name":"wp","href":"https:\/\/api.w.org\/{rel}","templated":true}]}}