{"id":76510,"date":"2024-04-23T12:36:10","date_gmt":"2024-04-23T12:36:10","guid":{"rendered":"https:\/\/ahora.com.ar\/show\/dolor-la-muerte-un-joven-actor-argentino-n5370549"},"modified":"2024-04-23T12:36:10","modified_gmt":"2024-04-23T12:36:10","slug":"dolor-por-la-muerte-de-un-joven-actor-argentino","status":"publish","type":"post","link":"http:\/\/hoycordobaweb.com\/index.php\/2024\/04\/23\/dolor-por-la-muerte-de-un-joven-actor-argentino\/","title":{"rendered":"Dolor por la muerte de un joven actor argentino"},"content":{"rendered":"<div><img src=\"http:\/\/hoycordobaweb.com\/wp-content\/uploads\/2024\/04\/dolor-por-la-muerte-de-un-joven-actor-argentino.png\" class=\"ff-og-image-inserted\"><\/div>\n<div id>\n<h2>Dolor por la muerte de un joven actor argentino<\/h2>\n<div contenteditable=\"false\" class=\"embed_cont type_freetext\" rel=\"freetext\" id=\"embed1786_wrap\" data-provider=\"Twitter\" readability=\"33.765397536394\">\n<p>Embed &#8211; https:\/\/publish.twitter.com\/oembed?url=https:\/\/twitter.com\/actoresprensa\/status\/1782447536990523604?ref_src=twsrc%5Etfw%7Ctwcamp%5Etweetembed%7Ctwterm%5E1782447536990523604%7Ctwgr%5E29c20212429c814ebe4293209ac5a74840697473%7Ctwcon%5Es1_&amp;ref_url=https%3A%2F%2Falpha-app.tadevel-cdn.com%2Fhostname%2Fnoticiasargentinas.com%2Fapi%2Fv1%2Fsandbox%2FPGJsb2NrcXVvdGUgY2xhc3M9InR3aXR0ZXItdHdlZXQiPjxwIGxhbmc9ImVzIiBkaXI9Imx0ciI2BRGVzcGVkaW1vcyBhIG51ZXN0cm8gYWZpbGlhZG8sIGVsIGFjdG9yIHkgZGlyZWN0b3IgTWFyaWFubyBNdWVudGUuIExsZXbDsyBhZGVsYW50ZSB1bmEgbnV0cmlkYSB0cmF5ZWN0b3JpYSBhcnTDrXN0aWNhIGVuIHRlYXRybywgY2luZSwgVFYgeSBwdWJsaWNpZGFkLiBFbiBlc3RlIGR1cm8gbW9tZW50bywgZXh0ZW5kZW1vcyBudWVzdHJhcyBtw6FzIHNpbmNlcmFzIGNvbmRvbGVuY2lhcyBhIHN1cyBmYW1pbGlhcmVzIHkgc2VyZXMgcXVlcmlkb3MuPGEgaHJlZj0iaHR0cHM6Ly90LmNvL0FCdmRxYTlodUUiPmh0dHBzOi8vdC5jby9BQnZkcWE5aHVFPC9hPiA8YSBocmVmPSJodHRwczovL3QuY28veGdoSjFxeXdJTyI2BcGljLnR3aXR0ZXIuY29tL3hnaEoxcXl3SU88L2E2BPC9wPiZtZGFzaDsgQXNvY2lhY2nDs24gQXJnZW50aW5hIGRlIEFjdG9yZXMgKEBhY3RvcmVzcHJlbnNhKSA8YSBocmVmPSJodHRwczovL3R3aXR0ZXIuY29tL2FjdG9yZXNwcmVuc2Evc3RhdHVzLzE3ODI0NDc1MzY5OTA1MjM2MDQ2FcmVmX3NyYz10d3NyYyU1RXRmdyI2BQXByaWwgMjIsIDIwMjQ8L2E2BPC9ibG9ja3F1b3RlPgo8c2NyaXB0IGFzeW5jIHNyYz0iaHR0cHM6Ly9wbGF0Zm9ybS50d2l0dGVyLmNvbS93aWRnZXRzLmpzIiBjaGFyc2V0PSJ1dGYtOCI2BPC9zY3JpcHQ2BCgo3D%3Fv%3D89de4c1dfe9cfe1c6905cdb5ad9d545ds%3D0f69225cb88911fd8f44241ac82d267c&amp;partner=&amp;hide_thread=false<span onclick=\"parent.parent.TinyMCETdcuerpo.preview_embed('embed1786')\" class=\"embed_colapse less\" id=\"embed1786_colapse\"><\/span><span onclick=\"parent.parent.TinyMCETdcuerpo.delete_embed('embed1786')\" class=\"embed_delete less\" id=\"embed1786_delete\"><\/span><\/p>\n<div id=\"embed1786_content\" class=\"embed_content\">\n<div id=\"embed1786_embed\" readability=\"7.8997326203209\">\n<blockquote data-td-script-src=\"https:\/\/platform.twitter.com\/widgets.js\" class=\"twitter-tweet\" readability=\"9.9786096256684\">\n<p dir=\"ltr\" lang=\"es\"> Despedimos a nuestro afiliado, el actor y director Mariano Muente. Llev\u00f3 adelante una nutrida trayectoria art\u00edstica en teatro, cine, TV y publicidad. En este duro momento, extendemos nuestras m\u00e1s sinceras condolencias a sus familiares y seres queridos.<a href=\"https:\/\/t.co\/ABvdqa9huE\">https:\/\/t.co\/ABvdqa9huE<\/a> <a href=\"https:\/\/t.co\/xghJ1qywIO\">pic.twitter.com\/xghJ1qywIO<\/a><\/p>\n<p> \u2014 Asociaci\u00f3n Argentina de Actores (@actoresprensa) <a href=\"https:\/\/twitter.com\/actoresprensa\/status\/1782447536990523604?ref_src=twsrc%5Etfw\">April 22, 2024<\/a><\/p><\/blockquote>\n<\/div><\/div><\/div>\n<p>Naci\u00f3 el 23 de enero de 1972. Falleci\u00f3 el 18 de abril de 2024. Estudi\u00f3 actuaci\u00f3n, direcci\u00f3n y puesta en escena en el estudio de Augusto Fernandes. Adem\u00e1s, se form\u00f3 en clown con Marcelo Zappal\u00e1, en canto con Juan Stein y entrenamiento actoral con Diego Burzomi.<\/p>\n<\/div>\n<div id>\n<p>Su trayectoria teatral incluye t\u00edtulos como \u00abCloser\u00bb, \u00abSpamalot\u00bb, \u00abLa celebraci\u00f3n\u00bb, \u00abAcreedores\u00bb, \u00abL\u00e9s Miserables\u00bb, \u00abQuetrenquetren, Estaci\u00f3n Ilusi\u00f3n\u00bb, \u00abDe atr\u00e1s para adelante\u00bb, \u00abCasi normales\u00bb, \u00abDesde mis ojos\u00bb, \u00abDentro del bosque\u00bb, \u00abGod of carnage\u00bb, \u00abA musical evening of theatre\u00bb, \u00abEvita\u00bb, \u00abAn afternoon of tea and poetry\u00bb, \u00abRight on Broadway\u00bb, \u00abAmadeus\u00bb. Adem\u00e1s, dict\u00f3 clases de teatro y se desempe\u00f1\u00f3 como director teatral, presentando espect\u00e1culos en BAC (British Arts Centre) y The Playhouse.<\/p>\n<p>Su trabajo en televisi\u00f3n y plataformas incluye las ficciones \u00abMar\u00eda Marta, el crimen del country\u00bb, \u00abGuapas\u00bb, \u00abRingo\u00bb, \u00abPlanners\u00bb, \u00abArgentina, tierra de amor y venganza\u00bb, \u00abJard\u00edn de bronce\u00bb, \u00abFarsantes\u00bb, entre otras. En cine, particip\u00f3 en los films \u00abArrebato\u00bb y \u00ab7 vidas\u00bb.<\/p>\n<p>En la rama Publicidad, ha llevado adelante una extensa labor, participando en comerciales para reconocidas marcas como Coca Cola, Tafirol, Modo, Gallo, Burger King, Sancor Salud, Ziploc, Knorr, Veritas, Magistral, Personal, entre otras.<\/p>\n<\/div>\n","protected":false},"excerpt":{"rendered":"<p>Dolor por la muerte de un joven actor argentino Embed &#8211; https:\/\/publish.twitter.com\/oembed?url=https:\/\/twitter.com\/actoresprensa\/status\/1782447536990523604?ref_src=twsrc%5Etfw%7Ctwcamp%5Etweetembed%7Ctwterm%5E1782447536990523604%7Ctwgr%5E29c20212429c814ebe4293209ac5a74840697473%7Ctwcon%5Es1_&amp;ref_url=https%3A%2F%2Falpha-app.tadevel-cdn.com%2Fhostname%2Fnoticiasargentinas.com%2Fapi%2Fv1%2Fsandbox%2FPGJsb2NrcXVvdGUgY2xhc3M9InR3aXR0ZXItdHdlZXQiPjxwIGxhbmc9ImVzIiBkaXI9Imx0ciI2BRGVzcGVkaW1vcyBhIG51ZXN0cm8gYWZpbGlhZG8sIGVsIGFjdG9yIHkgZGlyZWN0b3IgTWFyaWFubyBNdWVudGUuIExsZXbDsyBhZGVsYW50ZSB1bmEgbnV0cmlkYSB0cmF5ZWN0b3JpYSBhcnTDrXN0aWNhIGVuIHRlYXRybywgY2luZSwgVFYgeSBwdWJsaWNpZGFkLiBFbiBlc3RlIGR1cm8gbW9tZW50bywgZXh0ZW5kZW1vcyBudWVzdHJhcyBtw6FzIHNpbmNlcmFzIGNvbmRvbGVuY2lhcyBhIHN1cyBmYW1pbGlhcmVzIHkgc2VyZXMgcXVlcmlkb3MuPGEgaHJlZj0iaHR0cHM6Ly90LmNvL0FCdmRxYTlodUUiPmh0dHBzOi8vdC5jby9BQnZkcWE5aHVFPC9hPiA8YSBocmVmPSJodHRwczovL3QuY28veGdoSjFxeXdJTyI2BcGljLnR3aXR0ZXIuY29tL3hnaEoxcXl3SU88L2E2BPC9wPiZtZGFzaDsgQXNvY2lhY2nDs24gQXJnZW50aW5hIGRlIEFjdG9yZXMgKEBhY3RvcmVzcHJlbnNhKSA8YSBocmVmPSJodHRwczovL3R3aXR0ZXIuY29tL2FjdG9yZXNwcmVuc2Evc3RhdHVzLzE3ODI0NDc1MzY5OTA1MjM2MDQ2FcmVmX3NyYz10d3NyYyU1RXRmdyI2BQXByaWwgMjIsIDIwMjQ8L2E2BPC9ibG9ja3F1b3RlPgo8c2NyaXB0IGFzeW5jIHNyYz0iaHR0cHM6Ly9wbGF0Zm9ybS50d2l0dGVyLmNvbS93aWRnZXRzLmpzIiBjaGFyc2V0PSJ1dGYtOCI2BPC9zY3JpcHQ2BCgo3D%3Fv%3D89de4c1dfe9cfe1c6905cdb5ad9d545ds%3D0f69225cb88911fd8f44241ac82d267c&amp;partner=&amp;hide_thread=false Despedimos a nuestro afiliado, el actor y director Mariano Muente. Llev\u00f3 adelante una nutrida trayectoria art\u00edstica en teatro, cine, TV y publicidad. En este duro momento, extendemos nuestras m\u00e1s sinceras condolencias a sus familiares y seres queridos.https:\/\/t.co\/ABvdqa9huE pic.twitter.com\/xghJ1qywIO \u2014 Asociaci\u00f3n Argentina de Actores [&hellip;]<\/p>\n","protected":false},"author":1,"featured_media":76511,"comment_status":"closed","ping_status":"closed","sticky":false,"template":"","format":"standard","meta":[],"categories":[10,23],"tags":[],"_links":{"self":[{"href":"http:\/\/hoycordobaweb.com\/index.php\/wp-json\/wp\/v2\/posts\/76510"}],"collection":[{"href":"http:\/\/hoycordobaweb.com\/index.php\/wp-json\/wp\/v2\/posts"}],"about":[{"href":"http:\/\/hoycordobaweb.com\/index.php\/wp-json\/wp\/v2\/types\/post"}],"author":[{"embeddable":true,"href":"http:\/\/hoycordobaweb.com\/index.php\/wp-json\/wp\/v2\/users\/1"}],"replies":[{"embeddable":true,"href":"http:\/\/hoycordobaweb.com\/index.php\/wp-json\/wp\/v2\/comments?post=76510"}],"version-history":[{"count":0,"href":"http:\/\/hoycordobaweb.com\/index.php\/wp-json\/wp\/v2\/posts\/76510\/revisions"}],"wp:featuredmedia":[{"embeddable":true,"href":"http:\/\/hoycordobaweb.com\/index.php\/wp-json\/wp\/v2\/media\/76511"}],"wp:attachment":[{"href":"http:\/\/hoycordobaweb.com\/index.php\/wp-json\/wp\/v2\/media?parent=76510"}],"wp:term":[{"taxonomy":"category","embeddable":true,"href":"http:\/\/hoycordobaweb.com\/index.php\/wp-json\/wp\/v2\/categories?post=76510"},{"taxonomy":"post_tag","embeddable":true,"href":"http:\/\/hoycordobaweb.com\/index.php\/wp-json\/wp\/v2\/tags?post=76510"}],"curies":[{"name":"wp","href":"https:\/\/api.w.org\/{rel}","templated":true}]}}