{"id":76508,"date":"2024-04-23T19:36:49","date_gmt":"2024-04-23T19:36:49","guid":{"rendered":"https:\/\/www.trendencias.com\/sneakers\/este-modelo-exclusivo-vans-que-invertire-cara-al-verano-porque-ligeras-no-tiene-nadie"},"modified":"2024-04-23T19:36:49","modified_gmt":"2024-04-23T19:36:49","slug":"este-es-el-modelo-exclusivo-de-vans-en-el-que-invertire-de-cara-al-verano-porque-son-ligeras-y-no-las-tiene-nadie","status":"publish","type":"post","link":"http:\/\/hoycordobaweb.com\/index.php\/2024\/04\/23\/este-es-el-modelo-exclusivo-de-vans-en-el-que-invertire-de-cara-al-verano-porque-son-ligeras-y-no-las-tiene-nadie\/","title":{"rendered":"Este es el modelo exclusivo de VANS en el que invertir\u00e9 de cara al verano porque son ligeras y no las tiene nadie"},"content":{"rendered":"<p>Hasta<strong> 15 tonalidades diferentes <\/strong>y todas ellas se est\u00e1n agotando en casi todas las tallas. Las nuevas <a href=\"https:\/\/www.trendencias.com\/sneakers\/nuevo-modelo-exclusivo-vans-ultrarange-promete-agotarse-horas-diseno-nunca-visto-muy-versatil-para-nuestro-dia-a-dia\">VANS UltraRange<\/a> se presentan como el modelo m\u00e1s <strong>novedoso y exclusivo<\/strong> de la marca deportiva, cuyo \u00e9xito no hace m\u00e1s que crecer. Y es que estas zapatillas son tan ligeras que, de cara al verano, resultan de lo m\u00e1s tentadoras.<\/p>\n<p><!-- BREAK 1 --> <\/p>\n<div class=\"article-asset article-asset-normal article-asset-center\">\n<div class=\"desvio-container\">\n<div class=\"desvio\">\n<div class=\"desvio-figure js-desvio-figure\"> <a href=\"https:\/\/www.trendencias.com\/sneakers\/adios-a-samba-adidas-apuesta-gana-este-otro-modelo-zapatillas-que-ha-destronado-a-reina-sneakers\"> <img loading=\"lazy\" alt=\"Adi\u00f3s a las Samba: Adidas apuesta y gana con este otro modelo de zapatillas que ha destronado a la reina de las sneakers\" width=\"375\" height=\"142\" src=\"http:\/\/hoycordobaweb.com\/wp-content\/uploads\/2024\/04\/este-es-el-modelo-exclusivo-de-vans-en-el-que-invertire-de-cara-al-verano-porque-son-ligeras-y-no-las-tiene-nadie.jpg\"> <\/a> <\/div><\/div><\/div>\n<\/div>\n<p>Dondequiera que vayas. Las <strong>UltraRange Neo VR3<\/strong> han sido especialmente dise\u00f1adas para que puedas hacer frente a todo lo que te depare el d\u00eda. \u00bfQuieres saber m\u00e1s?<\/p>\n<p><!-- BREAK 2 --><\/p>\n<h2>Las nuevas VANS UltraRange que arrasan<\/h2>\n<div class=\"article-asset-image article-asset-normal article-asset-center\">\n<div class=\"asset-content\"> <img class=\"centro_sinmarco\" height=\"1500\" width=\"1200\" loading=\"lazy\" decoding=\"async\" sizes=\"100vw\" fetchpriority=\"high\" srcset=\"http:\/\/hoycordobaweb.com\/wp-content\/uploads\/2024\/04\/este-es-el-modelo-exclusivo-de-vans-en-el-que-invertire-de-cara-al-verano-porque-son-ligeras-y-no-las-tiene-nadie-1.jpg 450w, http:\/\/hoycordobaweb.com\/wp-content\/uploads\/2024\/04\/este-es-el-modelo-exclusivo-de-vans-en-el-que-invertire-de-cara-al-verano-porque-son-ligeras-y-no-las-tiene-nadie-4.jpg 681w, http:\/\/hoycordobaweb.com\/wp-content\/uploads\/2024\/04\/este-es-el-modelo-exclusivo-de-vans-en-el-que-invertire-de-cara-al-verano-porque-son-ligeras-y-no-las-tiene-nadie-5.jpg 1024w, http:\/\/hoycordobaweb.com\/wp-content\/uploads\/2024\/04\/este-es-el-modelo-exclusivo-de-vans-en-el-que-invertire-de-cara-al-verano-porque-son-ligeras-y-no-las-tiene-nadie-6.jpg 1366w\" src=\"http:\/\/hoycordobaweb.com\/wp-content\/uploads\/2024\/04\/este-es-el-modelo-exclusivo-de-vans-en-el-que-invertire-de-cara-al-verano-porque-son-ligeras-y-no-las-tiene-nadie-1.jpg\" alt=\"VANS\"> <noscript><img alt=\"VANS\" class=\"centro_sinmarco\" src=\"http:\/\/hoycordobaweb.com\/wp-content\/uploads\/2024\/04\/este-es-el-modelo-exclusivo-de-vans-en-el-que-invertire-de-cara-al-verano-porque-son-ligeras-y-no-las-tiene-nadie-1.jpg\"><\/noscript> <\/div>\n<\/div>\n<p>El material de las zapatillas, la suela&#8230; todo es importante y especial para conseguir que estas zapatillas sean de una calidad inmejorable. Adem\u00e1s, se alejan del cl\u00e1sico y m\u00edtico modelo de VANS, <strong>manteniendo su esencia, pero saliendo de lo m\u00e1s visto<\/strong> y yendo un paso m\u00e1s hacia lo original. Est\u00e1n fabricadas en una mezcla de cuero y tela.<\/p>\n<p><!-- BREAK 3 --> <\/p>\n<div class=\"article-asset-image article-asset-normal article-asset-center\">\n<div class=\"asset-content\"> <img class=\"centro_sinmarco\" height=\"1500\" width=\"1200\" loading=\"lazy\" decoding=\"async\" sizes=\"100vw\" fetchpriority=\"high\" srcset=\"http:\/\/hoycordobaweb.com\/wp-content\/uploads\/2024\/04\/este-es-el-modelo-exclusivo-de-vans-en-el-que-invertire-de-cara-al-verano-porque-son-ligeras-y-no-las-tiene-nadie-2.jpg 450w, http:\/\/hoycordobaweb.com\/wp-content\/uploads\/2024\/04\/este-es-el-modelo-exclusivo-de-vans-en-el-que-invertire-de-cara-al-verano-porque-son-ligeras-y-no-las-tiene-nadie-7.jpg 681w, http:\/\/hoycordobaweb.com\/wp-content\/uploads\/2024\/04\/este-es-el-modelo-exclusivo-de-vans-en-el-que-invertire-de-cara-al-verano-porque-son-ligeras-y-no-las-tiene-nadie-8.jpg 1024w, http:\/\/hoycordobaweb.com\/wp-content\/uploads\/2024\/04\/este-es-el-modelo-exclusivo-de-vans-en-el-que-invertire-de-cara-al-verano-porque-son-ligeras-y-no-las-tiene-nadie-9.jpg 1366w\" src=\"http:\/\/hoycordobaweb.com\/wp-content\/uploads\/2024\/04\/este-es-el-modelo-exclusivo-de-vans-en-el-que-invertire-de-cara-al-verano-porque-son-ligeras-y-no-las-tiene-nadie-2.jpg\" alt=\"Vn000bcey6z Alt1\"> <noscript><img alt=\"Vn000bcey6z Alt1\" class=\"centro_sinmarco\" src=\"http:\/\/hoycordobaweb.com\/wp-content\/uploads\/2024\/04\/este-es-el-modelo-exclusivo-de-vans-en-el-que-invertire-de-cara-al-verano-porque-son-ligeras-y-no-las-tiene-nadie-2.jpg\"><\/noscript> <\/div>\n<\/div>\n<p>En cuanto a la entresuela y suela, est\u00e1n compuestas por caucho natural, que se ha desarrollado y dise\u00f1ado para mantener el agarre y la durabilidad que caracteriza a VANS desde 1966. Y es que, como te hemos dicho en un principio, puedes escoger el tono que desees entre 15 diferentes, desde<strong> colores m\u00e1s oscuros y sofisticados<\/strong>, a b\u00e1sicos imprescindibles en <strong>cualquier zapatero como blancos y tonalidades suaves y atemporales<\/strong>. Su precio<a rel=\"noopener, noreferrer\" class=\"js-ecommerce\" href=\"https:\/\/www.trendencias.com\/redirect?url=https%3A%2F%2Fwww.vans.es%2Fshop%2Fes%2Fvans-es%2Fmujer-zapatillas-zapatillas-ultrarange%2Fzapatillas-surf-essentials-ultrarange-neo-vr3-vn000bcey6z&amp;category=sneakers&amp;ecomPostExpiration=everlasting&amp;postId=625970\" data-vars-affiliate-url=\"https:\/\/www.trendencias.com\/redirect?url=https%3A%2F%2Fwww.vans.es%2Fshop%2Fes%2Fvans-es%2Fmujer-zapatillas-zapatillas-ultrarange%2Fzapatillas-surf-essentials-ultrarange-neo-vr3-vn000bcey6z&amp;category=sneakers&amp;ecomPostExpiration=everlasting&amp;postId=625970\"> es de 130 euros.<\/a><\/p>\n<p><!-- BREAK 4 --> <\/p>\n","protected":false},"excerpt":{"rendered":"<p>Hasta 15 tonalidades diferentes y todas ellas se est\u00e1n agotando en casi todas las tallas. Las nuevas VANS UltraRange se presentan como el modelo m\u00e1s novedoso y exclusivo de la marca deportiva, cuyo \u00e9xito no hace m\u00e1s que crecer. Y es que estas zapatillas son tan ligeras que, de cara al verano, resultan de lo [&hellip;]<\/p>\n","protected":false},"author":1,"featured_media":76509,"comment_status":"closed","ping_status":"closed","sticky":false,"template":"","format":"standard","meta":[],"categories":[],"tags":[],"_links":{"self":[{"href":"http:\/\/hoycordobaweb.com\/index.php\/wp-json\/wp\/v2\/posts\/76508"}],"collection":[{"href":"http:\/\/hoycordobaweb.com\/index.php\/wp-json\/wp\/v2\/posts"}],"about":[{"href":"http:\/\/hoycordobaweb.com\/index.php\/wp-json\/wp\/v2\/types\/post"}],"author":[{"embeddable":true,"href":"http:\/\/hoycordobaweb.com\/index.php\/wp-json\/wp\/v2\/users\/1"}],"replies":[{"embeddable":true,"href":"http:\/\/hoycordobaweb.com\/index.php\/wp-json\/wp\/v2\/comments?post=76508"}],"version-history":[{"count":0,"href":"http:\/\/hoycordobaweb.com\/index.php\/wp-json\/wp\/v2\/posts\/76508\/revisions"}],"wp:featuredmedia":[{"embeddable":true,"href":"http:\/\/hoycordobaweb.com\/index.php\/wp-json\/wp\/v2\/media\/76509"}],"wp:attachment":[{"href":"http:\/\/hoycordobaweb.com\/index.php\/wp-json\/wp\/v2\/media?parent=76508"}],"wp:term":[{"taxonomy":"category","embeddable":true,"href":"http:\/\/hoycordobaweb.com\/index.php\/wp-json\/wp\/v2\/categories?post=76508"},{"taxonomy":"post_tag","embeddable":true,"href":"http:\/\/hoycordobaweb.com\/index.php\/wp-json\/wp\/v2\/tags?post=76508"}],"curies":[{"name":"wp","href":"https:\/\/api.w.org\/{rel}","templated":true}]}}