{"id":76496,"date":"2024-04-22T17:04:59","date_gmt":"2024-04-22T17:04:59","guid":{"rendered":"https:\/\/www.ole.com.ar\/futbol-internacional\/italia\/nuevo-entrenador-udinese-descenso-argentinos_0_pg6ZU46ccI.html"},"modified":"2024-04-22T17:04:59","modified_gmt":"2024-04-22T17:04:59","slug":"el-nuevo-dt-del-udinese-y-su-mision-de-salvarse-del-descenso-con-los-argentinos","status":"publish","type":"post","link":"http:\/\/hoycordobaweb.com\/index.php\/2024\/04\/22\/el-nuevo-dt-del-udinese-y-su-mision-de-salvarse-del-descenso-con-los-argentinos\/","title":{"rendered":"El nuevo DT del Udinese y su misi\u00f3n de salvarse del descenso con los argentinos"},"content":{"rendered":"<p><img src=\"http:\/\/hoycordobaweb.com\/wp-content\/uploads\/2024\/04\/el-nuevo-dt-del-udinese-y-su-mision-de-salvarse-del-descenso-con-los-argentinos.jpg\"><\/p>\n<p><time class=\"createDate\" datetime=\"2024-04-22T14:04:59-03:00\">22\/04\/2024 14:04hs.<\/time><\/p>\n<div id=\"storyBody\">\n<div class=\"custom-text \" readability=\"37.580097087379\">\n<p>En medio de la lucha por evitar el descenso, el Udinese anunci\u00f3 un nuevo DT que tendr\u00e1 como objetivo una dif\u00edcil tarea<strong>.<\/strong> Se trata nada m\u00e1s y nada menos que <strong><a href=\"https:\/\/www.ole.com.ar\/tema\/fabio-cannavaro.html\" title=\"Fabio Cannavaro\" alt=\"Fabio Cannavaro\" class=\"slug\" previewlistener=\"true\">Fabio Cannavaro<\/a><\/strong>, el capit\u00e1n que llev\u00f3 a Italia a ganar la Copa del Mundo en 2006. Con poca experiencia europea como entrenador, pero muchos a\u00f1os dentro del campo de juego<strong>, intentar\u00e1 comenzar a sumar puntos con la ayuda de los argentinos del plantel.<\/strong><\/p>\n<\/div>\n<div class=\"custom-text \" readability=\"41\">\n<p>Luego de la salida de Gabriele Cioffi, el club anunci\u00f3 oficialmente la contrataci\u00f3n del Cannavaro.<strong> El italiano tiene una gran cantidad de partidos dirigidos bajo el cintur\u00f3n, pero no muchos en Europa<\/strong>: dirigi\u00f3 varios equipos en Asia (GZ Evergrande, TJ Quanjian, Al-Nassr, Al-Ahli y la selecci\u00f3n de China), y solo tiene 17 partidos al mando del <strong>\ufeff<\/strong>Benevento.<\/p>\n<\/div>\n<div class=\"sc-e7b891c4-0 jPbnQF\"><img alt=\"Cannavaro es el nuevo DT del Udinese (Prensa del club).\" src=\"http:\/\/hoycordobaweb.com\/wp-content\/uploads\/2024\/04\/el-nuevo-dt-del-udinese-y-su-mision-de-salvarse-del-descenso-con-los-argentinos-2.jpg\" width=\"720\" height=\"100\" decoding=\"async\" data-nimg=\"future\" loading=\"lazy\"><span class=\"epigraphe\">Cannavaro es el nuevo DT del Udinese (Prensa del club).<\/span><\/div>\n<div class=\"custom-text \" readability=\"36\">\n<p><strong>Actualmente el conjunto italiano se encuentra en el puesto 17 y cuenta con 28 unidades en 32 partidos jugados.<\/strong> A pesar de estar fuera de la zona de descenso directo, lo salva solo la diferencia de goles: lo sigue el Frosinone (28), Sassuolo (26) y Salernitana (15).<\/p>\n<\/div>\n<div class=\"custom-text \" readability=\"35\">\n<p>Los argentinos que jugar\u00e1n bajo el mando de Cannavaro son <strong>Lautaro Gianetti, Nehu\u00e9n P\u00e9rez, Roberto Pereyra y Mart\u00edn Payero.<\/strong><\/p>\n<\/div>\n<div class=\"sc-e7b891c4-0 jPbnQF\"><img alt=\"Cannavaro es el nuevo DT del Udinese (Prensa del club).\" src=\"http:\/\/hoycordobaweb.com\/wp-content\/uploads\/2024\/04\/el-nuevo-dt-del-udinese-y-su-mision-de-salvarse-del-descenso-con-los-argentinos-3.jpg\" width=\"720\" height=\"100\" decoding=\"async\" data-nimg=\"future\" loading=\"lazy\"><span class=\"epigraphe\">Cannavaro es el nuevo DT del Udinese (Prensa del club).<\/span><\/div>\n<div class=\"custom-text \" readability=\"35\">\n<p>Actualmente tienen cinco partidos en por jugar, sumado a los minutos restantes del encuentro ante la Roma que tuvo que ser suspendido luego de que uno de los compa\u00f1eros de Paulo Dybala se descompense en el medio del campo de juego.<\/p>\n<\/div>\n<p><h2><strong>Suspendido moment\u00e1neamente el 1 a 1 ante la Roma<\/strong><\/h2>\n<\/p>\n<div class=\"custom-text \" readability=\"35\">\n<p>Evan N\u2019Dicka se descompens\u00f3 cerca del minuto 80 de partido y todos se llevaron un gran susto.<strong> El \u00e1rbitro detuvo el juego y el jugador de la Roma fue atendido por los m\u00e9dicos de forma inmediata<\/strong>. Naturalmente, al segundo todos sus compa\u00f1eros estaban al lado suyo viendo qu\u00e9 le suced\u00eda.<\/p>\n<\/div>\n<div class=\"custom-text \" readability=\"36\">\n<p>El nacido en Francia se retir\u00f3 de la cancha en camilla, aunque siempre estuvo consciente y hasta se pudo evidenciar un gesto donde marcaba que estaba bien. <strong>De todas formas, el juez Luca Pairetto decidi\u00f3 suspender el encuentro entre Udinese y Roma cuando faltaban 18 minutos para su finalizaci\u00f3n.<\/strong><\/p>\n<\/div>\n<div class=\"sc-e7b891c4-0 jPbnQF\"><img alt=\"Cannavaro es el nuevo DT del Udinese (Prensa del club).\" src=\"http:\/\/hoycordobaweb.com\/wp-content\/uploads\/2024\/04\/el-nuevo-dt-del-udinese-y-su-mision-de-salvarse-del-descenso-con-los-argentinos-4.jpg\" width=\"720\" height=\"100\" decoding=\"async\" data-nimg=\"future\" loading=\"lazy\"><span class=\"epigraphe\">Cannavaro es el nuevo DT del Udinese (Prensa del club).<\/span><\/div>\n<div class=\"custom-text \" readability=\"38\">\n<p>En cuanto a lo deportivo, al momento de la suspensi\u00f3n (72 minutos) el encuentro estaba igualado 1-1. Roberto Pereyra hab\u00eda convertido para el Udinese mientras que Romelu Lukaku hab\u00eda empatado para la Roma en el segundo tiempo. Adem\u00e1s del Tucu, los argentinos Nehu\u00e9n P\u00e9rez y Mart\u00edn Payero tambi\u00e9n fueron titulares en el local, mientras que Leandro Paredes estuvo desde el arranque en la visita y Paulo Dybala ingres\u00f3 a los 52 minutos.<\/p>\n<\/div>\n<div class=\"custom-text \" readability=\"36\">\n<p><strong>Ahora, el partido se reanudar\u00e1 el jueves 25 de abril. <\/strong>Sin embargo, la Roma parece no estar de acuerdo con esta decisi\u00f3n ya que juega contra el Bologna por la Seria A el lunes 22 y ante el Napoli el 28. <\/p>\n<\/div>\n<div type=\"embed\" class=\"sc-7ce6049-0 dwIKul\">\n<div class=\"sc-7ce6049-1 bdcBBS videoText\" id=\"contentTitleembed6acCQ1yR\" type=\"embed\"><svg fill=\"#ffffff\"><symbol id=\"play\" viewBox=\"0 0 512 512\"><path d=\"M512 256C512 397.4 397.4 512 256 512C114.6 512 0 397.4 0 256C0 114.6 114.6 0 256 0C397.4 0 512 114.6 512 256zM176 168V344C176 352.7 180.7 360.7 188.3 364.9C195.8 369.2 205.1 369 212.5 364.5L356.5 276.5C363.6 272.1 368 264.4 368 256C368 247.6 363.6 239.9 356.5 235.5L212.5 147.5C205.1 142.1 195.8 142.8 188.3 147.1C180.7 151.3 176 159.3 176 168V168z\" \/><\/symbol><use xlink:href=\"#play\" \/><\/svg><\/p>\n<div class=\"right\">\n<p>la Roma<!-- --> &#8211;<!-- --> <span>22-4-2024<\/span><\/p>\n<h2 class=\"title-vid\">El momento en que suspenden el partido de Udinese-Roma por lo sucedido con Evan N\u2019Dicka<\/h2>\n<\/div>\n<\/div>\n<p><span class=\"back\" id=\"spanBackembed6acCQ1yR\"><\/span><\/div>\n<div class=\"sc-a7166897-0 exHLBh\" readability=\"6\">\n<section readability=\"2\"><picture><img alt=\"El pacto de honor que los hinchas del Inter y el Milan mantienen desde hace 43 a\u00f1os \" src=\"http:\/\/hoycordobaweb.com\/wp-content\/uploads\/2024\/04\/el-nuevo-dt-del-udinese-y-su-mision-de-salvarse-del-descenso-con-los-argentinos-5.jpg\" width=\"290\" height=\"290\" decoding=\"async\" data-nimg=\"future\" loading=\"lazy\"><\/picture>\n<p><span>Mir\u00e1 tambi\u00e9n<\/span><\/p>\n<hr>\n<h3>El pacto de honor que los hinchas del Inter y el Milan mantienen desde hace 43 a\u00f1os <\/h3>\n<\/p>\n<\/section>\n<\/div>\n<div class=\"sc-a7166897-0 exHLBh\" readability=\"6.5\">\n<section readability=\"3\"><picture><img alt=\"Xavi explot\u00f3 contra el arbitraje por el &quot;gol fantasma&quot; y el presidente de LaLiga no se qued\u00f3 callado\" src=\"http:\/\/hoycordobaweb.com\/wp-content\/uploads\/2024\/04\/el-nuevo-dt-del-udinese-y-su-mision-de-salvarse-del-descenso-con-los-argentinos-6.jpg\" width=\"290\" height=\"290\" decoding=\"async\" data-nimg=\"future\" loading=\"lazy\"><\/picture>\n<p><span>Mir\u00e1 tambi\u00e9n<\/span><\/p>\n<hr>\n<h3>Xavi explot\u00f3 contra el arbitraje por el \u00abgol fantasma\u00bb y el presidente de LaLiga no se qued\u00f3 callado<\/h3>\n<\/p>\n<\/section>\n<\/div>\n<div class=\"sc-a7166897-0 exHLBh\" readability=\"6\">\n<section readability=\"2\"><picture><img alt=\"El grande de Alemania que hizo las cosas mal y est\u00e1 por descender\" src=\"http:\/\/hoycordobaweb.com\/wp-content\/uploads\/2024\/04\/el-nuevo-dt-del-udinese-y-su-mision-de-salvarse-del-descenso-con-los-argentinos-7.jpg\" width=\"290\" height=\"290\" decoding=\"async\" data-nimg=\"future\" loading=\"lazy\"><\/picture>\n<p><span>Mir\u00e1 tambi\u00e9n<\/span><\/p>\n<hr>\n<h3>El grande de Alemania que hizo las cosas mal y est\u00e1 por descender<\/h3>\n<\/p>\n<\/section>\n<\/div>\n<\/div>\n","protected":false},"excerpt":{"rendered":"<p>22\/04\/2024 14:04hs. En medio de la lucha por evitar el descenso, el Udinese anunci\u00f3 un nuevo DT que tendr\u00e1 como objetivo una dif\u00edcil tarea. Se trata nada m\u00e1s y nada menos que Fabio Cannavaro, el capit\u00e1n que llev\u00f3 a Italia a ganar la Copa del Mundo en 2006. Con poca experiencia europea como entrenador, pero [&hellip;]<\/p>\n","protected":false},"author":1,"featured_media":76497,"comment_status":"open","ping_status":"closed","sticky":false,"template":"","format":"standard","meta":[],"categories":[16],"tags":[],"_links":{"self":[{"href":"http:\/\/hoycordobaweb.com\/index.php\/wp-json\/wp\/v2\/posts\/76496"}],"collection":[{"href":"http:\/\/hoycordobaweb.com\/index.php\/wp-json\/wp\/v2\/posts"}],"about":[{"href":"http:\/\/hoycordobaweb.com\/index.php\/wp-json\/wp\/v2\/types\/post"}],"author":[{"embeddable":true,"href":"http:\/\/hoycordobaweb.com\/index.php\/wp-json\/wp\/v2\/users\/1"}],"replies":[{"embeddable":true,"href":"http:\/\/hoycordobaweb.com\/index.php\/wp-json\/wp\/v2\/comments?post=76496"}],"version-history":[{"count":0,"href":"http:\/\/hoycordobaweb.com\/index.php\/wp-json\/wp\/v2\/posts\/76496\/revisions"}],"wp:featuredmedia":[{"embeddable":true,"href":"http:\/\/hoycordobaweb.com\/index.php\/wp-json\/wp\/v2\/media\/76497"}],"wp:attachment":[{"href":"http:\/\/hoycordobaweb.com\/index.php\/wp-json\/wp\/v2\/media?parent=76496"}],"wp:term":[{"taxonomy":"category","embeddable":true,"href":"http:\/\/hoycordobaweb.com\/index.php\/wp-json\/wp\/v2\/categories?post=76496"},{"taxonomy":"post_tag","embeddable":true,"href":"http:\/\/hoycordobaweb.com\/index.php\/wp-json\/wp\/v2\/tags?post=76496"}],"curies":[{"name":"wp","href":"https:\/\/api.w.org\/{rel}","templated":true}]}}