{"id":76490,"date":"2024-04-22T18:42:07","date_gmt":"2024-04-22T18:42:07","guid":{"rendered":"https:\/\/www.ole.com.ar\/futbol-primera\/boca-river-polemica-var-superclasico-castrilli-copa-liga-afa_0_uaU5AZxYTg.html"},"modified":"2024-04-22T18:42:07","modified_gmt":"2024-04-22T18:42:07","slug":"castrilli-su-postura-y-la-critica-a-la-afa-por-la-polemica-en-el-superclasico","status":"publish","type":"post","link":"http:\/\/hoycordobaweb.com\/index.php\/2024\/04\/22\/castrilli-su-postura-y-la-critica-a-la-afa-por-la-polemica-en-el-superclasico\/","title":{"rendered":"Castrilli: su postura y la cr\u00edtica a la AFA por la pol\u00e9mica en el supercl\u00e1sico"},"content":{"rendered":"<p><img src=\"http:\/\/hoycordobaweb.com\/wp-content\/uploads\/2024\/04\/castrilli-su-postura-y-la-critica-a-la-afa-por-la-polemica-en-el-superclasico.jpg\"><\/p>\n<p><time class=\"createDate\" datetime=\"2024-04-22T15:42:07-03:00\">22\/04\/2024 15:42hs.<\/time><\/p>\n<div id=\"storyBody\">\n<div class=\"custom-text \" readability=\"39.084112149533\">\n<p>Una jugada tan fina, y en un marco tan importante como lo es un supercl\u00e1sico eliminatorio, no puede pasar inadvertida. Dicho y hecho, a un d\u00eda de que <strong><a href=\"https:\/\/www.ole.com.ar\/tema\/boca-juniors.html\" title=\"Boca Juniors\" alt=\"Boca Juniors\" class=\"slug\">Boca<\/a> <\/strong>eliminara a <strong><a href=\"https:\/\/www.ole.com.ar\/tema\/river-plate.html\" title=\"River Plate\" alt=\"River Plate\" class=\"slug\">River<\/a> <\/strong>de la Copa de la Liga, el gol anulado al CARP que podr\u00eda haber cambiado la historia del partido sigue en boca de todos. <strong>El \u00faltimo en dar su opini\u00f3n fue <a href=\"https:\/\/www.ole.com.ar\/tema\/castrilli.html\" title=\"Castrilli\" alt=\"Castrilli\" class=\"slug\">Javier Castrilli<\/a><\/strong>, palabra autorizada en el mundo del arbitraje, quien tom\u00f3 una postura en torno a la jugada y adem\u00e1s <strong>le hizo una dura cr\u00edtica a la AFA<\/strong> por la falta de herramientas para definir el cobro.<\/p>\n<\/div>\n<div class=\"custom-text \" readability=\"42\">\n<p><strong>\u00abPara mi no entr\u00f3, ninguna imagen demuestra claramente que la pelota haya pasado totalmente la l\u00ednea\u00bb<\/strong>, fue lo primero que marc\u00f3 el ex \u00e1rbitro en di\u00e1logo con La Red, obviamente, bas\u00e1ndose en las c\u00e1maras de la transmisi\u00f3n (\u00abninguna de las im\u00e1genes demuestra que la pelota realmente pas\u00f3 en su circunferencia\u00bb). De todos modos, advirti\u00f3 que \u00ab<strong>si no tienes las herramientas no pod\u00e9s decidir<\/strong>, y por sospecha no pod\u00e9s dar un gol creyendo que la pelota pas\u00f3\u00bb, y ah\u00ed tuvo una cr\u00edtica para hacerle al ente rector del f\u00fatbol argentino.<\/p>\n<\/div>\n<div class=\"custom-text \" readability=\"39\">\n<p>\u00abUno no entiende c\u00f3mo con el volumen de dinero que se maneja en el f\u00fatbol no colocan una c\u00e1mara para realmente dilucidar si la pelota pasa o no pasa, o el sistema autom\u00e1tico de detecci\u00f3n con el reloj, en un partido tan definitorio\u2026\u00bb, comenz\u00f3 Castrilli, quien se quej\u00f3 de que <strong>\u00abse jactan de decir que es la mejor liga del mundo y tenemos un VAR que no tiene una c\u00e1mara sobre la l\u00ednea de gol y con todas las im\u00e1genes en diagonal.<\/strong> <strong>Es un mamarracho<\/strong>\u00ab.<\/p>\n<\/div>\n<div class=\"sc-e7b891c4-0 jPbnQF\"><img alt=\"La jugada de la pol\u00e9mica desde varios \u00e1ngulos.\" src=\"http:\/\/hoycordobaweb.com\/wp-content\/uploads\/2024\/04\/castrilli-su-postura-y-la-critica-a-la-afa-por-la-polemica-en-el-superclasico-2.jpg\" width=\"720\" height=\"100\" decoding=\"async\" data-nimg=\"future\" loading=\"lazy\"><span class=\"epigraphe\">La jugada de la pol\u00e9mica desde varios \u00e1ngulos.<\/span><\/div>\n<div class=\"custom-text \" readability=\"38\">\n<p>Apuntando al costo que podr\u00eda tener implementar un sistema de detecci\u00f3n m\u00e1s avanzado, el ex refer\u00ed de 66 a\u00f1os solt\u00f3: \u00abNo termino de entender semejante desprop\u00f3sito, cu\u00e1nto cuesta colocar una c\u00e1mara m\u00e1s\u2026 En la era de la cibern\u00e9tica y las redes sociales, <strong>que te vengan a tomar por est\u00fapido diciendo que es muy caro con todos los millones de d\u00f3lares que hay en juego<\/strong>\u00ab.<\/p>\n<\/div>\n<p><h2><strong>La labor de Falc\u00f3n P\u00e9rez en el supercl\u00e1sico<\/strong><\/h2>\n<\/p>\n<div class=\"custom-text \" readability=\"40\">\n<p>En cuanto al arbitraje de <strong>Yael Falc\u00f3n P\u00e9rez<\/strong>, Castrilli tuvo una cr\u00edtica puntual para hacerle: \u00abDebi\u00f3 expulsar a Colidio por el planchazo descalificador que le peg\u00f3 a Zen\u00f3n, que es incre\u00edble, y a Figal por la patada voladora a la cintura inmediatamente antes del segundo gol de River\u00bb. Al contemplar que no tuvo nada que ver en la pol\u00e9mica, <strong>lo puntu\u00f3 con un 6, \u00abque para un \u00e1rbitro de esa categor\u00eda es muy bajo<\/strong>\u00ab.<\/p>\n<\/div>\n<div class=\"sc-e7b891c4-0 jPbnQF\"><img alt=\"Castrilli apunt\u00f3 a la AFA por la falta de herramientas que tiene el VAR.\" src=\"http:\/\/hoycordobaweb.com\/wp-content\/uploads\/2024\/04\/castrilli-su-postura-y-la-critica-a-la-afa-por-la-polemica-en-el-superclasico-3.jpg\" width=\"720\" height=\"100\" decoding=\"async\" data-nimg=\"future\" loading=\"lazy\"><span class=\"epigraphe\">Castrilli apunt\u00f3 a la AFA por la falta de herramientas que tiene el VAR.<\/span><\/div>\n<div class=\"sc-a7166897-0 exHLBh\" readability=\"6\">\n<section readability=\"2\"><picture><img alt=\"Matth\u00e4us elogi\u00f3 a Demichelis y lo postul\u00f3 para el Bayern: &quot;Me gusta su nombre...&quot;\" src=\"http:\/\/hoycordobaweb.com\/wp-content\/uploads\/2024\/04\/castrilli-su-postura-y-la-critica-a-la-afa-por-la-polemica-en-el-superclasico-4.jpg\" width=\"290\" height=\"290\" decoding=\"async\" data-nimg=\"future\" loading=\"lazy\"><\/picture>\n<p><span>Mir\u00e1 tambi\u00e9n<\/span><\/p>\n<hr>\n<h3>Matth\u00e4us elogi\u00f3 a Demichelis y lo postul\u00f3 para el Bayern: \u00abMe gusta su nombre&#8230;\u00bb<\/h3>\n<\/p>\n<\/section>\n<\/div>\n<div class=\"sc-a7166897-0 exHLBh\" readability=\"6\">\n<section readability=\"2\"><picture><img alt=\"La chicana de Marcos Rojo a River: &quot;Se vio la diferencia entre las dos hinchadas&quot;\" src=\"http:\/\/hoycordobaweb.com\/wp-content\/uploads\/2024\/04\/castrilli-su-postura-y-la-critica-a-la-afa-por-la-polemica-en-el-superclasico-5.jpg\" width=\"290\" height=\"290\" decoding=\"async\" data-nimg=\"future\" loading=\"lazy\"><\/picture>\n<p><span>Mir\u00e1 tambi\u00e9n<\/span><\/p>\n<hr>\n<h3>La chicana de Marcos Rojo a River: \u00abSe vio la diferencia entre las dos hinchadas\u00bb<\/h3>\n<\/p>\n<\/section>\n<\/div>\n<div class=\"sc-a7166897-0 exHLBh\" readability=\"6.5\">\n<section readability=\"3\"><picture><img alt=\"La ayuda del chip digital en la pelota para determinar una jugada de gol en Roma vs. Bologna\" src=\"http:\/\/hoycordobaweb.com\/wp-content\/uploads\/2024\/04\/castrilli-su-postura-y-la-critica-a-la-afa-por-la-polemica-en-el-superclasico-6.jpg\" width=\"290\" height=\"290\" decoding=\"async\" data-nimg=\"future\" loading=\"lazy\"><\/picture>\n<p><span>Mir\u00e1 tambi\u00e9n<\/span><\/p>\n<hr>\n<h3>La ayuda del chip digital en la pelota para determinar una jugada de gol en Roma vs. Bologna<\/h3>\n<\/p>\n<\/section>\n<\/div>\n<div class=\"sc-a7166897-0 exHLBh\" readability=\"6\">\n<section readability=\"2\"><picture><img alt=\"Video: \u00bfqu\u00e9 les dijo Demichelis a los \u00e1rbitros cuando termin\u00f3 el supercl\u00e1sico?\" src=\"http:\/\/hoycordobaweb.com\/wp-content\/uploads\/2024\/04\/castrilli-su-postura-y-la-critica-a-la-afa-por-la-polemica-en-el-superclasico-7.jpg\" width=\"290\" height=\"290\" decoding=\"async\" data-nimg=\"future\" loading=\"lazy\"><\/picture>\n<p><span>Mir\u00e1 tambi\u00e9n<\/span><\/p>\n<hr>\n<h3>Video: \u00bfqu\u00e9 les dijo Demichelis a los \u00e1rbitros cuando termin\u00f3 el supercl\u00e1sico?<\/h3>\n<\/p>\n<\/section>\n<\/div>\n<div class=\"sc-a7166897-0 exHLBh\" readability=\"7\">\n<section readability=\"4\"><picture><img alt=\"River, obligado a levantarse: cu\u00e1ndo juega por Libertadores y la agenda previa a ese partido\" src=\"http:\/\/hoycordobaweb.com\/wp-content\/uploads\/2024\/04\/castrilli-su-postura-y-la-critica-a-la-afa-por-la-polemica-en-el-superclasico-8.jpg\" width=\"290\" height=\"290\" decoding=\"async\" data-nimg=\"future\" loading=\"lazy\"><\/picture>\n<p><span>Mir\u00e1 tambi\u00e9n<\/span><\/p>\n<hr>\n<h3>River, obligado a levantarse: cu\u00e1ndo juega por Libertadores y la agenda previa a ese partido<\/h3>\n<\/p>\n<\/section>\n<\/div>\n<\/div>\n","protected":false},"excerpt":{"rendered":"<p>22\/04\/2024 15:42hs. Una jugada tan fina, y en un marco tan importante como lo es un supercl\u00e1sico eliminatorio, no puede pasar inadvertida. Dicho y hecho, a un d\u00eda de que Boca eliminara a River de la Copa de la Liga, el gol anulado al CARP que podr\u00eda haber cambiado la historia del partido sigue en [&hellip;]<\/p>\n","protected":false},"author":1,"featured_media":76491,"comment_status":"open","ping_status":"closed","sticky":false,"template":"","format":"standard","meta":[],"categories":[16],"tags":[],"_links":{"self":[{"href":"http:\/\/hoycordobaweb.com\/index.php\/wp-json\/wp\/v2\/posts\/76490"}],"collection":[{"href":"http:\/\/hoycordobaweb.com\/index.php\/wp-json\/wp\/v2\/posts"}],"about":[{"href":"http:\/\/hoycordobaweb.com\/index.php\/wp-json\/wp\/v2\/types\/post"}],"author":[{"embeddable":true,"href":"http:\/\/hoycordobaweb.com\/index.php\/wp-json\/wp\/v2\/users\/1"}],"replies":[{"embeddable":true,"href":"http:\/\/hoycordobaweb.com\/index.php\/wp-json\/wp\/v2\/comments?post=76490"}],"version-history":[{"count":0,"href":"http:\/\/hoycordobaweb.com\/index.php\/wp-json\/wp\/v2\/posts\/76490\/revisions"}],"wp:featuredmedia":[{"embeddable":true,"href":"http:\/\/hoycordobaweb.com\/index.php\/wp-json\/wp\/v2\/media\/76491"}],"wp:attachment":[{"href":"http:\/\/hoycordobaweb.com\/index.php\/wp-json\/wp\/v2\/media?parent=76490"}],"wp:term":[{"taxonomy":"category","embeddable":true,"href":"http:\/\/hoycordobaweb.com\/index.php\/wp-json\/wp\/v2\/categories?post=76490"},{"taxonomy":"post_tag","embeddable":true,"href":"http:\/\/hoycordobaweb.com\/index.php\/wp-json\/wp\/v2\/tags?post=76490"}],"curies":[{"name":"wp","href":"https:\/\/api.w.org\/{rel}","templated":true}]}}