{"id":76488,"date":"2024-04-22T18:59:35","date_gmt":"2024-04-22T18:59:35","guid":{"rendered":"https:\/\/www.ole.com.ar\/informacion-general\/braian-cufre-fabricio-alvarenga-velez-abuso-sexual-denuncia_0_eyWbtCobFb.html"},"modified":"2024-04-22T18:59:35","modified_gmt":"2024-04-22T18:59:35","slug":"hubo-novedades-en-la-segunda-causa-que-investiga-a-braian-cufre-por-abuso-sexual","status":"publish","type":"post","link":"http:\/\/hoycordobaweb.com\/index.php\/2024\/04\/22\/hubo-novedades-en-la-segunda-causa-que-investiga-a-braian-cufre-por-abuso-sexual\/","title":{"rendered":"Hubo novedades en la segunda causa que investiga a Braian Cufr\u00e9 por abuso sexual"},"content":{"rendered":"<p><img src=\"http:\/\/hoycordobaweb.com\/wp-content\/uploads\/2024\/04\/hubo-novedades-en-la-segunda-causa-que-investiga-a-braian-cufre-por-abuso-sexual.jpg\"><\/p>\n<p><time class=\"createDate\" datetime=\"2024-04-22T15:59:35-03:00\">22\/04\/2024 15:59hs.<\/time><\/p>\n<div id=\"storyBody\">\n<div class=\"custom-text \" readability=\"37\">\n<p><strong>Braian Cufr\u00e9<\/strong> permanece detenido con arresto domiciliario en Tucum\u00e1n tras haber sido imputado por \u00ab<strong>abuso sexual con acceso carnal agravado por participaci\u00f3n de dos o m\u00e1s personas en calidad de coautores<\/strong>\u00bb (al igual que <strong>Jos\u00e9 Florent\u00edn<\/strong>) en marzo. Sin embargo, en paralelo, <strong>es investigado por una segunda denuncia<\/strong> que radic\u00f3 otra v\u00edctima en Buenos Aires.<\/p>\n<\/div>\n<div class=\"custom-text \" readability=\"42\">\n<p>Pocos d\u00edas despu\u00e9s de que se tomara p\u00fablico conocimiento de su situaci\u00f3n procesal, <strong>el defensor fue denunciado por una ex novia<\/strong>, quien se present\u00f3 ante la Justicia para revelar que <strong>en 2017<\/strong> <strong>fue violada por el futbolista y por Fabricio Alvarenga<\/strong>, otro jugador que, en ese entonces, era parte del plantel de V\u00e9lez. Producto de su detenci\u00f3n, todav\u00eda no pudo prestar declaraci\u00f3n para dar a conocer su versi\u00f3n de los hechos con respecto a la \u00faltima acusaci\u00f3n. Sin embargo, <strong>hubo novedades en la causa que podr\u00edan complicarlo a\u00fan m\u00e1s<\/strong>.<\/p>\n<\/div>\n<div class=\"custom-text \" readability=\"38\">\n<p>En esta oportunidad, <strong>Alejandra Provitola<\/strong>, jueza que lleva adelante la causa que cursa en Buenos Aires, <strong>le solicit\u00f3 formalmente a su colega<\/strong> (que avanza con la primera denuncia en la provincia del norte del pa\u00eds) <strong>acceder al expediente para conocer en detalle de qu\u00e9 se lo acusa y qu\u00e9 pruebas hay en su contra<\/strong>. <\/p>\n<\/div>\n<div class=\"custom-text \" readability=\"36\">\n<p>Aunque por el momento esto no representa un riesgo concreto para Cufr\u00e9, en un futuro puede complicarlo dado que sus antecedentes penales podr\u00edan derivar, eventualmente, en una condena mayor.<\/p>\n<\/div>\n<div class=\"custom-text \" readability=\"36\">\n<p>A su vez, el otro implicado (que se fue de <strong>V\u00e9lez <\/strong>en 2020) actualmente viste la camiseta del <strong>Chornomorets Odesa <\/strong>de Ucrania y reside en dicho pa\u00eds. Por lo tanto, tampoco brind\u00f3 su testimonio aunque <strong>ser\u00e1 citado a indagatoria a la brevedad<\/strong>.<\/p>\n<\/div>\n<div class=\"sc-e7b891c4-0 jPbnQF\"><img alt=\"Braian Cufr\u00e9 y Fabricio Alvarenga\" src=\"http:\/\/hoycordobaweb.com\/wp-content\/uploads\/2024\/04\/hubo-novedades-en-la-segunda-causa-que-investiga-a-braian-cufre-por-abuso-sexual-2.jpg\" width=\"720\" height=\"100\" decoding=\"async\" data-nimg=\"future\" loading=\"lazy\"><span class=\"epigraphe\">Braian Cufr\u00e9 y Fabricio Alvarenga<\/span><\/div>\n<p><h2>\u00bfCu\u00e1l es la acusaci\u00f3n que pesa sobre Braian Cufr\u00e9 por la primera denuncia?<\/h2>\n<\/p>\n<div class=\"custom-text \" readability=\"39\">\n<p>De los cuatro acusados, <strong>Braian Cufr\u00e9<\/strong> es, junto a<strong> Jos\u00e9 Florent\u00edn<\/strong>, el m\u00e1s complicado. La fiscal del caso lo acus\u00f3 por abuso sexual con acceso carnal agravado por participaci\u00f3n de dos o m\u00e1s personas en calidad de coautores. Por lo tanto, <strong>podr\u00eda <\/strong>(al igual que su compa\u00f1ero) <strong>recibir de ocho a 20 a\u00f1os de prisi\u00f3n<\/strong>.<\/p>\n<\/div>\n<div class=\"sc-e7b891c4-0 jPbnQF\"><img alt=\"Futbolistas de V\u00e9lez durante la audiencia. (La Gaceta)\" src=\"http:\/\/hoycordobaweb.com\/wp-content\/uploads\/2024\/04\/hubo-novedades-en-la-segunda-causa-que-investiga-a-braian-cufre-por-abuso-sexual-3.jpg\" width=\"720\" height=\"100\" decoding=\"async\" data-nimg=\"future\" loading=\"lazy\"><span class=\"epigraphe\">Futbolistas de V\u00e9lez durante la audiencia. (La Gaceta)<\/span><\/div>\n<p><h2>La decisi\u00f3n de V\u00e9lez con los cuatro acusados<\/h2>\n<\/p>\n<div class=\"custom-text \" readability=\"38\">\n<p>Hasta el momento, <strong>V\u00e9lez <\/strong>rescindi\u00f3 el contrato de <strong>Sebasti\u00e1n Sosa<\/strong>, uno de los tres acusados. \u00abSe firm\u00f3 la desvinculaci\u00f3n del jugador. La rescisi\u00f3n del contrato es con efecto inmediato y sin m\u00e1s obligaciones para ninguna de las dos partes\u00bb, asegur\u00f3 la instituci\u00f3n d\u00edas atr\u00e1s a trav\u00e9s de un comunicado.<\/p>\n<\/div>\n<div class=\"custom-text \" readability=\"35\">\n<p>A su vez, aunque fueron apartados del plantel apenas se conoci\u00f3 la renuncia y ahora permanecen detenidos en Tucum\u00e1n, <strong>el club tambi\u00e9n suspendi\u00f3 el contrato de los otros tres acusados<\/strong>.<\/p>\n<\/div>\n<div class=\"sc-a7166897-0 exHLBh\" readability=\"6\">\n<section readability=\"2\"><picture><img alt=\"La semifinal entre Boca y Estudiantes se jugar\u00e1 el martes en C\u00f3rdoba\" src=\"http:\/\/hoycordobaweb.com\/wp-content\/uploads\/2024\/04\/hubo-novedades-en-la-segunda-causa-que-investiga-a-braian-cufre-por-abuso-sexual-4.jpg\" width=\"290\" height=\"290\" decoding=\"async\" data-nimg=\"future\" loading=\"lazy\"><\/picture>\n<p><span>Mir\u00e1 tambi\u00e9n<\/span><\/p>\n<hr>\n<h3>La semifinal entre Boca y Estudiantes se jugar\u00e1 el martes en C\u00f3rdoba<\/h3>\n<\/p>\n<\/section>\n<\/div>\n<div class=\"sc-a7166897-0 exHLBh\" readability=\"6\">\n<section readability=\"2\"><picture><img alt=\"Castrilli: su postura y la cr\u00edtica a la AFA por la pol\u00e9mica en el supercl\u00e1sico\" src=\"http:\/\/hoycordobaweb.com\/wp-content\/uploads\/2024\/04\/hubo-novedades-en-la-segunda-causa-que-investiga-a-braian-cufre-por-abuso-sexual-5.jpg\" width=\"290\" height=\"290\" decoding=\"async\" data-nimg=\"future\" loading=\"lazy\"><\/picture>\n<p><span>Mir\u00e1 tambi\u00e9n<\/span><\/p>\n<hr>\n<h3>Castrilli: su postura y la cr\u00edtica a la AFA por la pol\u00e9mica en el supercl\u00e1sico<\/h3>\n<\/p>\n<\/section>\n<\/div>\n<div class=\"sc-a7166897-0 exHLBh\" readability=\"6\">\n<section readability=\"2\"><picture><img alt=\"Ruggeri apunt\u00f3 contra Herrera por el gol de Cavani en el supercl\u00e1sico\" src=\"http:\/\/hoycordobaweb.com\/wp-content\/uploads\/2024\/04\/hubo-novedades-en-la-segunda-causa-que-investiga-a-braian-cufre-por-abuso-sexual-6.jpg\" width=\"290\" height=\"290\" decoding=\"async\" data-nimg=\"future\" loading=\"lazy\"><\/picture>\n<p><span>Mir\u00e1 tambi\u00e9n<\/span><\/p>\n<hr>\n<h3>Ruggeri apunt\u00f3 contra Herrera por el gol de Cavani en el supercl\u00e1sico<\/h3>\n<\/p>\n<\/section>\n<\/div>\n<\/div>\n","protected":false},"excerpt":{"rendered":"<p>22\/04\/2024 15:59hs. Braian Cufr\u00e9 permanece detenido con arresto domiciliario en Tucum\u00e1n tras haber sido imputado por \u00ababuso sexual con acceso carnal agravado por participaci\u00f3n de dos o m\u00e1s personas en calidad de coautores\u00bb (al igual que Jos\u00e9 Florent\u00edn) en marzo. Sin embargo, en paralelo, es investigado por una segunda denuncia que radic\u00f3 otra v\u00edctima en [&hellip;]<\/p>\n","protected":false},"author":1,"featured_media":76489,"comment_status":"open","ping_status":"closed","sticky":false,"template":"","format":"standard","meta":[],"categories":[16],"tags":[],"_links":{"self":[{"href":"http:\/\/hoycordobaweb.com\/index.php\/wp-json\/wp\/v2\/posts\/76488"}],"collection":[{"href":"http:\/\/hoycordobaweb.com\/index.php\/wp-json\/wp\/v2\/posts"}],"about":[{"href":"http:\/\/hoycordobaweb.com\/index.php\/wp-json\/wp\/v2\/types\/post"}],"author":[{"embeddable":true,"href":"http:\/\/hoycordobaweb.com\/index.php\/wp-json\/wp\/v2\/users\/1"}],"replies":[{"embeddable":true,"href":"http:\/\/hoycordobaweb.com\/index.php\/wp-json\/wp\/v2\/comments?post=76488"}],"version-history":[{"count":0,"href":"http:\/\/hoycordobaweb.com\/index.php\/wp-json\/wp\/v2\/posts\/76488\/revisions"}],"wp:featuredmedia":[{"embeddable":true,"href":"http:\/\/hoycordobaweb.com\/index.php\/wp-json\/wp\/v2\/media\/76489"}],"wp:attachment":[{"href":"http:\/\/hoycordobaweb.com\/index.php\/wp-json\/wp\/v2\/media?parent=76488"}],"wp:term":[{"taxonomy":"category","embeddable":true,"href":"http:\/\/hoycordobaweb.com\/index.php\/wp-json\/wp\/v2\/categories?post=76488"},{"taxonomy":"post_tag","embeddable":true,"href":"http:\/\/hoycordobaweb.com\/index.php\/wp-json\/wp\/v2\/tags?post=76488"}],"curies":[{"name":"wp","href":"https:\/\/api.w.org\/{rel}","templated":true}]}}