{"id":76404,"date":"2024-04-20T19:15:00","date_gmt":"2024-04-20T19:15:00","guid":{"rendered":"http:\/\/hoycordobaweb.com\/index.php\/2024\/04\/20\/en-dialogo-con-el-gobierno-pero-sin-soluciones-en-la-uba-imaginan-un-panorama-sombrio-sin-dinero-no-nos-va-a-quedar-otra-que-cerrar\/"},"modified":"2024-04-20T19:15:00","modified_gmt":"2024-04-20T19:15:00","slug":"en-dialogo-con-el-gobierno-pero-sin-soluciones-en-la-uba-imaginan-un-panorama-sombrio-sin-dinero-no-nos-va-a-quedar-otra-que-cerrar","status":"publish","type":"post","link":"http:\/\/hoycordobaweb.com\/index.php\/2024\/04\/20\/en-dialogo-con-el-gobierno-pero-sin-soluciones-en-la-uba-imaginan-un-panorama-sombrio-sin-dinero-no-nos-va-a-quedar-otra-que-cerrar\/","title":{"rendered":"En di\u00e1logo con el Gobierno pero sin soluciones, en la UBA imaginan un panorama sombr\u00edo: \u201cSin dinero, no nos va a quedar otra que cerrar\u00bb"},"content":{"rendered":"<div class=\"media_block\"><\/div>\n<p>El rector de la <strong>Universidad de Buenos Aires (UBA)<\/strong>, <strong>Ricardo Gelpi<\/strong>, dibujo un panorama sombr\u00edo para una de las&nbsp;casas&nbsp;de altos estudios&nbsp;m\u00e1s destacadas del pa\u00eds y dijo que el Gobierno pone en duda el valor de la educaci\u00f3n p\u00fablica. Ocurre d\u00edas antes de la <strong><a target=\"_blank\" href=\"https:\/\/www.perfil.com\/noticias\/politica\/salarios-gastos-de-funcionamiento-y-obras-los-reclamos-que-llevan-a-la-calle.phtml\" rel=\"noopener noreferrer\">marcha universitaria<\/a><\/strong> que se llevar\u00e1 adelante el 23 de abril.&nbsp;<\/p>\n<p>\u00abTodav\u00eda no lleg\u00f3 plata refuerzo del 2023. La plata que lleg\u00f3 para el rubro Educaci\u00f3n lleg\u00f3 enero y febrero a valores del a\u00f1o pasado y en marzo prometieron un 70% de refuerzo, pero eso todav\u00eda&nbsp;no lleg\u00f3: ahora dicen que en mayo va a llegar otro 70%\u00bb, asegur\u00f3 Gelpi este s\u00e1bado.&nbsp;<\/p>\n<p>En la semana, el di\u00e1logo que las universidades p\u00fablicas ratifican con el Gobierno Nacional se vio empa\u00f1ado por un anuncio: desde Capital Humano, expresaron que hab\u00eda <a target=\"_blank\" href=\"https:\/\/www.perfil.com\/noticias\/politica\/marcha-universitaria-el-gobierno-asegura-que-llego-a-un-consenso-y-dispuso-un-aumento-del-140.phtml\" rel=\"noopener noreferrer\"><strong>\u00abconsenso\u00bb<\/strong><\/a> con el Consejo Interuniversitario Nacional (CIN) para dar dos aumentos del 70% en gastos de funcionamiento para marzo y mayo. <strong>R\u00e1pidamente, desde la CIN dijeron que no hubo ning\u00fan acuerdo y que la marcha segu\u00eda adelante.&nbsp;<\/strong><\/p>\n<div class=\"subscription\" readability=\"6.6818181818182\">\n<p>\nEsto no le gusta a los autoritarios\n<\/p>\n<div class=\"subscription__container\" readability=\"6.1467391304348\">\n<div class=\"subscription__text-wrapper\" readability=\"31.20652173913\">\n<p>\nEl ejercicio del periodismo profesional y cr\u00edtico es un pilar fundamental de la democracia. Por eso molesta a quienes creen ser los due\u00f1os de la verdad.\n<\/p>\n<\/p><\/div>\n<\/div><\/div>\n<div>\n<figure class=\"image\"><img alt=\"20240326 Universidad de Buenos Aires (UBA)\" src=\"http:\/\/hoycordobaweb.com\/wp-content\/uploads\/2024\/04\/en-dialogo-con-el-gobierno-pero-sin-soluciones-en-la-uba-imaginan-un-panorama-sombrio-sin-dinero-no-nos-va-a-quedar-otra-que-cerrar.jpg\" loading=\"lazy\"><figcaption>Universidad de Buenos Aires (UBA)<\/figcaption><\/figure>\n<\/p><\/div>\n<p>En di\u00e1logo con&nbsp;<em>S\u00e1bado Tempran\u00edsimo <\/em>por <em>Radio Mitre<\/em>, Gelpi afirm\u00f3 que el presupuesto no alcanza. \u00abLa idea nuestra es no cerrar. Quiero pensar que el Gobierno va a modificar su conducta y nos va a dar los fondos. Si no nos dan los fondos, vamos a tener que cerrar o dejar de hacer las&nbsp;funciones que hacemos\u00bb, manifest\u00f3&nbsp;el ex decano de la Facultad de Medicina de la UBA. Y agreg\u00f3: <strong>\u00abSi no hay dinero, no nos va a quedar otra que cerrar\u00bb<\/strong>.<\/p>\n<p>Para Gelpi, sin embargo, la falta de fondos no es el \u00fanico problema, ya que el Gobierno \u00abtambi\u00e9n est\u00e1 poniendo en duda el tema de la educaci\u00f3n p\u00fablica, la salud p\u00fablica y la ciencia p\u00fablica\u00bb.<\/p>\n<h2>La UBA y el arancelamiento de estudiantes extranjeros<\/h2>\n<p>Al ser consultado sobre la cuesti\u00f3n de los estudiantes extranjeros que se forman en las universidades nacionales, Gelpi sostuvo que en la UBA s\u00f3lo significan el&nbsp;6% del universo total de alumnos y dijo que \u00abno ser\u00eda significativo para las arcas de la universidad\u00bb un abono.&nbsp;<\/p>\n<p class=\"destacadoNota\"><a target=\"_blank\" href=\"https:\/\/www.perfil.com\/noticias\/politica\/axel-kicillof-y-la-ucr-se-sumaron-al-reclamo-universitario-y-convocaron-a-participar-de-la-gran-marcha-del-23.phtml\" rel=\"noopener noreferrer\">Axel Kicillof y la UCR se sumaron al reclamo universitario y convocaron a participar de la gran marcha del 23 de abril<\/a><\/p>\n<p>Adem\u00e1s de destacar que la presencia de extranjeros \u00abes muy importante\u00bb, dijo que su aporte est\u00e1 en los impuestos \u00abporque viven en el pa\u00eds\u00bb.&nbsp;\u00abPara cambiar el r\u00e9gimen de gratuidad habr\u00eda que modificar la Constituci\u00f3n\u00bb, asegur\u00f3.&nbsp;<\/p>\n<h2>La Secretar\u00eda de Educaci\u00f3n convoc\u00f3 a una reuni\u00f3n<\/h2>\n<p>El pr\u00f3ximo 30 de abril, una semana despu\u00e9s de la marcha organizada por las universidades, el Gobierno convoc\u00f3 a las autoridades educativas. \u201cLa agenda del encuentro incluye el <strong>financiamiento, junto con los procesos de auditor\u00eda y fiscalizaci\u00f3n de las universidades<\/strong>. Adem\u00e1s, se oficializar\u00e1 el cronograma de pagos a Hospitales Universitarios\u201d, manifestaron.&nbsp;<\/p>\n<p>Esta semana, el secretario del \u00e1rea, Carlos Torrendell, volvi\u00f3 a ratificar en di\u00e1logo con <em>Radio Rivadavia<\/em> que hubo un acuerdo con las universidades, m\u00e1s all\u00e1 de la desmentida.&nbsp;\u201cMe da mucha tristeza y enojo porque es el uso de los valores de la decencia de la educaci\u00f3n para encubrir cosas que no est\u00e1n bien y que son graves, que hay que hacer de otra manera\u201d, dijo.<\/p>\n<div>\n<figure class=\"image\"><img alt=\"20240420 Grupo de 100 Profesores de la Universidad de San Andr\u00e9s firma declaraci\u00f3n en defensa de la educaci\u00f3n p\u00fablica\" src=\"http:\/\/hoycordobaweb.com\/wp-content\/uploads\/2024\/04\/en-dialogo-con-el-gobierno-pero-sin-soluciones-en-la-uba-imaginan-un-panorama-sombrio-sin-dinero-no-nos-va-a-quedar-otra-que-cerrar-1.jpg\" loading=\"lazy\"><figcaption>Grupo de 100 Profesores de la Universidad de San Andr\u00e9s firma declaraci\u00f3n en defensa de la educaci\u00f3n p\u00fablica<\/figcaption><\/figure>\n<\/p><\/div>\n<p>\u201cEn un contexto de restricci\u00f3n grande, porque se sobre imprim\u00eda y \u2018hab\u00eda para todos\u2019,&nbsp;todos tenemos que hacer un esfuerzo\u201d, pidi\u00f3 a las casas de altos estudios.&nbsp;<\/p>\n<p>Con el argumento de la \u00abmanta corta\u00bb, dijo que \u201ccada peso que le damos o si le di\u00e9ramos de m\u00e1s a universidades para hacer cosas que no son centrales, se la sacamos al 70% de la educaci\u00f3n b\u00e1sica\u201d.&nbsp;<\/p>\n<p>Seg\u00fan se supo esta semana, adem\u00e1s de universidades p\u00fablicas, tambi\u00e9n habr\u00e1 acompa\u00f1amiento de alumnos y docentes de instituciones privadas&nbsp;como la&nbsp;<strong>Universidad Argentina de la Empresa (UADE)<\/strong>&nbsp; y la <strong>Universidad de San Andr\u00e9s (UDESA)<\/strong>. En el caso de la segunda, este s\u00e1bado 100 docentes e investigadores firmaron una declaraci\u00f3n&nbsp;en defensa de la educaci\u00f3n p\u00fablica.<\/p>\n<p>Gi<\/p>\n<div class=\"article__tags\">\n<p>En esta Nota<\/p>\n<\/p><\/div>\n","protected":false},"excerpt":{"rendered":"<p>El rector de la Universidad de Buenos Aires (UBA), Ricardo Gelpi, dibujo un panorama sombr\u00edo para una de las&nbsp;casas&nbsp;de altos estudios&nbsp;m\u00e1s destacadas del pa\u00eds y dijo que el Gobierno pone en duda el valor de la educaci\u00f3n p\u00fablica. Ocurre d\u00edas antes de la marcha universitaria que se llevar\u00e1 adelante el 23 de abril.&nbsp; \u00abTodav\u00eda no [&hellip;]<\/p>\n","protected":false},"author":1,"featured_media":76405,"comment_status":"closed","ping_status":"closed","sticky":false,"template":"","format":"standard","meta":[],"categories":[19],"tags":[98,97,99],"_links":{"self":[{"href":"http:\/\/hoycordobaweb.com\/index.php\/wp-json\/wp\/v2\/posts\/76404"}],"collection":[{"href":"http:\/\/hoycordobaweb.com\/index.php\/wp-json\/wp\/v2\/posts"}],"about":[{"href":"http:\/\/hoycordobaweb.com\/index.php\/wp-json\/wp\/v2\/types\/post"}],"author":[{"embeddable":true,"href":"http:\/\/hoycordobaweb.com\/index.php\/wp-json\/wp\/v2\/users\/1"}],"replies":[{"embeddable":true,"href":"http:\/\/hoycordobaweb.com\/index.php\/wp-json\/wp\/v2\/comments?post=76404"}],"version-history":[{"count":0,"href":"http:\/\/hoycordobaweb.com\/index.php\/wp-json\/wp\/v2\/posts\/76404\/revisions"}],"wp:featuredmedia":[{"embeddable":true,"href":"http:\/\/hoycordobaweb.com\/index.php\/wp-json\/wp\/v2\/media\/76405"}],"wp:attachment":[{"href":"http:\/\/hoycordobaweb.com\/index.php\/wp-json\/wp\/v2\/media?parent=76404"}],"wp:term":[{"taxonomy":"category","embeddable":true,"href":"http:\/\/hoycordobaweb.com\/index.php\/wp-json\/wp\/v2\/categories?post=76404"},{"taxonomy":"post_tag","embeddable":true,"href":"http:\/\/hoycordobaweb.com\/index.php\/wp-json\/wp\/v2\/tags?post=76404"}],"curies":[{"name":"wp","href":"https:\/\/api.w.org\/{rel}","templated":true}]}}