{"id":76380,"date":"2024-04-19T09:35:00","date_gmt":"2024-04-19T09:35:00","guid":{"rendered":"https:\/\/fm-comunicar.com.ar\/contenido\/21595\/pavimentan-el-acceso-a-barrio-los-alamos-y-los-colectivos-verdes-no-podran-circu"},"modified":"2024-04-19T09:35:00","modified_gmt":"2024-04-19T09:35:00","slug":"pavimentan-el-acceso-a-barrio-los-alamos-y-los-colectivos-verdes-no-podran-circular-por-ese-sector","status":"publish","type":"post","link":"http:\/\/hoycordobaweb.com\/index.php\/2024\/04\/19\/pavimentan-el-acceso-a-barrio-los-alamos-y-los-colectivos-verdes-no-podran-circular-por-ese-sector\/","title":{"rendered":"Pavimentan el acceso a barrio los \u00c1lamos y los colectivos verdes no podr\u00e1n circular por ese sector"},"content":{"rendered":"<p>La obra tendr\u00e1 un periodo de duraci\u00f3n de aproximadamente 30 d\u00edas de ejecuci\u00f3n, adem\u00e1s durante todo ese tiempo, el tr\u00e1nsito estar\u00e1 totalmente interrumpido.<img src=\"http:\/\/hoycordobaweb.com\/wp-content\/uploads\/2024\/04\/pavimentan-el-acceso-a-barrio-los-alamos-y-los-colectivos-verdes-no-podran-circular-por-ese-sector.png\"><\/p>\n","protected":false},"excerpt":{"rendered":"<p>La obra tendr\u00e1 un periodo de duraci\u00f3n de aproximadamente 30 d\u00edas de ejecuci\u00f3n, adem\u00e1s durante todo ese tiempo, el tr\u00e1nsito estar\u00e1 totalmente interrumpido.<\/p>\n","protected":false},"author":1,"featured_media":76381,"comment_status":"closed","ping_status":"closed","sticky":false,"template":"","format":"standard","meta":[],"categories":[18],"tags":[],"_links":{"self":[{"href":"http:\/\/hoycordobaweb.com\/index.php\/wp-json\/wp\/v2\/posts\/76380"}],"collection":[{"href":"http:\/\/hoycordobaweb.com\/index.php\/wp-json\/wp\/v2\/posts"}],"about":[{"href":"http:\/\/hoycordobaweb.com\/index.php\/wp-json\/wp\/v2\/types\/post"}],"author":[{"embeddable":true,"href":"http:\/\/hoycordobaweb.com\/index.php\/wp-json\/wp\/v2\/users\/1"}],"replies":[{"embeddable":true,"href":"http:\/\/hoycordobaweb.com\/index.php\/wp-json\/wp\/v2\/comments?post=76380"}],"version-history":[{"count":0,"href":"http:\/\/hoycordobaweb.com\/index.php\/wp-json\/wp\/v2\/posts\/76380\/revisions"}],"wp:featuredmedia":[{"embeddable":true,"href":"http:\/\/hoycordobaweb.com\/index.php\/wp-json\/wp\/v2\/media\/76381"}],"wp:attachment":[{"href":"http:\/\/hoycordobaweb.com\/index.php\/wp-json\/wp\/v2\/media?parent=76380"}],"wp:term":[{"taxonomy":"category","embeddable":true,"href":"http:\/\/hoycordobaweb.com\/index.php\/wp-json\/wp\/v2\/categories?post=76380"},{"taxonomy":"post_tag","embeddable":true,"href":"http:\/\/hoycordobaweb.com\/index.php\/wp-json\/wp\/v2\/tags?post=76380"}],"curies":[{"name":"wp","href":"https:\/\/api.w.org\/{rel}","templated":true}]}}