{"id":76355,"date":"2024-04-19T20:15:00","date_gmt":"2024-04-19T20:15:00","guid":{"rendered":"http:\/\/hoycordobaweb.com\/index.php\/2024\/04\/19\/losservatore-romano-de-esta-semana-cambio-climatico-desiertos-de-agua-y-naciones-en-guerra\/"},"modified":"2024-04-19T20:15:00","modified_gmt":"2024-04-19T20:15:00","slug":"losservatore-romano-de-esta-semana-cambio-climatico-desiertos-de-agua-y-naciones-en-guerra","status":"publish","type":"post","link":"http:\/\/hoycordobaweb.com\/index.php\/2024\/04\/19\/losservatore-romano-de-esta-semana-cambio-climatico-desiertos-de-agua-y-naciones-en-guerra\/","title":{"rendered":"L\u00b4Osservatore Romano de esta semana: cambio clim\u00e1tico, \u00abdesiertos de agua\u00bb y naciones en guerra"},"content":{"rendered":"<div class=\"media_block\"><\/div>\n<p>Con la mirada del coraz\u00f3n dirigida <strong>\u00aba los pueblos en guerra&#8230;, a Tierra Santa, a Palestina, a Israel&#8230;, a Ucrania, la martirizada Ucrania\u00bb<\/strong>, el <a target=\"_blank\" href=\"https:\/\/www.perfil.com\/noticias\/politica\/papa-francisco-de-que-sirve-tener-el-poder-si-se-aleja-de-la-construccion-de-sociedades-justas.phtml\" rel=\"noopener noreferrer\"><strong>Papa Francisco<\/strong><\/a> elev\u00f3 una oraci\u00f3n por los prisioneros de guerra: \u00abQue el Se\u00f1or mueva la voluntad de liberarlos a todos\u00bb, dese\u00f3 al final de la audiencia general del mi\u00e9rcoles 17 de abril. Y al&nbsp;respecto denunci\u00f3 la pr\u00e1ctica \u00abmuy fea\u00bb&nbsp;de \u00abtorturar a los prisioneros\u00bb, calific\u00e1ndola de \u00abno humana\u00bb&nbsp;e invitando a los fieles a pensar \u00aben tantas torturas que hieren la dignidad de la persona, y en tantas personas torturadas\u00bb. Estas duras exhortaciones del Papa Francisco encabezan esta nueva edici\u00f3n del <a target=\"_blank\" href=\"https:\/\/www.perfil.com\/noticias\/actualidad\/el-papa-denuncia-el-escandalo-de-un-mundo-en-el-que-las-mujeres-siguen-sufriendo-violencia.phtml\" rel=\"noopener noreferrer\"><strong>L\u00b4Osservatore Romano<\/strong><\/a> en lengua espa\u00f1ola.<\/p>\n<p>La primera plana de este centenario peri\u00f3dico oficial de la Santa Sede tambi\u00e9n contiene una urgente editorial sobre las inundaciones y sequ\u00edas provocadas por el cambio clim\u00e1tico y sus consecuencias econ\u00f3micas, sociales y ambientales. Bajo el t\u00edtulo<strong> \u201cDesiertos de agua. R\u00edos de tierra\u201d<\/strong>, la direcci\u00f3n del semanario en lengua espa\u00f1ola concluye, luego de describir situaciones extremas en todo el planeta que: \u201cPara los expertos, de hecho, el calentamiento clim\u00e1tico causado por las emisiones de gases de efecto invernadero aumenta la frecuencia y la intensidad de los fen\u00f3menos meteorol\u00f3gicos extremos. Y las repercusiones se ven tambi\u00e9n en la econom\u00eda: seg\u00fan un estudio del Potsdam institute for climate impacts research publicado en la revista cient\u00edfica <em>Nature<\/em>, <strong>a causa de la crisis clim\u00e1tica la econom\u00eda mundial est\u00e1 destinada a perder 38 billones de d\u00f3lares al a\u00f1o hasta 2050, con una reducci\u00f3n media de los ingresos de los ciudadanos del 19 por ciento<\/strong>\u00ab.<\/p>\n<div>\n<figure class=\"image\"><img alt=\"20240330 El Papa Francisco preside la vigilia pascual como parte de las celebraciones de la Semana Santa, en la Bas\u00edlica de San Pedro en el Vaticano\" src=\"http:\/\/hoycordobaweb.com\/wp-content\/uploads\/2024\/04\/losservatore-romano-de-esta-semana-cambio-climatico-desiertos-de-agua-y-naciones-en-guerra-1.jpg\" loading=\"lazy\"><lt-highlighter contenteditable=\"false\" data-lt-linked=\"1\"><lt-div class=\"lt-highlighter__wrapper\" spellcheck=\"false\"><lt-div class=\"lt-highlighter__scroll-element\"><\/lt-div><\/lt-div><\/lt-highlighter><figcaption data-gramm=\"false\" data-lt-tmp-id=\"lt-436583\" spellcheck=\"false\">Papa Francisco<\/figcaption><\/figure>\n<\/p><\/div>\n<p>Y agregaron: \u00abLas poblaciones del sur de Asia y \u00c1frica ser\u00e1n las m\u00e1s afectadas, subraya el estudio, recordando tambi\u00e9n que los pa\u00edses menos responsables de las emisiones de gases de efecto invernadero ser\u00e1n los que m\u00e1s sufrir\u00e1n, con una p\u00e9rdida de ingresos media del 60 por ciento m\u00e1s que los pa\u00edses de altos ingresos y del 40 por ciento m\u00e1s que los pa\u00edses con las mayores emisiones. De ah\u00ed el llamamiento de los cient\u00edficos a &#8216;un cambio estructural hacia un sistema de energ\u00eda renovable&#8217;, porque &#8216;permanecer en el camino que estamos recorriendo tendr\u00e1 consecuencias catastr\u00f3ficas&#8217;.<\/p>\n<div class=\"subscription\" readability=\"6.6818181818182\">\n<p>\nEsto no le gusta a los autoritarios\n<\/p>\n<div class=\"subscription__container\" readability=\"6.1467391304348\">\n<div class=\"subscription__text-wrapper\" readability=\"31.20652173913\">\n<p>\nEl ejercicio del periodismo profesional y cr\u00edtico es un pilar fundamental de la democracia. Por eso molesta a quienes creen ser los due\u00f1os de la verdad.\n<\/p>\n<\/p><\/div>\n<\/div><\/div>\n<p><strong>El Papa tambi\u00e9n pidi\u00f3 frenar la peligrosa \u201cespiral de violencia\u201d en Oriente Medio.<\/strong> El santo padre lo expres\u00f3 en voz alta al final del Regina Caeli del 14 de abril, en la Plaza de San Pedro. Asomado a mediod\u00eda a la ventana del estudio privado del Palacio Apost\u00f3lico Vaticano para el rezo de la oraci\u00f3n mariana con los fieles presentes y con quienes le segu\u00edan a trav\u00e9s de los medios de comunicaci\u00f3n, el Pont\u00edfice hab\u00eda comentado primero, como es habitual, el Evangelio dominical, centrado circunstancialmente en el episodio del encuentro del Resucitado con los disc\u00edpulos de Ema\u00fas. La meditaci\u00f3n se publica en forma completa con esta edici\u00f3n.&nbsp;<\/p>\n<p class=\"destacadoNota\"><a target=\"_blank\" href=\"https:\/\/www.perfil.com\/noticias\/actualidad\/el-papa-llamo-a-cesar-esta-espiral-de-violencia-que-puede-llevar-a-un-conflicto-mayor-en-medio-oriente.phtml\" rel=\"noopener noreferrer\">El Papa llam\u00f3 a \u00abcesar esta espiral de violencia que puede llevar a un conflicto mayor en Medio Oriente\u00bb<\/a><\/p>\n<p>Pretender \u201cestablecer, sobre la base de criterios utilitaristas y funcionales, cu\u00e1ndo una vida tiene valor y merece ser vivida\u201d puede conducir a \u201cgraves violaciones de los derechos de las personas m\u00e1s d\u00e9biles\u201d y \u201ca fuertes injusticias y desigualdades\u201d. As\u00ed lo afirm\u00f3 con rotundidad el Papa Francisco dirigi\u00e9ndose a los participantes en la asamblea plenaria de la Pontificia Academia de Ciencias Sociales -dedicada al tema \u201cDiscapacidad y condici\u00f3n humana. Cambiar los determinantes sociales de la discapacidad y construir una nueva cultura de la inclusi\u00f3n\u201d &#8211; cuyos trabajos, inaugurados el martes 9 de abril, concluyeron el d\u00eda 11. Durante la audiencia celebrada la ma\u00f1ana del jueves 11, en la Sala Clementina, el Pont\u00edfice pronunci\u00f3 el discurso que se transcribe con esta edici\u00f3n del peri\u00f3dico vaticano.<\/p>\n<p>Finalmente, el Papa Francisco&nbsp;\u00abangustiado por el conflicto en Palestina e Israel\u00bb, renueva su llamamiento de paz \u00aba quienes tienen la grave responsabilidad de gobernar las naciones\u00bb&nbsp;e insta a hacer todo lo posible para que la guerra no se extienda. En un mensaje -que se dio a conocer la tarde del viernes 12 de abril- enviado a la red Alarabiya al final del Ramad\u00e1n, el Pont\u00edfice pide una vez m\u00e1s que \u00abcese inmediatamente el fuego en la Franja de Gaza\u00bb, con el fin de hacer llegar \u00abla ayuda a la poblaci\u00f3n palestina que sufre mucho\u00bb, y que \u00abse libere a los rehenes secuestrados en octubre\u00bb.<\/p>\n<p>Gi<\/p>\n<p> <lt-toolbar contenteditable=\"false\" data-lt-adjust-appearance=\"true\" data-lt-force-appearance=\"light\"><lt-div class=\"lt-toolbar__wrapper\"><lt-div class=\"lt-toolbar__status-icon lt-toolbar__status-icon--has-no-errors\" title><\/lt-div><lt-div class=\"lt-toolbar__premium-icon-dot\"><\/lt-div><\/lt-div><\/lt-toolbar> <\/p>\n<div class=\"article__tags\">\n<p>En esta Nota<\/p>\n<\/p><\/div>\n","protected":false},"excerpt":{"rendered":"<p>Con la mirada del coraz\u00f3n dirigida \u00aba los pueblos en guerra&#8230;, a Tierra Santa, a Palestina, a Israel&#8230;, a Ucrania, la martirizada Ucrania\u00bb, el Papa Francisco elev\u00f3 una oraci\u00f3n por los prisioneros de guerra: \u00abQue el Se\u00f1or mueva la voluntad de liberarlos a todos\u00bb, dese\u00f3 al final de la audiencia general del mi\u00e9rcoles 17 de [&hellip;]<\/p>\n","protected":false},"author":1,"featured_media":76356,"comment_status":"closed","ping_status":"closed","sticky":false,"template":"","format":"standard","meta":[],"categories":[19],"tags":[96,95],"_links":{"self":[{"href":"http:\/\/hoycordobaweb.com\/index.php\/wp-json\/wp\/v2\/posts\/76355"}],"collection":[{"href":"http:\/\/hoycordobaweb.com\/index.php\/wp-json\/wp\/v2\/posts"}],"about":[{"href":"http:\/\/hoycordobaweb.com\/index.php\/wp-json\/wp\/v2\/types\/post"}],"author":[{"embeddable":true,"href":"http:\/\/hoycordobaweb.com\/index.php\/wp-json\/wp\/v2\/users\/1"}],"replies":[{"embeddable":true,"href":"http:\/\/hoycordobaweb.com\/index.php\/wp-json\/wp\/v2\/comments?post=76355"}],"version-history":[{"count":0,"href":"http:\/\/hoycordobaweb.com\/index.php\/wp-json\/wp\/v2\/posts\/76355\/revisions"}],"wp:featuredmedia":[{"embeddable":true,"href":"http:\/\/hoycordobaweb.com\/index.php\/wp-json\/wp\/v2\/media\/76356"}],"wp:attachment":[{"href":"http:\/\/hoycordobaweb.com\/index.php\/wp-json\/wp\/v2\/media?parent=76355"}],"wp:term":[{"taxonomy":"category","embeddable":true,"href":"http:\/\/hoycordobaweb.com\/index.php\/wp-json\/wp\/v2\/categories?post=76355"},{"taxonomy":"post_tag","embeddable":true,"href":"http:\/\/hoycordobaweb.com\/index.php\/wp-json\/wp\/v2\/tags?post=76355"}],"curies":[{"name":"wp","href":"https:\/\/api.w.org\/{rel}","templated":true}]}}