{"id":76333,"date":"2024-04-19T09:37:00","date_gmt":"2024-04-19T09:37:00","guid":{"rendered":"https:\/\/fm-comunicar.com.ar\/contenido\/21596\/daran-un-nuevo-curso-para-obtener-el-carnet-de-poda-de-arbolado"},"modified":"2024-04-19T09:37:00","modified_gmt":"2024-04-19T09:37:00","slug":"daran-un-nuevo-curso-para-obtener-el-carnet-de-poda-de-arbolado","status":"publish","type":"post","link":"http:\/\/hoycordobaweb.com\/index.php\/2024\/04\/19\/daran-un-nuevo-curso-para-obtener-el-carnet-de-poda-de-arbolado\/","title":{"rendered":"Dar\u00e1n un nuevo curso para obtener el carnet de poda de arbolado"},"content":{"rendered":"<p>La primera capacitaci\u00f3n ser\u00e1 el 25 de abril en la Casa de la Historia. De ese m\u00f3dulo puede participar tambi\u00e9n el p\u00fablico en general. En la nota, el link para entregarse.<img src=\"http:\/\/hoycordobaweb.com\/wp-content\/uploads\/2024\/04\/daran-un-nuevo-curso-para-obtener-el-carnet-de-poda-de-arbolado.jpg\"><\/p>\n","protected":false},"excerpt":{"rendered":"<p>La primera capacitaci\u00f3n ser\u00e1 el 25 de abril en la Casa de la Historia. De ese m\u00f3dulo puede participar tambi\u00e9n el p\u00fablico en general. En la nota, el link para entregarse.<\/p>\n","protected":false},"author":1,"featured_media":76334,"comment_status":"closed","ping_status":"closed","sticky":false,"template":"","format":"standard","meta":[],"categories":[18],"tags":[],"_links":{"self":[{"href":"http:\/\/hoycordobaweb.com\/index.php\/wp-json\/wp\/v2\/posts\/76333"}],"collection":[{"href":"http:\/\/hoycordobaweb.com\/index.php\/wp-json\/wp\/v2\/posts"}],"about":[{"href":"http:\/\/hoycordobaweb.com\/index.php\/wp-json\/wp\/v2\/types\/post"}],"author":[{"embeddable":true,"href":"http:\/\/hoycordobaweb.com\/index.php\/wp-json\/wp\/v2\/users\/1"}],"replies":[{"embeddable":true,"href":"http:\/\/hoycordobaweb.com\/index.php\/wp-json\/wp\/v2\/comments?post=76333"}],"version-history":[{"count":0,"href":"http:\/\/hoycordobaweb.com\/index.php\/wp-json\/wp\/v2\/posts\/76333\/revisions"}],"wp:featuredmedia":[{"embeddable":true,"href":"http:\/\/hoycordobaweb.com\/index.php\/wp-json\/wp\/v2\/media\/76334"}],"wp:attachment":[{"href":"http:\/\/hoycordobaweb.com\/index.php\/wp-json\/wp\/v2\/media?parent=76333"}],"wp:term":[{"taxonomy":"category","embeddable":true,"href":"http:\/\/hoycordobaweb.com\/index.php\/wp-json\/wp\/v2\/categories?post=76333"},{"taxonomy":"post_tag","embeddable":true,"href":"http:\/\/hoycordobaweb.com\/index.php\/wp-json\/wp\/v2\/tags?post=76333"}],"curies":[{"name":"wp","href":"https:\/\/api.w.org\/{rel}","templated":true}]}}