{"id":76313,"date":"2024-04-19T11:42:40","date_gmt":"2024-04-19T11:42:40","guid":{"rendered":"https:\/\/www.mujerhoy.com\/moda\/no-te-pierdas\/chalecos-punto-estampado-rayas-basicos-elegantes-stradivarius-sfera-20240419134140-nt.html"},"modified":"2024-04-19T11:42:40","modified_gmt":"2024-04-19T11:42:40","slug":"chalecos-de-punto-con-rayas-que-llevan-las-chicas-amantes-de-los-basicos-elegantes-para-vestir-a-diario","status":"publish","type":"post","link":"http:\/\/hoycordobaweb.com\/index.php\/2024\/04\/19\/chalecos-de-punto-con-rayas-que-llevan-las-chicas-amantes-de-los-basicos-elegantes-para-vestir-a-diario\/","title":{"rendered":"Chalecos de punto con rayas que llevan las chicas amantes de los b\u00e1sicos elegantes para vestir a diario"},"content":{"rendered":"<p><!-- AUTHOR --> <\/p>\n<div class=\"voc-author-timesocial \"> <!-- AUTHOR --> <\/p>\n<div class=\"voc-author-timesocial__signature\"> <!-- IMAGE AUTHOR --> <picture class=\"voc-image-signature\"> <img class=\"voc-image-signature__img\" src=\"http:\/\/hoycordobaweb.com\/wp-content\/uploads\/2024\/04\/chalecos-de-punto-con-rayas-que-llevan-las-chicas-amantes-de-los-basicos-elegantes-para-vestir-a-diario.jpg\" alt=\"Elena Olivero\"> <\/picture> <!-- INFO AUTHOR --> <\/div><\/div>\n<p> <!-- COMPONENTS --> <\/p>\n<p class=\"voc-paragraph\">Lleg\u00f3 el momento de guardar los jers\u00e9is en el fondo del armario. Ya no los sacaremos hasta que el fr\u00edo vuelva a aparecer en escena. Y, si acaso hay alg\u00fan d\u00eda de mal tiempo en esta primavera, con <a data-voc-vtm-id=\"in-text-traffic\" href=\"https:\/\/www.mujerhoy.com\/moda\/no-te-pierdas\/gabardinas-originales-tendencia-primavera-20240322094017-nt.html\">gabardinas tendencia<\/a> o chaquetas nos ser\u00e1 suficiente para abrigarnos. Sin embargo, el <strong>tejido de punto<\/strong> s\u00ed que se seguir\u00e1 llevando esta temporada. Por supuesto, se adapta al sol y a la calidez en el ambiente.\n<\/p>\n<p class=\"voc-paragraph\">Por ejemplo, las <a data-voc-vtm-id=\"in-text-traffic\" href=\"https:\/\/www.mujerhoy.com\/moda\/no-te-pierdas\/tendencia-crochet-prendas-comodas-primavera-verano-sfera-20240320132639-nt.html\">prendas de crochet<\/a> ser\u00e1n muy protagonistas. Igualmente, hay otros dise\u00f1os hechos de este textil que son fresquitas, c\u00f3modas y muy pr\u00e1cticas para vestir a diario, como los <a data-voc-vtm-id=\"in-text-traffic\" href=\"https:\/\/www.mujerhoy.com\/moda\/tendencias\/polos-estilo-tenniscore-tendencia-primavera-mango-stradivarius-20240412122542-nt.html\">polos tenniscore<\/a> que m\u00e1s se llevan o pantalones anchitos. Aunque, el favorito de las influencers m\u00e1s elegantes son estos <strong>chalecos de punto con rayas<\/strong>, perfectos para combinar con pantalones de traje e ir sencilla pero muy bien vestida.\n<\/p>\n<div class=\"voc-detail-photo-zoom\"> <picture data-toggle=\"modal\" data-target=\"#photoZoomModal-114\" target=\"modal\">\n<div class=\"voc-img-icon-link\"> <img loading=\"lazy\" src=\"http:\/\/hoycordobaweb.com\/wp-content\/uploads\/2024\/04\/chalecos-de-punto-con-rayas-que-llevan-las-chicas-amantes-de-los-basicos-elegantes-para-vestir-a-diario.webp\" width=\"650\" height=\"900\" alt=\"Chaleco de punto canal\u00e9 con rayas\"> <noscript> <img src=\"http:\/\/hoycordobaweb.com\/wp-content\/uploads\/2024\/04\/chalecos-de-punto-con-rayas-que-llevan-las-chicas-amantes-de-los-basicos-elegantes-para-vestir-a-diario.webp\" alt=\"Chaleco de punto canal\u00e9 con rayas\"> <\/noscript> <i class=\"voc-icons zoom voc-multimedia-box voc-ico-l\"><\/i> <\/div><figcaption class=\"figure-caption\">Chaleco de punto canal\u00e9 con rayas<\/figcaption><\/picture>\n<\/div>\n<div id=\"photoZoomModal-114\" class=\"voc-lightbox modal fade voc-lightbox--photo-zoom\" role=\"dialog\" data-voc-photozoom-lightbox>\n<div class=\"voc-lightbox__dialog\" role=\"document\">\n<div class=\"voc-lightbox__content\"> <!-- Modal header --> <!-- Modal content --> <\/p>\n<div class=\"voc-lightbox__photo-container\"> <picture class> <img loading=\"lazy\" src=\"http:\/\/hoycordobaweb.com\/wp-content\/uploads\/2024\/04\/chalecos-de-punto-con-rayas-que-llevan-las-chicas-amantes-de-los-basicos-elegantes-para-vestir-a-diario.webp\" alt=\"Chaleco de punto canal\u00e9 con rayas\"> <noscript> <img src=\"http:\/\/hoycordobaweb.com\/wp-content\/uploads\/2024\/04\/chalecos-de-punto-con-rayas-que-llevan-las-chicas-amantes-de-los-basicos-elegantes-para-vestir-a-diario.webp\" alt=\"Chaleco de punto canal\u00e9 con rayas\"> <\/noscript> <\/picture> <\/div><\/div><\/div>\n<\/div>\n<p><h3 class=\"voc-detail__title\"> De canal\u00e9:<br \/>\n<\/h3>\n<\/p>\n<p class=\"voc-paragraph\">Chaleco en tejido de punto canal\u00e9 con estampado de rayas, blanco y negro, de Massimo Dutti. El dise\u00f1o es entallado. Cuenta con escote de pico. Las mangas son tipo sisa. Y, tiene cierre de botones. C\u00f3mpralo a <strong>29,95 euros<\/strong>, de la XS a la XL.\n<\/p>\n<div class=\"voc-detail-photo-zoom\"> <picture data-toggle=\"modal\" data-target=\"#photoZoomModal-630\" target=\"modal\">\n<div class=\"voc-img-icon-link\"> <img loading=\"lazy\" src=\"http:\/\/hoycordobaweb.com\/wp-content\/uploads\/2024\/04\/chalecos-de-punto-con-rayas-que-llevan-las-chicas-amantes-de-los-basicos-elegantes-para-vestir-a-diario-1.webp\" width=\"650\" height=\"900\" alt=\"Chaleco de punto con rayas y escote de pico\"> <noscript> <img src=\"http:\/\/hoycordobaweb.com\/wp-content\/uploads\/2024\/04\/chalecos-de-punto-con-rayas-que-llevan-las-chicas-amantes-de-los-basicos-elegantes-para-vestir-a-diario-1.webp\" alt=\"Chaleco de punto con rayas y escote de pico\"> <\/noscript> <i class=\"voc-icons zoom voc-multimedia-box voc-ico-l\"><\/i> <\/div><figcaption class=\"figure-caption\">Chaleco de punto con rayas y escote de pico<\/figcaption><\/picture>\n<\/div>\n<div id=\"photoZoomModal-630\" class=\"voc-lightbox modal fade voc-lightbox--photo-zoom\" role=\"dialog\" data-voc-photozoom-lightbox>\n<div class=\"voc-lightbox__dialog\" role=\"document\">\n<div class=\"voc-lightbox__content\"> <!-- Modal header --> <!-- Modal content --> <\/p>\n<div class=\"voc-lightbox__photo-container\"> <picture class> <img loading=\"lazy\" src=\"http:\/\/hoycordobaweb.com\/wp-content\/uploads\/2024\/04\/chalecos-de-punto-con-rayas-que-llevan-las-chicas-amantes-de-los-basicos-elegantes-para-vestir-a-diario-1.webp\" alt=\"Chaleco de punto con rayas y escote de pico\"> <noscript> <img src=\"http:\/\/hoycordobaweb.com\/wp-content\/uploads\/2024\/04\/chalecos-de-punto-con-rayas-que-llevan-las-chicas-amantes-de-los-basicos-elegantes-para-vestir-a-diario-1.webp\" alt=\"Chaleco de punto con rayas y escote de pico\"> <\/noscript> <\/picture> <\/div><\/div><\/div>\n<\/div>\n<p><h3 class=\"voc-detail__title\"> De pico:<br \/>\n<\/h3>\n<\/p>\n<p class=\"voc-paragraph\">Chaleco de rayas en tejido de punto fino, blanco y negro, de Stradivarius. Cuenta con mangas tipo sisa. El dise\u00f1o es regular fit. Tiene acabados en canal\u00e9. Y, el escote es de pico. Lo comprar\u00e1s por <strong>17,99 euros<\/strong>, de la XS a la XL.\n<\/p>\n<div class=\"voc-detail-photo-zoom\"> <picture data-toggle=\"modal\" data-target=\"#photoZoomModal-706\" target=\"modal\">\n<div class=\"voc-img-icon-link\"> <img loading=\"lazy\" src=\"http:\/\/hoycordobaweb.com\/wp-content\/uploads\/2024\/04\/chalecos-de-punto-con-rayas-que-llevan-las-chicas-amantes-de-los-basicos-elegantes-para-vestir-a-diario-2.webp\" width=\"650\" height=\"900\" alt=\"Chaleco de punto con estampado a rayas oversize\"> <noscript> <img src=\"http:\/\/hoycordobaweb.com\/wp-content\/uploads\/2024\/04\/chalecos-de-punto-con-rayas-que-llevan-las-chicas-amantes-de-los-basicos-elegantes-para-vestir-a-diario-2.webp\" alt=\"Chaleco de punto con estampado a rayas oversize\"> <\/noscript> <i class=\"voc-icons zoom voc-multimedia-box voc-ico-l\"><\/i> <\/div><figcaption class=\"figure-caption\">Chaleco de punto con estampado a rayas oversize<\/figcaption><\/picture>\n<\/div>\n<div id=\"photoZoomModal-706\" class=\"voc-lightbox modal fade voc-lightbox--photo-zoom\" role=\"dialog\" data-voc-photozoom-lightbox>\n<div class=\"voc-lightbox__dialog\" role=\"document\">\n<div class=\"voc-lightbox__content\"> <!-- Modal header --> <!-- Modal content --> <\/p>\n<div class=\"voc-lightbox__photo-container\"> <picture class> <img loading=\"lazy\" src=\"http:\/\/hoycordobaweb.com\/wp-content\/uploads\/2024\/04\/chalecos-de-punto-con-rayas-que-llevan-las-chicas-amantes-de-los-basicos-elegantes-para-vestir-a-diario-2.webp\" alt=\"Chaleco de punto con estampado a rayas oversize\"> <noscript> <img src=\"http:\/\/hoycordobaweb.com\/wp-content\/uploads\/2024\/04\/chalecos-de-punto-con-rayas-que-llevan-las-chicas-amantes-de-los-basicos-elegantes-para-vestir-a-diario-2.webp\" alt=\"Chaleco de punto con estampado a rayas oversize\"> <\/noscript> <\/picture> <\/div><\/div><\/div>\n<\/div>\n<p><h3 class=\"voc-detail__title\"> Oversize:<br \/>\n<\/h3>\n<\/p>\n<p class=\"voc-paragraph\">Chaleco de punto con print de rayas en crudo y negro, de Stradivarius. Se trata de un dise\u00f1o overise. El corte es recto. Tiene mangas sisa. Y. cuenta con cuello redondo. Su precio es de <strong>29,99 euros<\/strong>, de la XS a al XL.\n<\/p>\n<div class=\"voc-detail-photo-zoom\"> <picture data-toggle=\"modal\" data-target=\"#photoZoomModal-316\" target=\"modal\">\n<div class=\"voc-img-icon-link\"> <img loading=\"lazy\" src=\"http:\/\/hoycordobaweb.com\/wp-content\/uploads\/2024\/04\/chalecos-de-punto-con-rayas-que-llevan-las-chicas-amantes-de-los-basicos-elegantes-para-vestir-a-diario-3.webp\" width=\"650\" height=\"900\" alt=\"Chaleco de punto trenzado con estampado de rayas\"> <noscript> <img src=\"http:\/\/hoycordobaweb.com\/wp-content\/uploads\/2024\/04\/chalecos-de-punto-con-rayas-que-llevan-las-chicas-amantes-de-los-basicos-elegantes-para-vestir-a-diario-3.webp\" alt=\"Chaleco de punto trenzado con estampado de rayas\"> <\/noscript> <i class=\"voc-icons zoom voc-multimedia-box voc-ico-l\"><\/i> <\/div><figcaption class=\"figure-caption\">Chaleco de punto trenzado con estampado de rayas<\/figcaption><\/picture>\n<\/div>\n<div id=\"photoZoomModal-316\" class=\"voc-lightbox modal fade voc-lightbox--photo-zoom\" role=\"dialog\" data-voc-photozoom-lightbox>\n<div class=\"voc-lightbox__dialog\" role=\"document\">\n<div class=\"voc-lightbox__content\"> <!-- Modal header --> <!-- Modal content --> <\/p>\n<div class=\"voc-lightbox__photo-container\"> <picture class> <img loading=\"lazy\" src=\"http:\/\/hoycordobaweb.com\/wp-content\/uploads\/2024\/04\/chalecos-de-punto-con-rayas-que-llevan-las-chicas-amantes-de-los-basicos-elegantes-para-vestir-a-diario-3.webp\" alt=\"Chaleco de punto trenzado con estampado de rayas\"> <noscript> <img src=\"http:\/\/hoycordobaweb.com\/wp-content\/uploads\/2024\/04\/chalecos-de-punto-con-rayas-que-llevan-las-chicas-amantes-de-los-basicos-elegantes-para-vestir-a-diario-3.webp\" alt=\"Chaleco de punto trenzado con estampado de rayas\"> <\/noscript> <\/picture> <\/div><\/div><\/div>\n<\/div>\n<p><h3 class=\"voc-detail__title\"> Trenzado:<br \/>\n<\/h3>\n<\/p>\n<p class=\"voc-paragraph\">Chaleco de rayas en tejido de punto trenzado bicolor, de Stradivarius. Tiene mangas sisa. El cuello es redondo. Cuenta con acabados de canal\u00e9. Y, el dise\u00f1o es regular fit. Cuesta <strong>19,99 euros<\/strong>, de la XS a la XL.\n<\/p>\n<div class=\"voc-detail-photo-zoom\"> <picture data-toggle=\"modal\" data-target=\"#photoZoomModal-516\" target=\"modal\">\n<div class=\"voc-img-icon-link\"> <img loading=\"lazy\" src=\"http:\/\/hoycordobaweb.com\/wp-content\/uploads\/2024\/04\/chalecos-de-punto-con-rayas-que-llevan-las-chicas-amantes-de-los-basicos-elegantes-para-vestir-a-diario-4.webp\" width=\"650\" height=\"900\" alt=\"Chaleco de punto con rayas y cuello marinero\"> <noscript> <img src=\"http:\/\/hoycordobaweb.com\/wp-content\/uploads\/2024\/04\/chalecos-de-punto-con-rayas-que-llevan-las-chicas-amantes-de-los-basicos-elegantes-para-vestir-a-diario-4.webp\" alt=\"Chaleco de punto con rayas y cuello marinero\"> <\/noscript> <i class=\"voc-icons zoom voc-multimedia-box voc-ico-l\"><\/i> <\/div><figcaption class=\"figure-caption\">Chaleco de punto con rayas y cuello marinero<\/figcaption><\/picture>\n<\/div>\n<div id=\"photoZoomModal-516\" class=\"voc-lightbox modal fade voc-lightbox--photo-zoom\" role=\"dialog\" data-voc-photozoom-lightbox>\n<div class=\"voc-lightbox__dialog\" role=\"document\">\n<div class=\"voc-lightbox__content\"> <!-- Modal header --> <!-- Modal content --> <\/p>\n<div class=\"voc-lightbox__photo-container\"> <picture class> <img loading=\"lazy\" src=\"http:\/\/hoycordobaweb.com\/wp-content\/uploads\/2024\/04\/chalecos-de-punto-con-rayas-que-llevan-las-chicas-amantes-de-los-basicos-elegantes-para-vestir-a-diario-4.webp\" alt=\"Chaleco de punto con rayas y cuello marinero\"> <noscript> <img src=\"http:\/\/hoycordobaweb.com\/wp-content\/uploads\/2024\/04\/chalecos-de-punto-con-rayas-que-llevan-las-chicas-amantes-de-los-basicos-elegantes-para-vestir-a-diario-4.webp\" alt=\"Chaleco de punto con rayas y cuello marinero\"> <\/noscript> <\/picture> <\/div><\/div><\/div>\n<\/div>\n<p><h3 class=\"voc-detail__title\"> Marinero:<br \/>\n<\/h3>\n<\/p>\n<p class=\"voc-paragraph\">Chaleco de punto acanalado en estampado de rayas, blanco y negro, de Etam. Cuenta con cuello marinero alto con cierre de cremallera met\u00e1lica en el delantero. El dise\u00f1o es acomodado al cuerpo. Y, tiene mangas sisa. Lo conseguir\u00e1s a <strong>25,19 euros<\/strong>, de la 2XS a la 3XL.\n<\/p>\n<div class=\"voc-detail-photo-zoom\"> <picture data-toggle=\"modal\" data-target=\"#photoZoomModal-633\" target=\"modal\">\n<div class=\"voc-img-icon-link\"> <img loading=\"lazy\" src=\"http:\/\/hoycordobaweb.com\/wp-content\/uploads\/2024\/04\/chalecos-de-punto-con-rayas-que-llevan-las-chicas-amantes-de-los-basicos-elegantes-para-vestir-a-diario-5.webp\" width=\"650\" height=\"900\" alt=\"Chaleco de punto ligero a rayas\"> <noscript> <img src=\"http:\/\/hoycordobaweb.com\/wp-content\/uploads\/2024\/04\/chalecos-de-punto-con-rayas-que-llevan-las-chicas-amantes-de-los-basicos-elegantes-para-vestir-a-diario-5.webp\" alt=\"Chaleco de punto ligero a rayas\"> <\/noscript> <i class=\"voc-icons zoom voc-multimedia-box voc-ico-l\"><\/i> <\/div><figcaption class=\"figure-caption\">Chaleco de punto ligero a rayas<\/figcaption><\/picture>\n<\/div>\n<div id=\"photoZoomModal-633\" class=\"voc-lightbox modal fade voc-lightbox--photo-zoom\" role=\"dialog\" data-voc-photozoom-lightbox>\n<div class=\"voc-lightbox__dialog\" role=\"document\">\n<div class=\"voc-lightbox__content\"> <!-- Modal header --> <!-- Modal content --> <\/p>\n<div class=\"voc-lightbox__photo-container\"> <picture class> <img loading=\"lazy\" src=\"http:\/\/hoycordobaweb.com\/wp-content\/uploads\/2024\/04\/chalecos-de-punto-con-rayas-que-llevan-las-chicas-amantes-de-los-basicos-elegantes-para-vestir-a-diario-5.webp\" alt=\"Chaleco de punto ligero a rayas\"> <noscript> <img src=\"http:\/\/hoycordobaweb.com\/wp-content\/uploads\/2024\/04\/chalecos-de-punto-con-rayas-que-llevan-las-chicas-amantes-de-los-basicos-elegantes-para-vestir-a-diario-5.webp\" alt=\"Chaleco de punto ligero a rayas\"> <\/noscript> <\/picture> <\/div><\/div><\/div>\n<\/div>\n<p><h3 class=\"voc-detail__title\"> Perlado:<br \/>\n<\/h3>\n<\/p>\n<p class=\"voc-paragraph\">Chaleco en tejido de punto perlado ligeramente calado, con rayas en blanco y negro, de Lefties. Es un dise\u00f1o recto. Tiene acabados en vuelta. Cuenta con mangas sisa. Y, el cuello es redondo. Hazte con \u00e9l a <strong>12,99 euros<\/strong>, de la XS a la XL.\n<\/p>\n<div class=\"voc-detail-photo-zoom\"> <picture data-toggle=\"modal\" data-target=\"#photoZoomModal-462\" target=\"modal\">\n<div class=\"voc-img-icon-link\"> <img loading=\"lazy\" src=\"http:\/\/hoycordobaweb.com\/wp-content\/uploads\/2024\/04\/chalecos-de-punto-con-rayas-que-llevan-las-chicas-amantes-de-los-basicos-elegantes-para-vestir-a-diario-6.webp\" width=\"650\" height=\"900\" alt=\"Chaleco de punto con rayas adornado con botones dorados\"> <noscript> <img src=\"http:\/\/hoycordobaweb.com\/wp-content\/uploads\/2024\/04\/chalecos-de-punto-con-rayas-que-llevan-las-chicas-amantes-de-los-basicos-elegantes-para-vestir-a-diario-6.webp\" alt=\"Chaleco de punto con rayas adornado con botones dorados\"> <\/noscript> <i class=\"voc-icons zoom voc-multimedia-box voc-ico-l\"><\/i> <\/div><figcaption class=\"figure-caption\">Chaleco de punto con rayas adornado con botones dorados<\/figcaption><\/picture>\n<\/div>\n<div id=\"photoZoomModal-462\" class=\"voc-lightbox modal fade voc-lightbox--photo-zoom\" role=\"dialog\" data-voc-photozoom-lightbox>\n<div class=\"voc-lightbox__dialog\" role=\"document\">\n<div class=\"voc-lightbox__content\"> <!-- Modal header --> <!-- Modal content --> <\/p>\n<div class=\"voc-lightbox__photo-container\"> <picture class> <img loading=\"lazy\" src=\"http:\/\/hoycordobaweb.com\/wp-content\/uploads\/2024\/04\/chalecos-de-punto-con-rayas-que-llevan-las-chicas-amantes-de-los-basicos-elegantes-para-vestir-a-diario-6.webp\" alt=\"Chaleco de punto con rayas adornado con botones dorados\"> <noscript> <img src=\"http:\/\/hoycordobaweb.com\/wp-content\/uploads\/2024\/04\/chalecos-de-punto-con-rayas-que-llevan-las-chicas-amantes-de-los-basicos-elegantes-para-vestir-a-diario-6.webp\" alt=\"Chaleco de punto con rayas adornado con botones dorados\"> <\/noscript> <\/picture> <\/div><\/div><\/div>\n<\/div>\n<p><h3 class=\"voc-detail__title\"> Con botones:<br \/>\n<\/h3>\n<\/p>\n<p class=\"voc-paragraph\">Chaleco de punto fino con print de rayas bicolor, de Sfera. El dise\u00f1o es regular fit, ligeramente holgado. Cuenta con mangas sisa con hombreras. Se adorna con aplique dorados en el hombro. Y, tiene cuello redondo. Est\u00e1 disponible a <strong>19,99 euros<\/strong>, en la S, M o L.\n<\/p>\n<div class=\"voc-detail-photo-zoom\"> <picture data-toggle=\"modal\" data-target=\"#photoZoomModal-257\" target=\"modal\">\n<div class=\"voc-img-icon-link\"> <img loading=\"lazy\" src=\"http:\/\/hoycordobaweb.com\/wp-content\/uploads\/2024\/04\/chalecos-de-punto-con-rayas-que-llevan-las-chicas-amantes-de-los-basicos-elegantes-para-vestir-a-diario-7.webp\" width=\"650\" height=\"900\" alt=\"Chaleco de punto a rayas con cierre de lazos\"> <noscript> <img src=\"http:\/\/hoycordobaweb.com\/wp-content\/uploads\/2024\/04\/chalecos-de-punto-con-rayas-que-llevan-las-chicas-amantes-de-los-basicos-elegantes-para-vestir-a-diario-7.webp\" alt=\"Chaleco de punto a rayas con cierre de lazos\"> <\/noscript> <i class=\"voc-icons zoom voc-multimedia-box voc-ico-l\"><\/i> <\/div><figcaption class=\"figure-caption\">Chaleco de punto a rayas con cierre de lazos<\/figcaption><\/picture>\n<\/div>\n<div id=\"photoZoomModal-257\" class=\"voc-lightbox modal fade voc-lightbox--photo-zoom\" role=\"dialog\" data-voc-photozoom-lightbox>\n<div class=\"voc-lightbox__dialog\" role=\"document\">\n<div class=\"voc-lightbox__content\"> <!-- Modal header --> <!-- Modal content --> <\/p>\n<div class=\"voc-lightbox__photo-container\"> <picture class> <img loading=\"lazy\" src=\"http:\/\/hoycordobaweb.com\/wp-content\/uploads\/2024\/04\/chalecos-de-punto-con-rayas-que-llevan-las-chicas-amantes-de-los-basicos-elegantes-para-vestir-a-diario-7.webp\" alt=\"Chaleco de punto a rayas con cierre de lazos\"> <noscript> <img src=\"http:\/\/hoycordobaweb.com\/wp-content\/uploads\/2024\/04\/chalecos-de-punto-con-rayas-que-llevan-las-chicas-amantes-de-los-basicos-elegantes-para-vestir-a-diario-7.webp\" alt=\"Chaleco de punto a rayas con cierre de lazos\"> <\/noscript> <\/picture> <\/div><\/div><\/div>\n<\/div>\n<p><h3 class=\"voc-detail__title\"> Con lazos:<br \/>\n<\/h3>\n<\/p>\n<p class=\"voc-paragraph\">Chaleco en tejido de punto con print de rayas en blanco y negro, de Asos. Cuenta con escote de pico. Las mangas son de tipo sisa. Y, el dise\u00f1o es abierto, con cierre de lazos ajustable en la parte frontal. Puedes encontrarlo por <strong>29,99 euros<\/strong>, de la XS a la L.\n<\/p>\n<div class=\"voc-detail-photo-zoom\"> <picture data-toggle=\"modal\" data-target=\"#photoZoomModal-472\" target=\"modal\">\n<div class=\"voc-img-icon-link\"> <img loading=\"lazy\" src=\"http:\/\/hoycordobaweb.com\/wp-content\/uploads\/2024\/04\/chalecos-de-punto-con-rayas-que-llevan-las-chicas-amantes-de-los-basicos-elegantes-para-vestir-a-diario-8.webp\" width=\"650\" height=\"900\" alt=\"Chaleco de punto con estampado de rayas recto\"> <noscript> <img src=\"http:\/\/hoycordobaweb.com\/wp-content\/uploads\/2024\/04\/chalecos-de-punto-con-rayas-que-llevan-las-chicas-amantes-de-los-basicos-elegantes-para-vestir-a-diario-8.webp\" alt=\"Chaleco de punto con estampado de rayas recto\"> <\/noscript> <i class=\"voc-icons zoom voc-multimedia-box voc-ico-l\"><\/i> <\/div><figcaption class=\"figure-caption\">Chaleco de punto con estampado de rayas recto<\/figcaption><\/picture>\n<\/div>\n<div id=\"photoZoomModal-472\" class=\"voc-lightbox modal fade voc-lightbox--photo-zoom\" role=\"dialog\" data-voc-photozoom-lightbox>\n<div class=\"voc-lightbox__dialog\" role=\"document\">\n<div class=\"voc-lightbox__content\"> <!-- Modal header --> <!-- Modal content --> <\/p>\n<div class=\"voc-lightbox__photo-container\"> <picture class> <img loading=\"lazy\" src=\"http:\/\/hoycordobaweb.com\/wp-content\/uploads\/2024\/04\/chalecos-de-punto-con-rayas-que-llevan-las-chicas-amantes-de-los-basicos-elegantes-para-vestir-a-diario-8.webp\" alt=\"Chaleco de punto con estampado de rayas recto\"> <noscript> <img src=\"http:\/\/hoycordobaweb.com\/wp-content\/uploads\/2024\/04\/chalecos-de-punto-con-rayas-que-llevan-las-chicas-amantes-de-los-basicos-elegantes-para-vestir-a-diario-8.webp\" alt=\"Chaleco de punto con estampado de rayas recto\"> <\/noscript> <\/picture> <\/div><\/div><\/div>\n<\/div>\n<p><h3 class=\"voc-detail__title\"> Recto:<br \/>\n<\/h3>\n<\/p>\n<p class=\"voc-paragraph\">Chaleco de punto fluido con rayas en blanco y negro, de Saint Tropez. Tiene corte ancho. El cuello es redondo. Incorpora mangas sisa. Y, cuenta con cierre de botones en el delantero. Lo comprar\u00e1s en Zalando por <strong>37,46 euros<\/strong>, de la XS a la XXL.\n<\/p>\n<div class=\"voc-detail-photo-zoom\"> <picture data-toggle=\"modal\" data-target=\"#photoZoomModal-438\" target=\"modal\">\n<div class=\"voc-img-icon-link\"> <img loading=\"lazy\" src=\"http:\/\/hoycordobaweb.com\/wp-content\/uploads\/2024\/04\/chalecos-de-punto-con-rayas-que-llevan-las-chicas-amantes-de-los-basicos-elegantes-para-vestir-a-diario-9.webp\" width=\"650\" height=\"900\" alt=\"Chaleco de punto crochet con rayas\"> <noscript> <img src=\"http:\/\/hoycordobaweb.com\/wp-content\/uploads\/2024\/04\/chalecos-de-punto-con-rayas-que-llevan-las-chicas-amantes-de-los-basicos-elegantes-para-vestir-a-diario-9.webp\" alt=\"Chaleco de punto crochet con rayas\"> <\/noscript> <i class=\"voc-icons zoom voc-multimedia-box voc-ico-l\"><\/i> <\/div><figcaption class=\"figure-caption\">Chaleco de punto crochet con rayas<\/figcaption><\/picture>\n<\/div>\n<div id=\"photoZoomModal-438\" class=\"voc-lightbox modal fade voc-lightbox--photo-zoom\" role=\"dialog\" data-voc-photozoom-lightbox>\n<div class=\"voc-lightbox__dialog\" role=\"document\">\n<div class=\"voc-lightbox__content\"> <!-- Modal header --> <!-- Modal content --> <\/p>\n<div class=\"voc-lightbox__photo-container\"> <picture class> <img loading=\"lazy\" src=\"http:\/\/hoycordobaweb.com\/wp-content\/uploads\/2024\/04\/chalecos-de-punto-con-rayas-que-llevan-las-chicas-amantes-de-los-basicos-elegantes-para-vestir-a-diario-9.webp\" alt=\"Chaleco de punto crochet con rayas\"> <noscript> <img src=\"http:\/\/hoycordobaweb.com\/wp-content\/uploads\/2024\/04\/chalecos-de-punto-con-rayas-que-llevan-las-chicas-amantes-de-los-basicos-elegantes-para-vestir-a-diario-9.webp\" alt=\"Chaleco de punto crochet con rayas\"> <\/noscript> <\/picture> <\/div><\/div><\/div>\n<\/div>\n<p><h3 class=\"voc-detail__title\"> De crochet:<br \/>\n<\/h3>\n<\/p>\n<p class=\"voc-paragraph\">Chaleco en tejido de punto crochet, con estampado de rayas bicolor, de Mango Outlet. El corte es recto y fluido. Tiene mangas sisa. Est\u00e1 ribeteado. Incorpora escote de pico. Y, cuenta con cierre de lazadas frontal. Te costar\u00e1 <strong>13,99 euros<\/strong>, de la XXS a la XXL.\n<\/p>\n<p> <!-- TOPICS --> <\/p>\n","protected":false},"excerpt":{"rendered":"<p>Lleg\u00f3 el momento de guardar los jers\u00e9is en el fondo del armario. Ya no los sacaremos hasta que el fr\u00edo vuelva a aparecer en escena. Y, si acaso hay alg\u00fan d\u00eda de mal tiempo en esta primavera, con gabardinas tendencia o chaquetas nos ser\u00e1 suficiente para abrigarnos. Sin embargo, el tejido de punto s\u00ed que [&hellip;]<\/p>\n","protected":false},"author":1,"featured_media":76314,"comment_status":"closed","ping_status":"closed","sticky":false,"template":"","format":"standard","meta":[],"categories":[],"tags":[],"_links":{"self":[{"href":"http:\/\/hoycordobaweb.com\/index.php\/wp-json\/wp\/v2\/posts\/76313"}],"collection":[{"href":"http:\/\/hoycordobaweb.com\/index.php\/wp-json\/wp\/v2\/posts"}],"about":[{"href":"http:\/\/hoycordobaweb.com\/index.php\/wp-json\/wp\/v2\/types\/post"}],"author":[{"embeddable":true,"href":"http:\/\/hoycordobaweb.com\/index.php\/wp-json\/wp\/v2\/users\/1"}],"replies":[{"embeddable":true,"href":"http:\/\/hoycordobaweb.com\/index.php\/wp-json\/wp\/v2\/comments?post=76313"}],"version-history":[{"count":0,"href":"http:\/\/hoycordobaweb.com\/index.php\/wp-json\/wp\/v2\/posts\/76313\/revisions"}],"wp:featuredmedia":[{"embeddable":true,"href":"http:\/\/hoycordobaweb.com\/index.php\/wp-json\/wp\/v2\/media\/76314"}],"wp:attachment":[{"href":"http:\/\/hoycordobaweb.com\/index.php\/wp-json\/wp\/v2\/media?parent=76313"}],"wp:term":[{"taxonomy":"category","embeddable":true,"href":"http:\/\/hoycordobaweb.com\/index.php\/wp-json\/wp\/v2\/categories?post=76313"},{"taxonomy":"post_tag","embeddable":true,"href":"http:\/\/hoycordobaweb.com\/index.php\/wp-json\/wp\/v2\/tags?post=76313"}],"curies":[{"name":"wp","href":"https:\/\/api.w.org\/{rel}","templated":true}]}}