{"id":76260,"date":"2024-04-17T19:58:00","date_gmt":"2024-04-17T19:58:00","guid":{"rendered":"http:\/\/hoycordobaweb.com\/index.php\/2024\/04\/17\/jaime-duran-barba-despues-de-milei-no-va-a-volver-a-existir-como-se-lo-concebia-el-pro-ni-jxc-ni-el-peronismo-ni-el-kirchnernismo\/"},"modified":"2024-04-17T19:58:00","modified_gmt":"2024-04-17T19:58:00","slug":"jaime-duran-barba-despues-de-milei-no-va-a-volver-a-existir-como-se-lo-concebia-el-pro-ni-jxc-ni-el-peronismo-ni-el-kirchnernismo","status":"publish","type":"post","link":"http:\/\/hoycordobaweb.com\/index.php\/2024\/04\/17\/jaime-duran-barba-despues-de-milei-no-va-a-volver-a-existir-como-se-lo-concebia-el-pro-ni-jxc-ni-el-peronismo-ni-el-kirchnernismo\/","title":{"rendered":"Jaime Duran Barba: \u00abDespu\u00e9s de Milei no va a volver a existir como se lo conceb\u00eda el PRO, ni JxC, ni el peronismo, ni el kirchnernismo\u00bb"},"content":{"rendered":"<div class=\"media_block\"><\/div>\n<p><a target=\"_blank\" href=\"https:\/\/www.perfil.com\/noticias\/politica\/jaime-duran-barba-milei-nunca-va-a-obedecer-a-mauricio-macri-no-se-obedece-ni-a-el-mismo.phtml\" rel=\"noopener noreferrer\"><strong>Jaime Duran Barba<\/strong><\/a>, el consultor pol\u00edtico y exasesor de Mauricio Macri, analiz\u00f3 la gesti\u00f3n del presidente, <a target=\"_blank\" href=\"https:\/\/www.perfil.com\/noticias\/politica\/las-duras-criticas-de-duran-barba-a-las-medidas-de-javier-milei-puede-generarse-un-estallido.phtml\" rel=\"noopener noreferrer\"><strong>Javier Milei<\/strong><\/a>&nbsp;y plante\u00f3 cambios irreversibles para las estructuras partidarias. Seg\u00fan \u00e9l, los pol\u00edticos afines a La Libertad Avanza ser\u00e1n absorbidos por el mileismo.<\/p>\n<p>\u00ab<strong>Despu\u00e9s de Milei no va a volver a existir ni el PRO, ni Juntos por el Cambio, ni el peronismo como se lo conceb\u00eda, ni el sindicalismo, ni el kirchnerismo<\/strong>\u00ab, afirm\u00f3 en di\u00e1logo con Mil cosas a la vez, con Lautaro Maislin, Ver\u00f3nica Casta\u00f1ares y Luis Bremer en FM 107.3. Para el consultor ecuatoriano&nbsp;la ministra de Seguridad, Patricia Bullrich \u00abno es m\u00e1s una dirigente del PRO, es una dirigente del mile\u00edsmo\u00bb.<\/p>\n<p>En relaci\u00f3n a la gesti\u00f3n de Milei, se\u00f1al\u00f3 pros y contras. \u201cNo se concretan cambios que se anuncian y generan conflictos a medio plazo, como <strong>la clausura de entes p\u00fablicos, que no funcionan, pero siguen vigentes<\/strong> y siguen generando gastos, que es lo que pasa con T\u00e9lam, una cosa es que se ponga un candado en la puerta y otra cosa es que no exista\u201d, cuestion\u00f3. \u201c<strong>Lo que s\u00ed logr\u00f3 Milei es una conversaci\u00f3n muy moderna de acuerdo a par\u00e1metros que hemos estudiado en las universidades m\u00e1s importantes<\/strong>, que es una conversaci\u00f3n muy directa, transparente y Milei expresa sentimientos y lo hace con total sinceridad\u201d, analiz\u00f3.<\/p>\n<p><img alt=\"Jaime Dur\u00e1n Barba\" src=\"http:\/\/hoycordobaweb.com\/wp-content\/uploads\/2024\/04\/jaime-duran-barba-despues-de-milei-no-va-a-volver-a-existir-como-se-lo-concebia-el-pro-ni-jxc-ni-el-peronismo-ni-el-kirchnernismo-1.jpg\" loading=\"lazy\"><\/p>\n<p>\u201cYo viajo mucho y no hay ning\u00fan lugar donde no me pregunten por Milei, <strong>es sin duda el presidente argentino m\u00e1s conocido de los \u00faltimos 50 a\u00f1os<\/strong>\u201d, subray\u00f3.&nbsp;<\/p>\n<p>Respecto a la situaci\u00f3n econ\u00f3mica y la inflaci\u00f3n sostuvo que le parece bastante apremiante. \u201cHay que ver cu\u00e1nto tiempo la gente tiene la paciencia para soportar esta situaci\u00f3n\u201d, advirti\u00f3. Otra de las cr\u00edticas que esboz\u00f3 Duran Barba fue en relaci\u00f3n a la libertad de prensa: \u201c<strong>Milei todav\u00eda no empieza a aprender que la libertad de prensa es un pilar de la democracia<\/strong>, los periodistas somos inc\u00f3modos y pesados para todos los gobiernos de todos los colores\u201d.<\/p>\n<p>Respecto a la posibilidad de que baje su nivel de ataques a periodistas vaticin\u00f3: \u201cCreo que en su caso la mejor explicaci\u00f3n fue la que dio Patricia Bullrich, que es un tema de temperamento, \u00e9l es as\u00ed, reacciona violentamente frente a cualquier cr\u00edtica, igual tu cambias cuando &nbsp;la realidad te lo impone\u201d.<\/p>\n<h2><strong>El PRO y Juntos por el Cambio en la era Milei<\/strong><\/h2>\n<p>\u201cEstos procesos de cambios muy fuertes arrasan con la anterior estructura de partidos\u201d, postul\u00f3 Duran Barba. \u201cEstamos en un momento de cambio radical de la pol\u00edtica en todo el mundo y creo que despu\u00e9s de Milei no va a existir ni el PRO, ni juntos por el cambio, ni el peronismo como se lo conceb\u00eda, ni el sindicalismo, ni el kirchnerismo\u201d, afirm\u00f3.&nbsp;<\/p>\n<p class=\"destacadoNota\"><a target=\"_blank\" href=\"https:\/\/www.perfil.com\/noticias\/modo-fontevecchia\/jaime-duran-barba-si-le-va-mal-a-milei-el-dano-en-el-pro-sera-irreparable-modof.phtml\" rel=\"noopener noreferrer\">Jaime Duran Barba: \u00abSi le va mal a Javier Milei, el da\u00f1o en el PRO ser\u00e1 irreparable\u00bb<\/a><br \/>&nbsp;<\/p>\n<p>\u201cLos pol\u00edticos que est\u00e9n muy cerca de Milei, ser\u00e1n absorbidos por \u00e9l. Yo creo que Patricia no es m\u00e1s una dirigente del PRO es una dirigente del mileismo; <strong>entre los radicales hay gente muy valiosa, pero no podemos volver a cantar la marcha radical porque eso ya se acab\u00f3<\/strong>\u201d, asegur\u00f3.<\/p>\n<p>\u201cHay que pensar alternativas a un mundo que ya se acab\u00f3, internet arras\u00f3 con la antigua sociedad\u201d, explic\u00f3. \u201cHay que reinventar la pol\u00edtica, una pol\u00edtica en la que sea m\u00e1s importante manejar a Inteligencia Artificial que la marcha peronista\u201d, concluy\u00f3.<\/p>\n<div class=\"article__tags\">\n<p>En esta Nota<\/p>\n<\/p><\/div>\n","protected":false},"excerpt":{"rendered":"<p>Jaime Duran Barba, el consultor pol\u00edtico y exasesor de Mauricio Macri, analiz\u00f3 la gesti\u00f3n del presidente, Javier Milei&nbsp;y plante\u00f3 cambios irreversibles para las estructuras partidarias. Seg\u00fan \u00e9l, los pol\u00edticos afines a La Libertad Avanza ser\u00e1n absorbidos por el mileismo. \u00abDespu\u00e9s de Milei no va a volver a existir ni el PRO, ni Juntos por el [&hellip;]<\/p>\n","protected":false},"author":1,"featured_media":76261,"comment_status":"closed","ping_status":"closed","sticky":false,"template":"","format":"standard","meta":[],"categories":[19],"tags":[91,92,93],"_links":{"self":[{"href":"http:\/\/hoycordobaweb.com\/index.php\/wp-json\/wp\/v2\/posts\/76260"}],"collection":[{"href":"http:\/\/hoycordobaweb.com\/index.php\/wp-json\/wp\/v2\/posts"}],"about":[{"href":"http:\/\/hoycordobaweb.com\/index.php\/wp-json\/wp\/v2\/types\/post"}],"author":[{"embeddable":true,"href":"http:\/\/hoycordobaweb.com\/index.php\/wp-json\/wp\/v2\/users\/1"}],"replies":[{"embeddable":true,"href":"http:\/\/hoycordobaweb.com\/index.php\/wp-json\/wp\/v2\/comments?post=76260"}],"version-history":[{"count":0,"href":"http:\/\/hoycordobaweb.com\/index.php\/wp-json\/wp\/v2\/posts\/76260\/revisions"}],"wp:featuredmedia":[{"embeddable":true,"href":"http:\/\/hoycordobaweb.com\/index.php\/wp-json\/wp\/v2\/media\/76261"}],"wp:attachment":[{"href":"http:\/\/hoycordobaweb.com\/index.php\/wp-json\/wp\/v2\/media?parent=76260"}],"wp:term":[{"taxonomy":"category","embeddable":true,"href":"http:\/\/hoycordobaweb.com\/index.php\/wp-json\/wp\/v2\/categories?post=76260"},{"taxonomy":"post_tag","embeddable":true,"href":"http:\/\/hoycordobaweb.com\/index.php\/wp-json\/wp\/v2\/tags?post=76260"}],"curies":[{"name":"wp","href":"https:\/\/api.w.org\/{rel}","templated":true}]}}