{"id":7622,"date":"2020-12-15T17:03:00","date_gmt":"2020-12-15T17:03:00","guid":{"rendered":"https:\/\/fm-comunicar.com.ar\/contenido\/16731\/antes-de-navidad-autorizarian-las-visitas-en-los-geriatricos"},"modified":"2020-12-15T17:03:00","modified_gmt":"2020-12-15T17:03:00","slug":"antes-de-navidad-autorizarian-las-visitas-en-los-geriatricos","status":"publish","type":"post","link":"http:\/\/hoycordobaweb.com\/index.php\/2020\/12\/15\/antes-de-navidad-autorizarian-las-visitas-en-los-geriatricos\/","title":{"rendered":"Antes de Navidad autorizar\u00edan las visitas en los geri\u00e1tricos"},"content":{"rendered":"<p>El \u00c1rea de Adultos Mayores de Jes\u00fas Mar\u00eda inici\u00f3 una exitosa experiencia en el Geri\u00e1trico Municipal, que se usar\u00e1 para el resto de las residencias privadas de la zona. Se usa un protocolo muy estricto.<img src=\"http:\/\/hoycordobaweb.com\/wp-content\/uploads\/2020\/12\/antes-de-navidad-autorizarian-las-visitas-en-los-geriatricos.jpg\"><\/p>\n","protected":false},"excerpt":{"rendered":"<p>El \u00c1rea de Adultos Mayores de Jes\u00fas Mar\u00eda inici\u00f3 una exitosa experiencia en el Geri\u00e1trico Municipal, que se usar\u00e1 para el resto de las residencias privadas de la zona. Se usa un protocolo muy estricto.<\/p>\n","protected":false},"author":1,"featured_media":7623,"comment_status":"closed","ping_status":"closed","sticky":false,"template":"","format":"standard","meta":[],"categories":[18],"tags":[],"_links":{"self":[{"href":"http:\/\/hoycordobaweb.com\/index.php\/wp-json\/wp\/v2\/posts\/7622"}],"collection":[{"href":"http:\/\/hoycordobaweb.com\/index.php\/wp-json\/wp\/v2\/posts"}],"about":[{"href":"http:\/\/hoycordobaweb.com\/index.php\/wp-json\/wp\/v2\/types\/post"}],"author":[{"embeddable":true,"href":"http:\/\/hoycordobaweb.com\/index.php\/wp-json\/wp\/v2\/users\/1"}],"replies":[{"embeddable":true,"href":"http:\/\/hoycordobaweb.com\/index.php\/wp-json\/wp\/v2\/comments?post=7622"}],"version-history":[{"count":0,"href":"http:\/\/hoycordobaweb.com\/index.php\/wp-json\/wp\/v2\/posts\/7622\/revisions"}],"wp:featuredmedia":[{"embeddable":true,"href":"http:\/\/hoycordobaweb.com\/index.php\/wp-json\/wp\/v2\/media\/7623"}],"wp:attachment":[{"href":"http:\/\/hoycordobaweb.com\/index.php\/wp-json\/wp\/v2\/media?parent=7622"}],"wp:term":[{"taxonomy":"category","embeddable":true,"href":"http:\/\/hoycordobaweb.com\/index.php\/wp-json\/wp\/v2\/categories?post=7622"},{"taxonomy":"post_tag","embeddable":true,"href":"http:\/\/hoycordobaweb.com\/index.php\/wp-json\/wp\/v2\/tags?post=7622"}],"curies":[{"name":"wp","href":"https:\/\/api.w.org\/{rel}","templated":true}]}}