{"id":76207,"date":"2024-04-16T18:36:59","date_gmt":"2024-04-16T18:36:59","guid":{"rendered":"https:\/\/www.ole.com.ar\/futbol-internacional\/quiero-jugar-mundial-2026-figura-premier-cayo-drogas-juega-hace-390-dias-dele_0_BqhNJyJhBU.html"},"modified":"2024-04-16T18:36:59","modified_gmt":"2024-04-16T18:36:59","slug":"quiero-jugar-el-mundial-2026-fue-figura-de-la-premier-cayo-en-las-drogas-y-no-juega-hace-390-dias","status":"publish","type":"post","link":"http:\/\/hoycordobaweb.com\/index.php\/2024\/04\/16\/quiero-jugar-el-mundial-2026-fue-figura-de-la-premier-cayo-en-las-drogas-y-no-juega-hace-390-dias\/","title":{"rendered":"\u00abQuiero jugar el Mundial 2026\u00bb: fue figura de la Premier, cay\u00f3 en las drogas y no juega hace 390 d\u00edas"},"content":{"rendered":"<p><img src=\"http:\/\/hoycordobaweb.com\/wp-content\/uploads\/2024\/04\/quiero-jugar-el-mundial-2026-fue-figura-de-la-premier-cayo-en-las-drogas-y-no-juega-hace-390-dias.jpg\"><\/p>\n<p><time class=\"createDate\" datetime=\"2024-04-16T15:36:59-03:00\">16\/04\/2024 15:36hs.<\/time><\/p>\n<div id=\"storyBody\">\n<div class=\"custom-text \" readability=\"44\">\n<p>La entrevista de <strong>Dele Alli <\/strong>en The Overlap, el canal de YouTube de Gary Neville, fue un momento crucial en su carrera y vida. All\u00ed, el ex volante del Tottenham abri\u00f3 su coraz\u00f3n y<strong> comparti\u00f3 detalles \u00edntimos sobre sus momentos m\u00e1s oscuros<\/strong>, incluyendo abusos sexuales, tr\u00e1fico de drogas, adicci\u00f3n a pastillas para dormir e incluso pensamientos sobre el retiro. Sus revelaciones sacudieron al planeta f\u00fatbol y <strong>ahora, casi diez meses despu\u00e9s, reapareci\u00f3 en el programa Monday Night Football de Sky Sports<\/strong>, junto a David Jones y Jamie Carragher.<\/p>\n<\/div>\n<p><h2><strong><em>Dele Alli, de casi retirarse a pensar en jugar el Mundial 2026<\/em><\/strong><\/h2>\n<\/p>\n<div class=\"custom-text \" readability=\"43\">\n<p>Luego de destacarse en el Milton Keynes Dons de la League Two, <strong>Dele Alli llam\u00f3 la atenci\u00f3n de toda la Premier League<\/strong>. En el 2015, con solo 19 a\u00f1os, el Tottenham pag\u00f3 7.000.000 de euros, bajo el optimismo de que pod\u00eda ser una de las grandes estrellas de los Spurs el d\u00eda de ma\u00f1ana. Sin embargo, a pesar de unos primeros a\u00f1os prometedores (84 participaciones en goles en 143 partidos), los cuales le valieron la convocatoria con Inglaterra para el Mundial de Rusia, <strong>su nivel fue decayendo poco a poco, producto de sus conflictos afuera del terreno de juego. <\/strong><\/p>\n<\/div>\n<div class=\"custom-text \" readability=\"39\">\n<p>Luego de un breve paso por el Everton (jug\u00f3 apenas 13 partidos y no hizo goles en dos temporadas), el volante ingl\u00e9s fue cedido al Besiktas. No obstante,<strong> una larga lesi\u00f3n entre la ingle y la cadera, sufrida en marzo de 2023, lo ha mantenido al margen durante casi 400 d\u00edas <\/strong>(389). Tan decepcionante fue su paso por la Superliga de Turqu\u00eda que el club decidi\u00f3 no hacer uso de la cl\u00e1usula de compra y tuvo que retornar a Inglaterra.<\/p>\n<\/div>\n<div class=\"custom-text \" readability=\"41\">\n<p>\u00abHa sido simplemente un problema de lesiones, algo que espero estar superando. Puedo ver la luz al final del t\u00fanel. He tenido que tener paciencia. Ha sido un largo camino, con muchos altibajos, pero me ha ayudado a crecer a\u00fan m\u00e1s como persona. <strong>Creo que el dolor de la lesi\u00f3n es algo que podr\u00e9 canalizar cuando vuelva. Lo uso para motivarme.<\/strong> Me siento bien, pero estar lesionado es decepcionante\u00bb, ha recalcado Dele, con Jones y Carragher.<\/p>\n<\/div>\n<div class=\"sc-e7b891c4-0 jPbnQF\"><img alt=\"Dele no juega desde marzo de 2023. (AFP)\" src=\"http:\/\/hoycordobaweb.com\/wp-content\/uploads\/2024\/04\/quiero-jugar-el-mundial-2026-fue-figura-de-la-premier-cayo-en-las-drogas-y-no-juega-hace-390-dias-2.jpg\" width=\"1290\" height=\"760\" decoding=\"async\" data-nimg=\"future\" loading=\"lazy\"><span class=\"epigraphe\">Dele no juega desde marzo de 2023. (AFP)<\/span><\/div>\n<div class=\"custom-text \" readability=\"39\">\n<p>Pese a que a\u00fan no hay una fecha marcada para su regreso, aunque se espera que vuelva a tener rodaje en las \u00faltimas fechas de la temporada, Alli es ambicioso y se siente con el potencial de volver a representar a la selecci\u00f3n de Inglaterra. <strong>\u00abTengo un recordatorio en mi tel\u00e9fono. Todos los d\u00edas, a las 11 en punto: &#8216;la Copa del Mundo 2026&#8217;. La gente dir\u00e1: &#8216;no ha jugado en un a\u00f1o&#8217;, pero \u00e9se es mi objetivo. S\u00e9 cu\u00e1l es mi nivel\u00bb<\/strong>.<\/p>\n<\/div>\n<div class=\"custom-text \" readability=\"41\">\n<p>Alli mencion\u00f3 tambi\u00e9n la entrevista que dio junto a Gary Neville, en la que revel\u00f3 su lucha contra la adicci\u00f3n a las pastillas para dormir y comparti\u00f3 detalles sobre su dif\u00edcil infancia, marcada por abusos sexuales y el entorno del tr\u00e1fico de drogas.<strong> \u00abCuando hice la entrevista, dije que si ayudaba a una persona, ser\u00eda feliz, y eso es todo lo que quer\u00eda. <\/strong>El apoyo y la reacci\u00f3n que obtuve fueron abrumadores; definitivamente estoy orgulloso de ello\u00bb, remarc\u00f3.<\/p>\n<\/div>\n<div class=\"sc-e7b891c4-0 jPbnQF\"><img alt=\"Alli, titular en Inglaterra en la semi de Rusia 2018, vs. Croacia. (REUTER)\" src=\"http:\/\/hoycordobaweb.com\/wp-content\/uploads\/2024\/04\/quiero-jugar-el-mundial-2026-fue-figura-de-la-premier-cayo-en-las-drogas-y-no-juega-hace-390-dias-3.jpg\" width=\"720\" height=\"100\" decoding=\"async\" data-nimg=\"future\" loading=\"lazy\"><span class=\"epigraphe\">Alli, titular en Inglaterra en la semi de Rusia 2018, vs. Croacia. (REUTER)<\/span><\/div>\n<div class=\"sc-a7166897-0 exHLBh\" readability=\"6\">\n<section readability=\"2\"><picture><img alt=\"El reconocimiento que recibi\u00f3 Alexis Mac Allister de los hinchas del Liverpool\" src=\"http:\/\/hoycordobaweb.com\/wp-content\/uploads\/2024\/04\/quiero-jugar-el-mundial-2026-fue-figura-de-la-premier-cayo-en-las-drogas-y-no-juega-hace-390-dias-4.jpg\" width=\"290\" height=\"290\" decoding=\"async\" data-nimg=\"future\" loading=\"lazy\"><\/picture>\n<p><span>Mir\u00e1 tambi\u00e9n<\/span><\/p>\n<hr>\n<h3>El reconocimiento que recibi\u00f3 Alexis Mac Allister de los hinchas del Liverpool<\/h3>\n<\/p>\n<\/section>\n<\/div>\n<div class=\"sc-a7166897-0 exHLBh\" readability=\"6.5\">\n<section readability=\"3\"><picture><img alt=\"\u00bfSe suman al Inter? Los dos equipos que pueden gritar campe\u00f3n esta fecha en el Viejo Continente\" src=\"http:\/\/hoycordobaweb.com\/wp-content\/uploads\/2024\/04\/quiero-jugar-el-mundial-2026-fue-figura-de-la-premier-cayo-en-las-drogas-y-no-juega-hace-390-dias-5.jpg\" width=\"290\" height=\"290\" decoding=\"async\" data-nimg=\"future\" loading=\"lazy\"><\/picture>\n<p><span>Mir\u00e1 tambi\u00e9n<\/span><\/p>\n<hr>\n<h3>\u00bfSe suman al Inter? Los dos equipos que pueden gritar campe\u00f3n esta fecha en el Viejo Continente<\/h3>\n<\/p>\n<\/section>\n<\/div>\n<div class=\"sc-a7166897-0 exHLBh\" readability=\"6.5\">\n<section readability=\"3\"><picture><img alt=\"Soul\u00e9 cumpli\u00f3 a\u00f1os: una torta particular y con dos campeones del mundo entre los invitados\" src=\"http:\/\/hoycordobaweb.com\/wp-content\/uploads\/2024\/04\/quiero-jugar-el-mundial-2026-fue-figura-de-la-premier-cayo-en-las-drogas-y-no-juega-hace-390-dias-6.jpg\" width=\"290\" height=\"290\" decoding=\"async\" data-nimg=\"future\" loading=\"lazy\"><\/picture>\n<p><span>Mir\u00e1 tambi\u00e9n<\/span><\/p>\n<hr>\n<h3>Soul\u00e9 cumpli\u00f3 a\u00f1os: una torta particular y con dos campeones del mundo entre los invitados<\/h3>\n<\/p>\n<\/section>\n<\/div>\n<\/div>\n","protected":false},"excerpt":{"rendered":"<p>16\/04\/2024 15:36hs. La entrevista de Dele Alli en The Overlap, el canal de YouTube de Gary Neville, fue un momento crucial en su carrera y vida. All\u00ed, el ex volante del Tottenham abri\u00f3 su coraz\u00f3n y comparti\u00f3 detalles \u00edntimos sobre sus momentos m\u00e1s oscuros, incluyendo abusos sexuales, tr\u00e1fico de drogas, adicci\u00f3n a pastillas para dormir [&hellip;]<\/p>\n","protected":false},"author":1,"featured_media":76208,"comment_status":"open","ping_status":"closed","sticky":false,"template":"","format":"standard","meta":[],"categories":[16],"tags":[],"_links":{"self":[{"href":"http:\/\/hoycordobaweb.com\/index.php\/wp-json\/wp\/v2\/posts\/76207"}],"collection":[{"href":"http:\/\/hoycordobaweb.com\/index.php\/wp-json\/wp\/v2\/posts"}],"about":[{"href":"http:\/\/hoycordobaweb.com\/index.php\/wp-json\/wp\/v2\/types\/post"}],"author":[{"embeddable":true,"href":"http:\/\/hoycordobaweb.com\/index.php\/wp-json\/wp\/v2\/users\/1"}],"replies":[{"embeddable":true,"href":"http:\/\/hoycordobaweb.com\/index.php\/wp-json\/wp\/v2\/comments?post=76207"}],"version-history":[{"count":0,"href":"http:\/\/hoycordobaweb.com\/index.php\/wp-json\/wp\/v2\/posts\/76207\/revisions"}],"wp:featuredmedia":[{"embeddable":true,"href":"http:\/\/hoycordobaweb.com\/index.php\/wp-json\/wp\/v2\/media\/76208"}],"wp:attachment":[{"href":"http:\/\/hoycordobaweb.com\/index.php\/wp-json\/wp\/v2\/media?parent=76207"}],"wp:term":[{"taxonomy":"category","embeddable":true,"href":"http:\/\/hoycordobaweb.com\/index.php\/wp-json\/wp\/v2\/categories?post=76207"},{"taxonomy":"post_tag","embeddable":true,"href":"http:\/\/hoycordobaweb.com\/index.php\/wp-json\/wp\/v2\/tags?post=76207"}],"curies":[{"name":"wp","href":"https:\/\/api.w.org\/{rel}","templated":true}]}}