{"id":76202,"date":"2024-04-16T13:00:35","date_gmt":"2024-04-16T13:00:35","guid":{"rendered":"https:\/\/ladecimaweb.com\/?p=26287"},"modified":"2024-04-16T13:00:35","modified_gmt":"2024-04-16T13:00:35","slug":"llaryora-alineado-creo-que-el-presidente-va-a-poder-contar-con-la-ley-de-bases","status":"publish","type":"post","link":"http:\/\/hoycordobaweb.com\/index.php\/2024\/04\/16\/llaryora-alineado-creo-que-el-presidente-va-a-poder-contar-con-la-ley-de-bases\/","title":{"rendered":"Llaryora alineado: \u201cCreo que el Presidente va a poder contar con la Ley de Bases\u201d"},"content":{"rendered":"<div class=\"boldgrid-section\">\n<div class=\"container\">\n<div class=\"row\">\n<div class=\"col-md-12 col-xs-12 col-sm-12\">\n<p class>(NA) El gobernador de C\u00f3rdoba,<span>&nbsp;<\/span><strong>Mart\u00edn Llaryora,<\/strong><span>&nbsp;<\/span>consider\u00f3 que hay un<strong><span>&nbsp;<\/span>&#8220;clima de di\u00e1logo&#8221; en el Congreso<span>&nbsp;<\/span><\/strong>alrededor de la Ley de Bases y subray\u00f3 que cree que el presidente Javier Milei tendr\u00e1 en esta oportunidad la sanci\u00f3n de la norma.<\/p>\n<p><strong>&#8220;Hay un amplio consenso, con esta ley que se ha presentado, tanto con el paquete fiscal como con el Pacto de Mayo&#8221;,<\/strong><span>&nbsp;<\/span>sostuvo el mandatario provincial.<\/p>\n<p class>En declaraciones a la prensa al participar de la cena anual del CIPPEC, Llaryora expres\u00f3:<span>&nbsp;<\/span><strong>&#8220;Estamos totalmente de acuerdo con el Pacto de Mayo y hay un avance muy importante para que la ley pueda salir&#8221;.<\/strong><\/p>\n<p class>&#8220;Hay art\u00edculos que se est\u00e1n viendo en las comisiones, en la cual hay un clima de di\u00e1logo para hacer algunas modificaciones y<span>&nbsp;<\/span><strong>estando esas modificaciones creo que el Presidente va a poder contar con este instrumento para poder sacar a la Argentina adelante<\/strong>&#8220;, agreg\u00f3 el cordob\u00e9s.<\/p>\n<p class>&nbsp;<\/p>\n<div class=\"ubm_banner\"><a href=\"https:\/\/www.cba.gov.ar\/mujeres-puente\/\" target=\"_blank\" rel=\"dofollow noopener noreferrer\"><img src=\"http:\/\/hoycordobaweb.com\/wp-content\/uploads\/2024\/04\/llaryora-alineado-creo-que-el-presidente-va-a-poder-contar-con-la-ley-de-bases.gif\" alt><\/a><\/div>\n<\/div>\n<\/div>\n<\/div>\n<\/div>\n<p>La entrada <a rel=\"nofollow\" href=\"https:\/\/ladecimaweb.com\/llaryora-alineado-creo-que-el-presidente-va-a-poder-contar-con-la-ley-de-bases\/\">Llaryora alineado: &#8220;Creo que el Presidente va a poder contar con la Ley de Bases&#8221;<\/a> se public\u00f3 primero en <a rel=\"nofollow\" href=\"https:\/\/ladecimaweb.com\">LaDecima<\/a>.<\/p>\n","protected":false},"excerpt":{"rendered":"<p>(NA) El gobernador de C\u00f3rdoba,&nbsp;Mart\u00edn Llaryora,&nbsp;consider\u00f3 que hay un&nbsp;&#8220;clima de di\u00e1logo&#8221; en el Congreso&nbsp;alrededor de la Ley de Bases y subray\u00f3 que cree que el presidente Javier Milei tendr\u00e1 en esta oportunidad la sanci\u00f3n de la norma. &#8220;Hay un amplio consenso, con esta ley que se ha presentado, tanto con el paquete fiscal como con [&hellip;]<\/p>\n","protected":false},"author":1,"featured_media":0,"comment_status":"closed","ping_status":"closed","sticky":false,"template":"","format":"standard","meta":[],"categories":[32],"tags":[],"_links":{"self":[{"href":"http:\/\/hoycordobaweb.com\/index.php\/wp-json\/wp\/v2\/posts\/76202"}],"collection":[{"href":"http:\/\/hoycordobaweb.com\/index.php\/wp-json\/wp\/v2\/posts"}],"about":[{"href":"http:\/\/hoycordobaweb.com\/index.php\/wp-json\/wp\/v2\/types\/post"}],"author":[{"embeddable":true,"href":"http:\/\/hoycordobaweb.com\/index.php\/wp-json\/wp\/v2\/users\/1"}],"replies":[{"embeddable":true,"href":"http:\/\/hoycordobaweb.com\/index.php\/wp-json\/wp\/v2\/comments?post=76202"}],"version-history":[{"count":0,"href":"http:\/\/hoycordobaweb.com\/index.php\/wp-json\/wp\/v2\/posts\/76202\/revisions"}],"wp:attachment":[{"href":"http:\/\/hoycordobaweb.com\/index.php\/wp-json\/wp\/v2\/media?parent=76202"}],"wp:term":[{"taxonomy":"category","embeddable":true,"href":"http:\/\/hoycordobaweb.com\/index.php\/wp-json\/wp\/v2\/categories?post=76202"},{"taxonomy":"post_tag","embeddable":true,"href":"http:\/\/hoycordobaweb.com\/index.php\/wp-json\/wp\/v2\/tags?post=76202"}],"curies":[{"name":"wp","href":"https:\/\/api.w.org\/{rel}","templated":true}]}}