{"id":76183,"date":"2024-04-09T01:00:00","date_gmt":"2024-04-09T01:00:00","guid":{"rendered":"https:\/\/ahora.com.ar\/show\/un-famoso-periodista-argentino-tuvo-un-acv-y-fue-internado-urgencia-n5369379"},"modified":"2024-04-09T01:00:00","modified_gmt":"2024-04-09T01:00:00","slug":"un-famoso-periodista-argentino-tuvo-un-acv-y-fue-internado-de-urgencia","status":"publish","type":"post","link":"http:\/\/hoycordobaweb.com\/index.php\/2024\/04\/09\/un-famoso-periodista-argentino-tuvo-un-acv-y-fue-internado-de-urgencia\/","title":{"rendered":"Un famoso periodista argentino tuvo un ACV y fue internado de urgencia"},"content":{"rendered":"<div><img src=\"http:\/\/hoycordobaweb.com\/wp-content\/uploads\/2024\/04\/un-famoso-periodista-argentino-tuvo-un-acv-y-fue-internado-de-urgencia.jpg\" class=\"ff-og-image-inserted\"><\/div>\n<div id>\n<div class=\"article-body__info-wrapper\"><span class=\"article-body__date\"> <time datetime=\"2024-04-09T01:00:00.000Z\">8 de abril de 2024 &#8211; 22:00<\/time><\/span> <\/div>\n<p><a href=\"https:\/\/ahora.com.ar\/periodista-a27724\" target=\"_blank\" rel=\"follow noopener noreferrer\">El periodista y conductor de radio <strong>Eduardo de la Puente<\/strong><\/a> debi\u00f3 ser internado de urgencia tras sufrir un <strong>accidente cerebrovascular (ACV)<\/strong> durante el fin de semana. El reconocido trabajador de los medios fue trasladado y se mantiene estable, de acuerdo a lo que \u00e9l mismo confirm\u00f3 horas despu\u00e9s del episodio.<\/p>\n<\/div>\n<div id>\n<h2>C\u00f3mo est\u00e1 el periodista luego del ACV<\/h2>\n<p>La noticia fue informada por el propio periodista a trav\u00e9s de sus redes sociales donde inform\u00f3 que se encuentra bien y en \u00abbuenas manos\u00bb. <strong>\u201cAyer sufr\u00ed un ACV. La saqu\u00e9 bastante barata por suerte. <\/strong>Pero bueno, por unos d\u00edas voy a estar fuera del juego\u201d, coment\u00f3 de la Puente a trav\u00e9s de un video.<\/p>\n<\/div>\n<div id>\n<p><strong>\u201cEstoy siendo muy bien atendido por m\u00e9dicos, <\/strong>estoy acompa\u00f1ado por mi familia y por amigos, que tambi\u00e9n me est\u00e1n cuidando mucho, y por la maquinita que hace Ping\u201d, agreg\u00f3.<\/p>\n<p>De esta manera de la Puente decidi\u00f3 dar la noticia sobre su estado de salud para evitar especulaciones e inform\u00f3 que estar\u00e1 ausente del ciclo <strong>Cl\u00e1sico de cl\u00e1sicos en la FM Rock &amp; Pop.<\/strong><\/p>\n<\/p><\/div>\n","protected":false},"excerpt":{"rendered":"<p>8 de abril de 2024 &#8211; 22:00 El periodista y conductor de radio Eduardo de la Puente debi\u00f3 ser internado de urgencia tras sufrir un accidente cerebrovascular (ACV) durante el fin de semana. El reconocido trabajador de los medios fue trasladado y se mantiene estable, de acuerdo a lo que \u00e9l mismo confirm\u00f3 horas despu\u00e9s [&hellip;]<\/p>\n","protected":false},"author":1,"featured_media":76184,"comment_status":"closed","ping_status":"closed","sticky":false,"template":"","format":"standard","meta":[],"categories":[10,23],"tags":[],"_links":{"self":[{"href":"http:\/\/hoycordobaweb.com\/index.php\/wp-json\/wp\/v2\/posts\/76183"}],"collection":[{"href":"http:\/\/hoycordobaweb.com\/index.php\/wp-json\/wp\/v2\/posts"}],"about":[{"href":"http:\/\/hoycordobaweb.com\/index.php\/wp-json\/wp\/v2\/types\/post"}],"author":[{"embeddable":true,"href":"http:\/\/hoycordobaweb.com\/index.php\/wp-json\/wp\/v2\/users\/1"}],"replies":[{"embeddable":true,"href":"http:\/\/hoycordobaweb.com\/index.php\/wp-json\/wp\/v2\/comments?post=76183"}],"version-history":[{"count":0,"href":"http:\/\/hoycordobaweb.com\/index.php\/wp-json\/wp\/v2\/posts\/76183\/revisions"}],"wp:featuredmedia":[{"embeddable":true,"href":"http:\/\/hoycordobaweb.com\/index.php\/wp-json\/wp\/v2\/media\/76184"}],"wp:attachment":[{"href":"http:\/\/hoycordobaweb.com\/index.php\/wp-json\/wp\/v2\/media?parent=76183"}],"wp:term":[{"taxonomy":"category","embeddable":true,"href":"http:\/\/hoycordobaweb.com\/index.php\/wp-json\/wp\/v2\/categories?post=76183"},{"taxonomy":"post_tag","embeddable":true,"href":"http:\/\/hoycordobaweb.com\/index.php\/wp-json\/wp\/v2\/tags?post=76183"}],"curies":[{"name":"wp","href":"https:\/\/api.w.org\/{rel}","templated":true}]}}