{"id":76178,"date":"2024-04-16T17:41:27","date_gmt":"2024-04-16T17:41:27","guid":{"rendered":"https:\/\/www.trendencias.com\/redes-sociales\/mi-padre-me-romperia-cabeza-este-usuario-tiktok-alucina-diferencia-que-significa-madrugar-espana-america-latina"},"modified":"2024-04-16T17:41:27","modified_gmt":"2024-04-16T17:41:27","slug":"mi-padre-me-romperia-la-cabeza-este-usuario-de-tiktok-alucina-con-la-diferencia-que-significa-madrugar-en-espana-y-en-america-latina","status":"publish","type":"post","link":"http:\/\/hoycordobaweb.com\/index.php\/2024\/04\/16\/mi-padre-me-romperia-la-cabeza-este-usuario-de-tiktok-alucina-con-la-diferencia-que-significa-madrugar-en-espana-y-en-america-latina\/","title":{"rendered":"\u00abMi padre me romper\u00eda la cabeza\u00bb: Este usuario de TikTok alucina con la diferencia que significa madrugar en Espa\u00f1a y en Am\u00e9rica Latina"},"content":{"rendered":"<div><img src=\"http:\/\/hoycordobaweb.com\/wp-content\/uploads\/2024\/04\/mi-padre-me-romperia-la-cabeza-este-usuario-de-tiktok-alucina-con-la-diferencia-que-significa-madrugar-en-espana-y-en-america-latina.jpg\" class=\"ff-og-image-inserted\"><\/div>\n<p>Las diferencias enriquecen, pero tambi\u00e9n puede que nos metan en aprietos cuando se trata acostumbrarnos al comportamiento de todo un pa\u00eds, como le ha pasado a un usuario de TikTok en el que afirma <strong>haberse impactado sobre la gran diferencia de lo que los espa\u00f1oles catalogan como &#8216;madrugar&#8217;<\/strong>, en contraparte de lo que aplicamos en Am\u00e9rica Latina.<\/p>\n<p><!-- BREAK 1 --> <\/p>\n<p>El usuario David Castellanos, un colombiano afincado en Colombia, relata en redes sociales la gran diferencia que el concepto de <em>madrugar<\/em> tiene en Espa\u00f1a, y que resulta abismal si lo comparamos con el horario que aplicamos en pa\u00edses como Colombia o M\u00e9xico, en donde, asegura, <strong>el significado de levantarse temprano se lleva al extremo.<\/strong><\/p>\n<p><!-- BREAK 2 --><\/p>\n<p><em>\u00abEsto es algo que me encanta de Espa\u00f1a\u00bb<\/em>, comenta David en su video, poniendo en contexto que, en Europa, la jornada completa de colegio comienza a las 9 am, mientras que, en Am\u00e9rica Latina, <strong>esa jornada se divide en dos: matutina y vespertina<\/strong>, lo que hace que los estudiantes madruguen por la ma\u00f1ana para llegar a sus colegios, y lleguen tarde por la noche despu\u00e9s de la jornada vespertina.<\/p>\n<p><!-- BREAK 3 --> <\/p>\n<blockquote class=\"tiktok-embed\" cite=\"https:\/\/www.tiktok.com\/@davidcastellanos.fitness\/video\/7346744513047596293\" data-video-id=\"7346744513047596293\" data-embed-from=\"oembed\" readability=\"0.2\">\n<section readability=\"0.1\"> <a target=\"_blank\" title=\"@davidcastellanos.fitness\" href=\"https:\/\/www.tiktok.com\/@davidcastellanos.fitness?refer=embed\" rel=\"noopener noreferrer\">@davidcastellanos.fitness<\/a> <\/p>\n<p><a title=\"madrigar\" target=\"_blank\" href=\"https:\/\/www.tiktok.com\/tag\/madrigar?refer=embed\" rel=\"noopener noreferrer\">#madrigar<\/a> <a title=\"choquesculturales\" target=\"_blank\" href=\"https:\/\/www.tiktok.com\/tag\/choquesculturales?refer=embed\" rel=\"noopener noreferrer\">#choquesculturales<\/a> <a title=\"espa\u00f1a\" target=\"_blank\" href=\"https:\/\/www.tiktok.com\/tag\/espa%C3%B1a?refer=embed\" rel=\"noopener noreferrer\">#espa\u00f1a<\/a> <a title=\"colombia\" target=\"_blank\" href=\"https:\/\/www.tiktok.com\/tag\/colombia?refer=embed\" rel=\"noopener noreferrer\">#colombia<\/a> <a title=\"latam\" target=\"_blank\" href=\"https:\/\/www.tiktok.com\/tag\/latam?refer=embed\" rel=\"noopener noreferrer\">#latam<\/a> <\/p>\n<p> <a target=\"_blank\" title=\"\u266c sonido original - David Castellanos\" href=\"https:\/\/www.tiktok.com\/music\/sonido-original-7346744735710120709?refer=embed\" rel=\"noopener noreferrer\">\u266c sonido original &#8211; David Castellanos<\/a> <\/section>\n<\/blockquote>\n<p>En el contexto de Am\u00e9rica Latina, el madrugar, tanto para estudiantes como para trabajadores no es una opci\u00f3n, y es que, en pa\u00edses en donde el desarrollo urbano est\u00e1 en crecimiento o las fuentes de empleo se encuentran lejos de las poblaciones o \u00e1reas habitacionales, <strong>hay que despertarse temprano para poder tomar transporte<\/strong> y llegar a tiempo al trabajo o a la oficina.<\/p>\n<p><!-- BREAK 4 --><\/p>\n<p>Si pensabas que tener un auto propio solucionaba el problema y har\u00eda a las personas disfrutar de m\u00e1s horas de sue\u00f1o o de ocio est\u00e1s en lo incorrecto, ya que, en 2019, <a rel=\"noopener, noreferrer\" href=\"https:\/\/imco.org.mx\/wp-content\/uploads\/2019\/11\/20190909_Costo-de-la-congestio%CC%81n-Presentacio%CC%81n-IMCO.pdf\">un estudio por parte del IMCO<\/a> asegura <strong>que los habitantes de la Ciudad de M\u00e9xico pierden hasta 384 horas al a\u00f1o<\/strong>, es decir, 16 d\u00edas completos en traslados de transporte p\u00fablico y privado debido a la congesti\u00f3n vehicular, ocasionada por una mayor afluencia de veh\u00edculos que es, a su vez, consecuencia de la necesidad de trasladarse para llegar a los centros de estudio y de trabajo.<\/p>\n<p><!-- BREAK 5 --><\/p>\n<p>Aunque el concepto de madrugar en Espa\u00f1a y Am\u00e9rica Latina es verdaderamente abismal, hay que saber que el contexto se aplica diferente <strong>de acuerdo a varios factores como la distancia del trabajo y de la casa<\/strong>, as\u00ed como los horarios de las jornadas de trabajo y las facilidades que \u00e9stas nos ofrecen, un panorama muy diferente entre pa\u00edses del primer mundo y aquellos que sufren <a href=\"https:\/\/www.trendencias.com\/otros\/gentrificacion-mexico-problema-uno-grande-que-extranjeros-impidieron-a-habitantes-locales-poder-ver-eclipse-espacios-publicos\">las consecuencias de la gentrificaci\u00f3n<\/a>.<\/p>\n<p><!-- BREAK 6 --> <\/p>\n<p>En Trendencias | <a href=\"https:\/\/www.trendencias.com\/viajes\/sonora-tijuana-cdmx-a-tienen-mejores-taquerias-mexico-taste-altas\">Sonora, Tijuana y la CDMX tienen las mejores taquer\u00edas de M\u00e9xico (y del mundo) seg\u00fan Taste Altas<\/a><\/p>\n<p><!-- BREAK 7 --><\/p>\n<p>En Trendencias | <a href=\"https:\/\/www.trendencias.com\/viajes\/cueva-resguardada-cascada-destino-perfecto-para-aventura-que-no-te-puedes-perder-guanajuato-mexico\">Una cueva resguardada por una cascada es el destino perfecto para la aventura que no te puedes perder en Guanajuato, M\u00e9xico<\/a><\/p>\n<p><!-- BREAK 8 --> <\/p>\n","protected":false},"excerpt":{"rendered":"<p>Las diferencias enriquecen, pero tambi\u00e9n puede que nos metan en aprietos cuando se trata acostumbrarnos al comportamiento de todo un pa\u00eds, como le ha pasado a un usuario de TikTok en el que afirma haberse impactado sobre la gran diferencia de lo que los espa\u00f1oles catalogan como &#8216;madrugar&#8217;, en contraparte de lo que aplicamos en [&hellip;]<\/p>\n","protected":false},"author":1,"featured_media":76179,"comment_status":"closed","ping_status":"closed","sticky":false,"template":"","format":"standard","meta":[],"categories":[],"tags":[],"_links":{"self":[{"href":"http:\/\/hoycordobaweb.com\/index.php\/wp-json\/wp\/v2\/posts\/76178"}],"collection":[{"href":"http:\/\/hoycordobaweb.com\/index.php\/wp-json\/wp\/v2\/posts"}],"about":[{"href":"http:\/\/hoycordobaweb.com\/index.php\/wp-json\/wp\/v2\/types\/post"}],"author":[{"embeddable":true,"href":"http:\/\/hoycordobaweb.com\/index.php\/wp-json\/wp\/v2\/users\/1"}],"replies":[{"embeddable":true,"href":"http:\/\/hoycordobaweb.com\/index.php\/wp-json\/wp\/v2\/comments?post=76178"}],"version-history":[{"count":0,"href":"http:\/\/hoycordobaweb.com\/index.php\/wp-json\/wp\/v2\/posts\/76178\/revisions"}],"wp:featuredmedia":[{"embeddable":true,"href":"http:\/\/hoycordobaweb.com\/index.php\/wp-json\/wp\/v2\/media\/76179"}],"wp:attachment":[{"href":"http:\/\/hoycordobaweb.com\/index.php\/wp-json\/wp\/v2\/media?parent=76178"}],"wp:term":[{"taxonomy":"category","embeddable":true,"href":"http:\/\/hoycordobaweb.com\/index.php\/wp-json\/wp\/v2\/categories?post=76178"},{"taxonomy":"post_tag","embeddable":true,"href":"http:\/\/hoycordobaweb.com\/index.php\/wp-json\/wp\/v2\/tags?post=76178"}],"curies":[{"name":"wp","href":"https:\/\/api.w.org\/{rel}","templated":true}]}}