{"id":76143,"date":"2024-04-15T11:25:00","date_gmt":"2024-04-15T11:25:00","guid":{"rendered":"https:\/\/fm-comunicar.com.ar\/contenido\/21566\/crearan-el-paseo-cultural-martha-canale-en-la-plaza-del-veneto"},"modified":"2024-04-15T11:25:00","modified_gmt":"2024-04-15T11:25:00","slug":"crearan-el-paseo-cultural-martha-canale-en-la-plaza-del-veneto","status":"publish","type":"post","link":"http:\/\/hoycordobaweb.com\/index.php\/2024\/04\/15\/crearan-el-paseo-cultural-martha-canale-en-la-plaza-del-veneto\/","title":{"rendered":"Crear\u00e1n el Paseo Cultural \u00abMartha Canale\u00bb en la plaza del V\u00e9neto"},"content":{"rendered":"<p>La Asociaci\u00f3n V\u00e9neta de C\u00f3rdoba financiar\u00e1 gran parte de las obras que incluye, en la primera etapa, la colocaci\u00f3n de una columna de 4 metros de alto con la escultura del Le\u00f3n de San Marcos.<img src=\"http:\/\/hoycordobaweb.com\/wp-content\/uploads\/2024\/04\/crearan-el-paseo-cultural-martha-canale-en-la-plaza-del-veneto.png\"><\/p>\n","protected":false},"excerpt":{"rendered":"<p>La Asociaci\u00f3n V\u00e9neta de C\u00f3rdoba financiar\u00e1 gran parte de las obras que incluye, en la primera etapa, la colocaci\u00f3n de una columna de 4 metros de alto con la escultura del Le\u00f3n de San Marcos.<\/p>\n","protected":false},"author":1,"featured_media":76144,"comment_status":"closed","ping_status":"closed","sticky":false,"template":"","format":"standard","meta":[],"categories":[18],"tags":[],"_links":{"self":[{"href":"http:\/\/hoycordobaweb.com\/index.php\/wp-json\/wp\/v2\/posts\/76143"}],"collection":[{"href":"http:\/\/hoycordobaweb.com\/index.php\/wp-json\/wp\/v2\/posts"}],"about":[{"href":"http:\/\/hoycordobaweb.com\/index.php\/wp-json\/wp\/v2\/types\/post"}],"author":[{"embeddable":true,"href":"http:\/\/hoycordobaweb.com\/index.php\/wp-json\/wp\/v2\/users\/1"}],"replies":[{"embeddable":true,"href":"http:\/\/hoycordobaweb.com\/index.php\/wp-json\/wp\/v2\/comments?post=76143"}],"version-history":[{"count":0,"href":"http:\/\/hoycordobaweb.com\/index.php\/wp-json\/wp\/v2\/posts\/76143\/revisions"}],"wp:featuredmedia":[{"embeddable":true,"href":"http:\/\/hoycordobaweb.com\/index.php\/wp-json\/wp\/v2\/media\/76144"}],"wp:attachment":[{"href":"http:\/\/hoycordobaweb.com\/index.php\/wp-json\/wp\/v2\/media?parent=76143"}],"wp:term":[{"taxonomy":"category","embeddable":true,"href":"http:\/\/hoycordobaweb.com\/index.php\/wp-json\/wp\/v2\/categories?post=76143"},{"taxonomy":"post_tag","embeddable":true,"href":"http:\/\/hoycordobaweb.com\/index.php\/wp-json\/wp\/v2\/tags?post=76143"}],"curies":[{"name":"wp","href":"https:\/\/api.w.org\/{rel}","templated":true}]}}