{"id":76132,"date":"2024-04-09T19:03:00","date_gmt":"2024-04-09T19:03:00","guid":{"rendered":"https:\/\/ahora.com.ar\/show\/musica-la-reconocida-banda-viejas-locas-estara-parana-n5369435"},"modified":"2024-04-09T19:03:00","modified_gmt":"2024-04-09T19:03:00","slug":"musica-la-reconocida-banda-viejas-locas-estara-en-parana","status":"publish","type":"post","link":"http:\/\/hoycordobaweb.com\/index.php\/2024\/04\/09\/musica-la-reconocida-banda-viejas-locas-estara-en-parana\/","title":{"rendered":"M\u00fasica: la reconocida banda Viejas Locas estar\u00e1 en Paran\u00e1"},"content":{"rendered":"<div><img src=\"http:\/\/hoycordobaweb.com\/wp-content\/uploads\/2024\/04\/musica-la-reconocida-banda-viejas-locas-estara-en-parana.jpg\" class=\"ff-og-image-inserted\"><\/div>\n<div id>\n<div class=\"article-body__info-wrapper\"><span class=\"article-body__date\"> <time datetime=\"2024-04-09T19:03:00.000Z\">9 de abril de 2024 &#8211; 16:03<\/time><\/span> <\/div>\n<p><strong>La <a href=\"https:\/\/ahora.com.ar\/musica-a7417\" target=\"_blank\" rel=\"follow noopener noreferrer\">reconocida banda de m\u00fasica Viejas Locas<\/a> estar\u00e1 pr\u00f3ximamente en Paran\u00e1. Tocar\u00e1 junto a La Posta en Monet Club<\/strong>. En <em>AHORA Litoral<\/em>, <strong>Fachi,<\/strong> actual bajista y voz de la formaci\u00f3n, cont\u00f3 sus expectativas para esta presentaci\u00f3n en la capital, 35 a\u00f1os despu\u00e9s de formarse como grupo. <\/p>\n<\/div>\n<div id>\n<h2>M\u00fasica: \u00abEstamos muy contentos, recorriendo el pa\u00eds\u00bb<\/h2>\n<p>\u00ab<strong>Estamos cumpliendo 35 a\u00f1os, desde aquel 1989 que fundamos el grupo<\/strong>. Estamos muy contentos, recorriendo el pa\u00eds. En aquel momento empez\u00f3 una banda muy m\u00e1gica, del barrio Piedrabuena de Lugano, muy popular. Fuimos creciendo de a poco\u00bb, dijo Fachi. <\/p>\n<\/div>\n","protected":false},"excerpt":{"rendered":"<p>9 de abril de 2024 &#8211; 16:03 La reconocida banda de m\u00fasica Viejas Locas estar\u00e1 pr\u00f3ximamente en Paran\u00e1. Tocar\u00e1 junto a La Posta en Monet Club. En AHORA Litoral, Fachi, actual bajista y voz de la formaci\u00f3n, cont\u00f3 sus expectativas para esta presentaci\u00f3n en la capital, 35 a\u00f1os despu\u00e9s de formarse como grupo. M\u00fasica: \u00abEstamos [&hellip;]<\/p>\n","protected":false},"author":1,"featured_media":76133,"comment_status":"closed","ping_status":"closed","sticky":false,"template":"","format":"standard","meta":[],"categories":[10,23],"tags":[],"_links":{"self":[{"href":"http:\/\/hoycordobaweb.com\/index.php\/wp-json\/wp\/v2\/posts\/76132"}],"collection":[{"href":"http:\/\/hoycordobaweb.com\/index.php\/wp-json\/wp\/v2\/posts"}],"about":[{"href":"http:\/\/hoycordobaweb.com\/index.php\/wp-json\/wp\/v2\/types\/post"}],"author":[{"embeddable":true,"href":"http:\/\/hoycordobaweb.com\/index.php\/wp-json\/wp\/v2\/users\/1"}],"replies":[{"embeddable":true,"href":"http:\/\/hoycordobaweb.com\/index.php\/wp-json\/wp\/v2\/comments?post=76132"}],"version-history":[{"count":0,"href":"http:\/\/hoycordobaweb.com\/index.php\/wp-json\/wp\/v2\/posts\/76132\/revisions"}],"wp:featuredmedia":[{"embeddable":true,"href":"http:\/\/hoycordobaweb.com\/index.php\/wp-json\/wp\/v2\/media\/76133"}],"wp:attachment":[{"href":"http:\/\/hoycordobaweb.com\/index.php\/wp-json\/wp\/v2\/media?parent=76132"}],"wp:term":[{"taxonomy":"category","embeddable":true,"href":"http:\/\/hoycordobaweb.com\/index.php\/wp-json\/wp\/v2\/categories?post=76132"},{"taxonomy":"post_tag","embeddable":true,"href":"http:\/\/hoycordobaweb.com\/index.php\/wp-json\/wp\/v2\/tags?post=76132"}],"curies":[{"name":"wp","href":"https:\/\/api.w.org\/{rel}","templated":true}]}}