{"id":76115,"date":"2024-04-14T17:44:22","date_gmt":"2024-04-14T17:44:22","guid":{"rendered":"https:\/\/www.ole.com.ar\/futbol-internacional\/campeon-bayer-leverkusen-alemania-palacios_0_zCz6yMJIwg.html"},"modified":"2024-04-14T17:44:22","modified_gmt":"2024-04-14T17:44:22","slug":"el-leverkusen-de-palacios-gano-la-bundesliga-por-primera-vez-los-numeros-del-campeon-y-mas","status":"publish","type":"post","link":"http:\/\/hoycordobaweb.com\/index.php\/2024\/04\/14\/el-leverkusen-de-palacios-gano-la-bundesliga-por-primera-vez-los-numeros-del-campeon-y-mas\/","title":{"rendered":"El Leverkusen de Palacios gan\u00f3 la Bundesliga por primera vez: los n\u00fameros del campe\u00f3n y m\u00e1s"},"content":{"rendered":"<p><img src=\"http:\/\/hoycordobaweb.com\/wp-content\/uploads\/2024\/04\/el-leverkusen-de-palacios-gano-la-bundesliga-por-primera-vez-los-numeros-del-campeon-y-mas.jpg\"><\/p>\n<p><time class=\"createDate\" datetime=\"2024-04-14T14:44:22-03:00\">14\/04\/2024 14:44hs.<\/time><time class=\"modificatedDate\" datetime=\"2024-04-14T15:38:18-03:00\"> Actualizado al 14\/04\/2024 15:38hs.<\/time><\/p>\n<div id=\"storyBody\">\n<div class=\"custom-text \" readability=\"42\">\n<p>Cinco fechas antes del final, siendo una verdadera aplanadora a lo largo de la temporada, <strong>Bayer Leverkusen grit\u00f3 campe\u00f3n de la Bundesliga por primera vez en su historia en 119 a\u00f1os de vida <\/strong>(ten\u00eda una Copa de Alemania y una UEFA como t\u00edtulos m\u00e1s significativos). <strong>Gole\u00f3 5-0 de local al Werder Bremen y alcanz\u00f3 al gloria<\/strong>. Por si fuera poco, cort\u00f3 con la hegemon\u00eda de Bayern Munich (llevaba once consecutivas, B. Dortmund hab\u00eda sido el \u00faltimo monarca distinto). Un argentino, campe\u00f3n del mundo, forma parte de este festejo: <strong>Exequiel Palacios, que este domingo jug\u00f3 13 minutos y aport\u00f3 una asistencia para el 4-0 parcial. <\/strong><\/p>\n<\/div>\n<div type=\"embed\" class=\"sc-7ce6049-0 dwIKul\">\n<div class=\"sc-7ce6049-1 bdcBBS videoText\" id=\"contentTitleembedbuUKmDDR\" type=\"embed\" readability=\"56\"><svg fill=\"#ffffff\"><symbol id=\"play\" viewBox=\"0 0 512 512\"><path d=\"M512 256C512 397.4 397.4 512 256 512C114.6 512 0 397.4 0 256C0 114.6 114.6 0 256 0C397.4 0 512 114.6 512 256zM176 168V344C176 352.7 180.7 360.7 188.3 364.9C195.8 369.2 205.1 369 212.5 364.5L356.5 276.5C363.6 272.1 368 264.4 368 256C368 247.6 363.6 239.9 356.5 235.5L212.5 147.5C205.1 142.1 195.8 142.8 188.3 147.1C180.7 151.3 176 159.3 176 168V168z\" \/><\/symbol><use xlink:href=\"#play\" \/><\/svg><\/p>\n<div class=\"right\" readability=\"7\">\n<p>Bayer Leverkusen<!-- --> &#8211;<!-- --> <span>14-4-2024<\/span><\/p>\n<h2 class=\"title-vid\">Bayer Leverkusen, campe\u00f3n de la Bundesliga<\/h2>\n<\/div>\n<\/div>\n<p><span class=\"back\" id=\"spanBackembedbuUKmDDR\"><\/span><\/div>\n<p><h2><strong>Los n\u00fameros de Leverkusen y los otros t\u00edtulos que podr\u00eda alcanzar en la temporada<\/strong><\/h2>\n<\/p>\n<div class=\"custom-text \" readability=\"41\">\n<p>Jugadas 29 fechas, <strong>Bayer obtuvo 79 puntos, producto de 25 victorias y cuatro empates. <\/strong>Est\u00e1 invicto en la temporada (43 juegos en total), sumando Copa de Alemania (finalista) y Europa League (en cuartos). <strong>Los dirigidos por Xabi Alonso, el padre de la criatura, marcaron 70 goles y han sufrido apenas 19 en esta Bundeslig<\/strong>a. Ah, le llevan 16 puntos de ventaja a los segundos: Bayern Munich y Stuttgart.<\/p>\n<\/div>\n<div class=\"sc-e7b891c4-0 jPbnQF\"><img alt=\"El DT Alonso (AFP). \" src=\"http:\/\/hoycordobaweb.com\/wp-content\/uploads\/2024\/04\/el-leverkusen-de-palacios-gano-la-bundesliga-por-primera-vez-los-numeros-del-campeon-y-mas-2.jpg\" width=\"720\" height=\"100\" decoding=\"async\" data-nimg=\"future\" loading=\"lazy\"><span class=\"epigraphe\">El DT Alonso (AFP). <\/span><\/div>\n<div class=\"custom-text \" readability=\"38\">\n<p>Ya con una corona en el bolsillo, el pr\u00f3ximo jueves buscar\u00e1 en Inglaterra llegar a las semis de la Europa Leagu<strong>e. En la ida, jugada contra West Ham, se impuso por 2-0.<\/strong> En tanto, el 25 de mayo <strong>jugar\u00e1 la final de la Copa de Alemania contra Kaiserlautern.<\/strong> Va por todo.<\/p>\n<\/div>\n<div class=\"sc-e7b891c4-0 jPbnQF\"><img alt=\"El delirio de los hinchas (AFP).\" src=\"http:\/\/hoycordobaweb.com\/wp-content\/uploads\/2024\/04\/el-leverkusen-de-palacios-gano-la-bundesliga-por-primera-vez-los-numeros-del-campeon-y-mas-3.jpg\" width=\"720\" height=\"100\" decoding=\"async\" data-nimg=\"future\" loading=\"lazy\"><span class=\"epigraphe\">El delirio de los hinchas (AFP).<\/span><\/div>\n<div type=\"embed\" class=\"sc-7ce6049-0 dwIKul\">\n<div class=\"sc-7ce6049-1 bdcBBS videoText\" id=\"contentTitleembedUk3ywUz9\" type=\"embed\" readability=\"56\"><svg fill=\"#ffffff\"><symbol id=\"play\" viewBox=\"0 0 512 512\"><path d=\"M512 256C512 397.4 397.4 512 256 512C114.6 512 0 397.4 0 256C0 114.6 114.6 0 256 0C397.4 0 512 114.6 512 256zM176 168V344C176 352.7 180.7 360.7 188.3 364.9C195.8 369.2 205.1 369 212.5 364.5L356.5 276.5C363.6 272.1 368 264.4 368 256C368 247.6 363.6 239.9 356.5 235.5L212.5 147.5C205.1 142.1 195.8 142.8 188.3 147.1C180.7 151.3 176 159.3 176 168V168z\" \/><\/symbol><use xlink:href=\"#play\" \/><\/svg><\/p>\n<div class=\"right\" readability=\"7\">\n<p>Bayer Leverkusen<!-- --> &#8211;<!-- --> <span>14-4-2024<\/span><\/p>\n<h2 class=\"title-vid\">Los festejos del campe\u00f3n<\/h2>\n<\/div>\n<\/div>\n<p><span class=\"back\" id=\"spanBackembedUk3ywUz9\"><\/span><\/div>\n<p><h2><strong>Palacios y su aporte en esta Bundesliga<\/strong><\/h2>\n<\/p>\n<div class=\"sc-e7b891c4-0 jPbnQF\"><img alt=\"El Tucu y su primer t\u00edtulo (AP).\" src=\"http:\/\/hoycordobaweb.com\/wp-content\/uploads\/2024\/04\/el-leverkusen-de-palacios-gano-la-bundesliga-por-primera-vez-los-numeros-del-campeon-y-mas-4.jpg\" width=\"720\" height=\"100\" decoding=\"async\" data-nimg=\"future\" loading=\"lazy\"><span class=\"epigraphe\">El Tucu y su primer t\u00edtulo (AP).<\/span><\/div>\n<div class=\"custom-text \" readability=\"40\">\n<p><strong>Arribado al club en 2020, es la primera vuelta ol\u00edmpica para el ex volante de River<\/strong>. Tuvo mucha participaci\u00f3n en la primera parte de la temporada y, si bien continu\u00f3 en la consideraci\u00f3n de Alonso, en este semestre sufri\u00f3 algunos problemas f\u00edsicos que lo marginaron de varios encuentros.<strong> Ha disputado 21 partidos en el torneo dom\u00e9stico, con tres goles y cuatro asistencias. En la temporada suma 29 en total,<\/strong> con cinco conquistas y cinco asistencias. <\/p>\n<\/div>\n<div type=\"embed\" class=\"sc-7ce6049-0 dwIKul\">\n<div class=\"sc-7ce6049-1 bdcBBS videoText\" id=\"contentTitleembedTDasKMJd\" type=\"embed\" readability=\"56\"><svg fill=\"#ffffff\"><symbol id=\"play\" viewBox=\"0 0 512 512\"><path d=\"M512 256C512 397.4 397.4 512 256 512C114.6 512 0 397.4 0 256C0 114.6 114.6 0 256 0C397.4 0 512 114.6 512 256zM176 168V344C176 352.7 180.7 360.7 188.3 364.9C195.8 369.2 205.1 369 212.5 364.5L356.5 276.5C363.6 272.1 368 264.4 368 256C368 247.6 363.6 239.9 356.5 235.5L212.5 147.5C205.1 142.1 195.8 142.8 188.3 147.1C180.7 151.3 176 159.3 176 168V168z\" \/><\/symbol><use xlink:href=\"#play\" \/><\/svg><\/p>\n<div class=\"right\" readability=\"7\">\n<p>Exequiel Palacios<!-- --> &#8211;<!-- --> <span>14-4-2024<\/span><\/p>\n<h2 class=\"title-vid\">El festejo de Palacios con Xabi Alonso<\/h2>\n<\/div>\n<\/div>\n<p><span class=\"back\" id=\"spanBackembedTDasKMJd\"><\/span><\/div>\n<div type=\"embed\" class=\"sc-7ce6049-0 dwIKul\">\n<div class=\"sc-7ce6049-1 bdcBBS videoText\" id=\"contentTitleembedn2AWIL4J\" type=\"embed\" readability=\"56\"><svg fill=\"#ffffff\"><symbol id=\"play\" viewBox=\"0 0 512 512\"><path d=\"M512 256C512 397.4 397.4 512 256 512C114.6 512 0 397.4 0 256C0 114.6 114.6 0 256 0C397.4 0 512 114.6 512 256zM176 168V344C176 352.7 180.7 360.7 188.3 364.9C195.8 369.2 205.1 369 212.5 364.5L356.5 276.5C363.6 272.1 368 264.4 368 256C368 247.6 363.6 239.9 356.5 235.5L212.5 147.5C205.1 142.1 195.8 142.8 188.3 147.1C180.7 151.3 176 159.3 176 168V168z\" \/><\/symbol><use xlink:href=\"#play\" \/><\/svg><\/p>\n<div class=\"right\" readability=\"7\">\n<p>Exequiel Palacios<!-- --> &#8211;<!-- --> <span>14-4-2024<\/span><\/p>\n<h2 class=\"title-vid\">El gol de Exequiel Palacios<\/h2>\n<\/div>\n<\/div>\n<p><span class=\"back\" id=\"spanBackembedn2AWIL4J\"><\/span><\/div>\n<div type=\"embed\" class=\"sc-7ce6049-0 dwIKul\">\n<div class=\"sc-7ce6049-1 bdcBBS videoText\" id=\"contentTitleembedxecUuNeu\" type=\"embed\" readability=\"56\"><svg fill=\"#ffffff\"><symbol id=\"play\" viewBox=\"0 0 512 512\"><path d=\"M512 256C512 397.4 397.4 512 256 512C114.6 512 0 397.4 0 256C0 114.6 114.6 0 256 0C397.4 0 512 114.6 512 256zM176 168V344C176 352.7 180.7 360.7 188.3 364.9C195.8 369.2 205.1 369 212.5 364.5L356.5 276.5C363.6 272.1 368 264.4 368 256C368 247.6 363.6 239.9 356.5 235.5L212.5 147.5C205.1 142.1 195.8 142.8 188.3 147.1C180.7 151.3 176 159.3 176 168V168z\" \/><\/symbol><use xlink:href=\"#play\" \/><\/svg><\/p>\n<div class=\"right\" readability=\"7\">\n<p>Exequiel Palacios<!-- --> &#8211;<!-- --> <span>14-4-2024<\/span><\/p>\n<h2 class=\"title-vid\">El resumen del tremendo empate entre el Bayern Munich y el Bayer Leverkusen<\/h2>\n<\/div>\n<\/div>\n<p><span class=\"back\" id=\"spanBackembedxecUuNeu\"><\/span><\/div>\n<div type=\"embed\" class=\"sc-7ce6049-0 dwIKul\">\n<div class=\"sc-7ce6049-1 bdcBBS videoText\" id=\"contentTitleembedtMjebGZT\" type=\"embed\" readability=\"56\"><svg fill=\"#ffffff\"><symbol id=\"play\" viewBox=\"0 0 512 512\"><path d=\"M512 256C512 397.4 397.4 512 256 512C114.6 512 0 397.4 0 256C0 114.6 114.6 0 256 0C397.4 0 512 114.6 512 256zM176 168V344C176 352.7 180.7 360.7 188.3 364.9C195.8 369.2 205.1 369 212.5 364.5L356.5 276.5C363.6 272.1 368 264.4 368 256C368 247.6 363.6 239.9 356.5 235.5L212.5 147.5C205.1 142.1 195.8 142.8 188.3 147.1C180.7 151.3 176 159.3 176 168V168z\" \/><\/symbol><use xlink:href=\"#play\" \/><\/svg><\/p>\n<div class=\"right\" readability=\"7\">\n<p>Exequiel Palacios<!-- --> &#8211;<!-- --> <span>14-4-2024<\/span><\/p>\n<h2 class=\"title-vid\">Con algo de fortuna, Palacios convirti\u00f3 para Bayer Leverkusen contra Darmstadt <\/h2>\n<\/div>\n<\/div>\n<p><span class=\"back\" id=\"spanBackembedtMjebGZT\"><\/span><\/div>\n<p><h2><strong>Argentinos campeones en la Bundesliga<\/strong><\/h2>\n<\/p>\n<div class=\"custom-text \" readability=\"35\">\n<p><strong>Mart\u00edn Demichelis:<\/strong> en siete a\u00f1os, entre varias vueltas ol\u00edmpicas, el actual t\u00e9cnico de River alz\u00f3 cuatro Bundesligas. <\/p>\n<\/div>\n<div class=\"sc-e7b891c4-0 jPbnQF\"><img alt=\"Micho y un festejo (REUTER). \" src=\"http:\/\/hoycordobaweb.com\/wp-content\/uploads\/2024\/04\/el-leverkusen-de-palacios-gano-la-bundesliga-por-primera-vez-los-numeros-del-campeon-y-mas-5.jpg\" width=\"720\" height=\"100\" decoding=\"async\" data-nimg=\"future\" loading=\"lazy\"><span class=\"epigraphe\">Micho y un festejo (REUTER). <\/span><\/div>\n<div class=\"custom-text \" readability=\"33\">\n<p><strong>Lucas Barrios:<\/strong> el ya retirado delantero (nacionalizado paraguayo) obtuvo dos Bundesligas con Borussia Dortmund.<\/p>\n<\/div>\n<div class=\"sc-e7b891c4-0 jPbnQF\"><img alt=\"Barrios y su alegr\u00eda. \" src=\"http:\/\/hoycordobaweb.com\/wp-content\/uploads\/2024\/04\/el-leverkusen-de-palacios-gano-la-bundesliga-por-primera-vez-los-numeros-del-campeon-y-mas-6.jpg\" width=\"720\" height=\"100\" decoding=\"async\" data-nimg=\"future\" loading=\"lazy\"><span class=\"epigraphe\">Barrios y su alegr\u00eda. <\/span><\/div>\n<div class=\"custom-text \" readability=\"33\">\n<p><strong>Jos\u00e9 Sosa: <\/strong>el hoy volante de Estudiantes jug\u00f3 tres temporadas en Bayern Munich y tambi\u00e9n gan\u00f3 una Bundesliga.<\/p>\n<\/div>\n<div class=\"sc-e7b891c4-0 jPbnQF\"><img alt=\"El Principito con la camiseta del Bayern. \" src=\"http:\/\/hoycordobaweb.com\/wp-content\/uploads\/2024\/04\/el-leverkusen-de-palacios-gano-la-bundesliga-por-primera-vez-los-numeros-del-campeon-y-mas-7.jpg\" width=\"720\" height=\"100\" decoding=\"async\" data-nimg=\"future\" loading=\"lazy\"><span class=\"epigraphe\">El Principito con la camiseta del Bayern. <\/span><\/div>\n<div class=\"sc-a7166897-0 exHLBh\" readability=\"6\">\n<section readability=\"2\"><picture><img alt=\"El Brasileirao arranc\u00f3 con goles (y triunfos) argentinos\" src=\"http:\/\/hoycordobaweb.com\/wp-content\/uploads\/2024\/04\/el-leverkusen-de-palacios-gano-la-bundesliga-por-primera-vez-los-numeros-del-campeon-y-mas-8.jpg\" width=\"290\" height=\"290\" decoding=\"async\" data-nimg=\"future\" loading=\"lazy\"><\/picture>\n<p><span>Mir\u00e1 tambi\u00e9n<\/span><\/p>\n<hr>\n<h3>El Brasileirao arranc\u00f3 con goles (y triunfos) argentinos<\/h3>\n<\/p>\n<\/section>\n<\/div>\n<div class=\"sc-a7166897-0 exHLBh\" readability=\"6\">\n<section readability=\"2\"><picture><img alt=\"El picant\u00edsimo cruce entre Pat\u00f3n Guzm\u00e1n y Andrada en M\u00e9xico\" src=\"http:\/\/hoycordobaweb.com\/wp-content\/uploads\/2024\/04\/el-leverkusen-de-palacios-gano-la-bundesliga-por-primera-vez-los-numeros-del-campeon-y-mas-9.jpg\" width=\"290\" height=\"290\" decoding=\"async\" data-nimg=\"future\" loading=\"lazy\"><\/picture>\n<p><span>Mir\u00e1 tambi\u00e9n<\/span><\/p>\n<hr>\n<h3>El picant\u00edsimo cruce entre Pat\u00f3n Guzm\u00e1n y Andrada en M\u00e9xico<\/h3>\n<\/p>\n<\/section>\n<\/div>\n<div class=\"sc-a7166897-0 exHLBh\" readability=\"6.5\">\n<section readability=\"3\"><picture><img alt=\"Otro golpazo para el Liverpool: perdi\u00f3 el invicto de local y qued\u00f3 tercero en la Premier\" src=\"http:\/\/hoycordobaweb.com\/wp-content\/uploads\/2024\/04\/el-leverkusen-de-palacios-gano-la-bundesliga-por-primera-vez-los-numeros-del-campeon-y-mas-10.jpg\" width=\"290\" height=\"290\" decoding=\"async\" data-nimg=\"future\" loading=\"lazy\"><\/picture>\n<p><span>Mir\u00e1 tambi\u00e9n<\/span><\/p>\n<hr>\n<h3>Otro golpazo para el Liverpool: perdi\u00f3 el invicto de local y qued\u00f3 tercero en la Premier<\/h3>\n<\/p>\n<\/section>\n<\/div>\n<\/div>\n","protected":false},"excerpt":{"rendered":"<p>14\/04\/2024 14:44hs. Actualizado al 14\/04\/2024 15:38hs. Cinco fechas antes del final, siendo una verdadera aplanadora a lo largo de la temporada, Bayer Leverkusen grit\u00f3 campe\u00f3n de la Bundesliga por primera vez en su historia en 119 a\u00f1os de vida (ten\u00eda una Copa de Alemania y una UEFA como t\u00edtulos m\u00e1s significativos). Gole\u00f3 5-0 de local [&hellip;]<\/p>\n","protected":false},"author":1,"featured_media":76116,"comment_status":"open","ping_status":"closed","sticky":false,"template":"","format":"standard","meta":[],"categories":[16],"tags":[],"_links":{"self":[{"href":"http:\/\/hoycordobaweb.com\/index.php\/wp-json\/wp\/v2\/posts\/76115"}],"collection":[{"href":"http:\/\/hoycordobaweb.com\/index.php\/wp-json\/wp\/v2\/posts"}],"about":[{"href":"http:\/\/hoycordobaweb.com\/index.php\/wp-json\/wp\/v2\/types\/post"}],"author":[{"embeddable":true,"href":"http:\/\/hoycordobaweb.com\/index.php\/wp-json\/wp\/v2\/users\/1"}],"replies":[{"embeddable":true,"href":"http:\/\/hoycordobaweb.com\/index.php\/wp-json\/wp\/v2\/comments?post=76115"}],"version-history":[{"count":0,"href":"http:\/\/hoycordobaweb.com\/index.php\/wp-json\/wp\/v2\/posts\/76115\/revisions"}],"wp:featuredmedia":[{"embeddable":true,"href":"http:\/\/hoycordobaweb.com\/index.php\/wp-json\/wp\/v2\/media\/76116"}],"wp:attachment":[{"href":"http:\/\/hoycordobaweb.com\/index.php\/wp-json\/wp\/v2\/media?parent=76115"}],"wp:term":[{"taxonomy":"category","embeddable":true,"href":"http:\/\/hoycordobaweb.com\/index.php\/wp-json\/wp\/v2\/categories?post=76115"},{"taxonomy":"post_tag","embeddable":true,"href":"http:\/\/hoycordobaweb.com\/index.php\/wp-json\/wp\/v2\/tags?post=76115"}],"curies":[{"name":"wp","href":"https:\/\/api.w.org\/{rel}","templated":true}]}}