{"id":76111,"date":"2024-04-14T18:48:00","date_gmt":"2024-04-14T18:48:00","guid":{"rendered":"https:\/\/www.ole.com.ar\/river-plate\/river-palacios-demichelis-bundesliga_0_7lE5znLzxY.html"},"modified":"2024-04-14T18:48:00","modified_gmt":"2024-04-14T18:48:00","slug":"palacios-el-segundo-jugador-surgido-en-river-en-ser-campeon-de-la-bundesliga","status":"publish","type":"post","link":"http:\/\/hoycordobaweb.com\/index.php\/2024\/04\/14\/palacios-el-segundo-jugador-surgido-en-river-en-ser-campeon-de-la-bundesliga\/","title":{"rendered":"Palacios, el segundo jugador surgido en River en ser campe\u00f3n de la Bundesliga"},"content":{"rendered":"<p><img src=\"http:\/\/hoycordobaweb.com\/wp-content\/uploads\/2024\/04\/palacios-el-segundo-jugador-surgido-en-river-en-ser-campeon-de-la-bundesliga.jpg\"><\/p>\n<p><time class=\"createDate\" datetime=\"2024-04-14T15:48:00-03:00\">14\/04\/2024 15:48hs.<\/time><time class=\"modificatedDate\" datetime=\"2024-04-14T16:01:28-03:00\"> Actualizado al 14\/04\/2024 16:01hs.<\/time><\/p>\n<div id=\"storyBody\">\n<div class=\"custom-text \" readability=\"34.774193548387\">\n<p>El t\u00edtulo del Bayer Leverkusen es hist\u00f3rico para el club alem\u00e1n porque se trata de la primer campeonato de liga en los 119 a\u00f1os de historia de la instituci\u00f3n, pero tambi\u00e9n resulta una marca importante para <strong><a href=\"https:\/\/www.ole.com.ar\/tema\/river-plate.html\" title=\"River Plate\" alt=\"River Plate\" class=\"slug\">River<\/a><\/strong>:<strong> <a href=\"https:\/\/www.ole.com.ar\/tema\/exequiel-palacios.html\" title=\"Exequiel Palacios\" alt=\"Exequiel Palacios\" class=\"slug\">Exequiel Palacios<\/a> se convirti\u00f3 en el segundo futbolista formado en la cantera de N\u00fa\u00f1ez en ganar la <a href=\"https:\/\/www.ole.com.ar\/tema\/bundesliga.html\" title=\"Bundesliga\" alt=\"Bundesliga\" class=\"slug\">Bundesliga<\/a>, ya que <a href=\"https:\/\/www.ole.com.ar\/tema\/martin-demichelis.html\" title=\"Martin Demichelis\" alt=\"Martin Demichelis\" class=\"slug\">Mart\u00edn Demichelis<\/a> lo hab\u00eda conseguido con el Bayern Munich en cuatro oportunidades<\/strong>. Adem\u00e1s,<strong> solamente cuatro jugadores argentinos levantaron este prestigioso trofeo<\/strong> europeo:<strong> los otros dos fueron <\/strong>el delantero <strong>Lucas Barrios y<\/strong> el volante<strong> Jos\u00e9 Sosa.<\/strong><\/p>\n<\/div>\n<div class=\"custom-text \" readability=\"37\">\n<p><strong>Palacios<\/strong> fue una pieza clave del equipo del espa\u00f1ol Xabi Alonso, justamente un emblema legendario en un puesto muy similar al que ocupa el tucumano de 25 a\u00f1os que integr\u00f3 la Selecci\u00f3n Argentina que gan\u00f3 la Copa del Mundo en Qatar 2022. Porque el volante que hizo todas las Inferiores en River y fue parte crucial del hist\u00f3rico ciclo Gallardo <strong>jug\u00f3 1.577 minutos en 20 partidos (18 como titular) en la temporada 2023\/24 y convirti\u00f3 tres goles<\/strong>: ante Augsburgo (1-0), Bayern Munich (2-2) y Darmstadt 98 (5-1).<\/p>\n<\/div>\n<div class=\"custom-text \" readability=\"41\">\n<p>Con esta vuelta ol\u00edmpica, el volante que debut\u00f3 en la Primera de River a los 17 a\u00f1os sum\u00f3 el noveno t\u00edtulo en su carrera: Copa Argentina 2017 y 2019, Supercopa 2017, Libertadores 2018 y Recopa 2019 en el CARP, Copa Am\u00e9rica 2021, Final\u00edssima 2022 y Mundial 2022 con la Selecci\u00f3n, y la Budesliga con el Leverkusen.<\/p>\n<\/div>\n<div class=\"sc-e7b891c4-0 jPbnQF\"><img alt=\"El festejo \u00edntimo de los jugadores del Leverukusen con el DT Xabi Alonso (Rolf Vennenbernd\/dpa via AP)\" src=\"http:\/\/hoycordobaweb.com\/wp-content\/uploads\/2024\/04\/palacios-el-segundo-jugador-surgido-en-river-en-ser-campeon-de-la-bundesliga-2.jpg\" width=\"720\" height=\"100\" decoding=\"async\" data-nimg=\"future\" loading=\"lazy\"><span class=\"epigraphe\">El festejo \u00edntimo de los jugadores del Leverukusen con el DT Xabi Alonso (Rolf Vennenbernd\/dpa via AP)<\/span><\/div>\n<p><h2>El antecedente de Demichelis en el Bayern <\/h2>\n<\/p>\n<div class=\"custom-text \" readability=\"43\">\n<p>El actual entrenador de River fue el primer futbolista de la cantera del club en consagrarse campe\u00f3n de la Bundesliga: con el Bayern Munich en 2005, dos a\u00f1os despu\u00e9s de haber sido transferido desde N\u00fa\u00f1ez a los 22. De todos modos, Micho se cans\u00f3 de festejar t\u00edtulos en Alemania porque logr\u00f3 un total de 11 conquistas aunque todas a nivel local. Sus trofeos m\u00e1s valiosos en el Bayern fueron los cuatro ligas: en 2005, 2007, 2008 y 2010. En todos estos torneos, el ex defensor (que tambi\u00e9n jug\u00f3 como volante central en varias etapas de su estad\u00eda en Munich tuvo una partucipaci\u00f3n fundamental, ya que en el primer t\u00edtulo jug\u00f3 23 partidos, 26 en el segundo, 28 en el tercero y 21 en el cuarto. <\/p>\n<\/div>\n<div class=\"sc-e7b891c4-0 jPbnQF\"><img alt=\"Palacios y Demichelis, Bundesliga\" src=\"http:\/\/hoycordobaweb.com\/wp-content\/uploads\/2024\/04\/palacios-el-segundo-jugador-surgido-en-river-en-ser-campeon-de-la-bundesliga-3.jpg\" width=\"720\" height=\"100\" decoding=\"async\" data-nimg=\"future\" loading=\"lazy\"><span class=\"epigraphe\">Palacios y Demichelis, Bundesliga<\/span><\/div>\n<p><h2>Los casos de Lucas Barrios y Jos\u00e9 Sosa<\/h2>\n<\/p>\n<div class=\"custom-text \" readability=\"37\">\n<p>El delantero Lucas Barrios, nacionalizado paraguayo, es otro de los cuatro argentinos campeones de la Bundesliga y lo consigui\u00f3 en dos oportunidades con el Borussia Dortmund. En la temporada 2000\/11 convirti\u00f3 16 goles en 32 partidos disputados y en la 2011\/12, cuatro en 18 juegos.<\/p>\n<\/div>\n<div class=\"custom-text \" readability=\"36\">\n<p>El volante Jos\u00e9 Sosa, formado en las Inferiores de Estudiantes, levant\u00f3 el trofeo de la liga alemana en la temporada 2007\/08, en la que disput\u00f3 15 partidos y no hizo goles. <\/p>\n<\/div>\n<div class=\"sc-a7166897-0 exHLBh\" readability=\"6.5\">\n<section readability=\"3\"><picture><img alt=\"El Leverkusen de Palacios gan\u00f3 la Bundesliga por primera vez: los n\u00fameros del campe\u00f3n y m\u00e1s\" src=\"http:\/\/hoycordobaweb.com\/wp-content\/uploads\/2024\/04\/palacios-el-segundo-jugador-surgido-en-river-en-ser-campeon-de-la-bundesliga-4.jpg\" width=\"290\" height=\"290\" decoding=\"async\" data-nimg=\"future\" loading=\"lazy\"><\/picture>\n<p><span>Mir\u00e1 tambi\u00e9n<\/span><\/p>\n<hr>\n<h3>El Leverkusen de Palacios gan\u00f3 la Bundesliga por primera vez: los n\u00fameros del campe\u00f3n y m\u00e1s<\/h3>\n<\/p>\n<\/section>\n<\/div>\n<div class=\"sc-a7166897-0 exHLBh\" readability=\"6\">\n<section readability=\"2\"><picture><img alt=\"C\u00f3mo le fue a River de visitante en la Copa de la Liga 2024\" src=\"http:\/\/hoycordobaweb.com\/wp-content\/uploads\/2024\/04\/palacios-el-segundo-jugador-surgido-en-river-en-ser-campeon-de-la-bundesliga-5.jpg\" width=\"290\" height=\"290\" decoding=\"async\" data-nimg=\"future\" loading=\"lazy\"><\/picture>\n<p><span>Mir\u00e1 tambi\u00e9n<\/span><\/p>\n<hr>\n<h3>C\u00f3mo le fue a River de visitante en la Copa de la Liga 2024<\/h3>\n<\/p>\n<\/section>\n<\/div>\n<div class=\"sc-a7166897-0 exHLBh\" readability=\"6\">\n<section readability=\"2\"><picture><img alt=\"\u00bfQu\u00e9 necesita River para pasar a cuartos de final de la Copa de la Liga?\" src=\"http:\/\/hoycordobaweb.com\/wp-content\/uploads\/2024\/04\/palacios-el-segundo-jugador-surgido-en-river-en-ser-campeon-de-la-bundesliga-6.jpg\" width=\"290\" height=\"290\" decoding=\"async\" data-nimg=\"future\" loading=\"lazy\"><\/picture>\n<p><span>Mir\u00e1 tambi\u00e9n<\/span><\/p>\n<hr>\n<h3>\u00bfQu\u00e9 necesita River para pasar a cuartos de final de la Copa de la Liga?<\/h3>\n<\/p>\n<\/section>\n<\/div>\n<\/div>\n","protected":false},"excerpt":{"rendered":"<p>14\/04\/2024 15:48hs. Actualizado al 14\/04\/2024 16:01hs. El t\u00edtulo del Bayer Leverkusen es hist\u00f3rico para el club alem\u00e1n porque se trata de la primer campeonato de liga en los 119 a\u00f1os de historia de la instituci\u00f3n, pero tambi\u00e9n resulta una marca importante para River: Exequiel Palacios se convirti\u00f3 en el segundo futbolista formado en la cantera [&hellip;]<\/p>\n","protected":false},"author":1,"featured_media":76112,"comment_status":"open","ping_status":"closed","sticky":false,"template":"","format":"standard","meta":[],"categories":[16],"tags":[],"_links":{"self":[{"href":"http:\/\/hoycordobaweb.com\/index.php\/wp-json\/wp\/v2\/posts\/76111"}],"collection":[{"href":"http:\/\/hoycordobaweb.com\/index.php\/wp-json\/wp\/v2\/posts"}],"about":[{"href":"http:\/\/hoycordobaweb.com\/index.php\/wp-json\/wp\/v2\/types\/post"}],"author":[{"embeddable":true,"href":"http:\/\/hoycordobaweb.com\/index.php\/wp-json\/wp\/v2\/users\/1"}],"replies":[{"embeddable":true,"href":"http:\/\/hoycordobaweb.com\/index.php\/wp-json\/wp\/v2\/comments?post=76111"}],"version-history":[{"count":0,"href":"http:\/\/hoycordobaweb.com\/index.php\/wp-json\/wp\/v2\/posts\/76111\/revisions"}],"wp:featuredmedia":[{"embeddable":true,"href":"http:\/\/hoycordobaweb.com\/index.php\/wp-json\/wp\/v2\/media\/76112"}],"wp:attachment":[{"href":"http:\/\/hoycordobaweb.com\/index.php\/wp-json\/wp\/v2\/media?parent=76111"}],"wp:term":[{"taxonomy":"category","embeddable":true,"href":"http:\/\/hoycordobaweb.com\/index.php\/wp-json\/wp\/v2\/categories?post=76111"},{"taxonomy":"post_tag","embeddable":true,"href":"http:\/\/hoycordobaweb.com\/index.php\/wp-json\/wp\/v2\/tags?post=76111"}],"curies":[{"name":"wp","href":"https:\/\/api.w.org\/{rel}","templated":true}]}}