{"id":76095,"date":"2024-04-02T16:44:00","date_gmt":"2024-04-02T16:44:00","guid":{"rendered":"https:\/\/fm-comunicar.com.ar\/contenido\/21484\/a-42-anos-de-la-guerra-la-region-brindo-homenaje-a-los-heroes-de-malvinas"},"modified":"2024-04-02T16:44:00","modified_gmt":"2024-04-02T16:44:00","slug":"a-42-anos-de-la-guerra-la-region-brindo-homenaje-a-los-heroes-de-malvinas","status":"publish","type":"post","link":"http:\/\/hoycordobaweb.com\/index.php\/2024\/04\/02\/a-42-anos-de-la-guerra-la-region-brindo-homenaje-a-los-heroes-de-malvinas\/","title":{"rendered":"A 42 a\u00f1os de la guerra, la regi\u00f3n brind\u00f3 homenaje a los h\u00e9roes de Malvinas"},"content":{"rendered":"<p>Los municipios e instituciones hicieron diferentes reconocimientos a los vecinos de la zona que estuvieron en la guerra de 1982.<img src=\"http:\/\/hoycordobaweb.com\/wp-content\/uploads\/2024\/04\/a-42-anos-de-la-guerra-la-region-brindo-homenaje-a-los-heroes-de-malvinas.jpg\"><\/p>\n","protected":false},"excerpt":{"rendered":"<p>Los municipios e instituciones hicieron diferentes reconocimientos a los vecinos de la zona que estuvieron en la guerra de 1982.<\/p>\n","protected":false},"author":1,"featured_media":76096,"comment_status":"closed","ping_status":"closed","sticky":false,"template":"","format":"standard","meta":[],"categories":[18],"tags":[],"_links":{"self":[{"href":"http:\/\/hoycordobaweb.com\/index.php\/wp-json\/wp\/v2\/posts\/76095"}],"collection":[{"href":"http:\/\/hoycordobaweb.com\/index.php\/wp-json\/wp\/v2\/posts"}],"about":[{"href":"http:\/\/hoycordobaweb.com\/index.php\/wp-json\/wp\/v2\/types\/post"}],"author":[{"embeddable":true,"href":"http:\/\/hoycordobaweb.com\/index.php\/wp-json\/wp\/v2\/users\/1"}],"replies":[{"embeddable":true,"href":"http:\/\/hoycordobaweb.com\/index.php\/wp-json\/wp\/v2\/comments?post=76095"}],"version-history":[{"count":0,"href":"http:\/\/hoycordobaweb.com\/index.php\/wp-json\/wp\/v2\/posts\/76095\/revisions"}],"wp:featuredmedia":[{"embeddable":true,"href":"http:\/\/hoycordobaweb.com\/index.php\/wp-json\/wp\/v2\/media\/76096"}],"wp:attachment":[{"href":"http:\/\/hoycordobaweb.com\/index.php\/wp-json\/wp\/v2\/media?parent=76095"}],"wp:term":[{"taxonomy":"category","embeddable":true,"href":"http:\/\/hoycordobaweb.com\/index.php\/wp-json\/wp\/v2\/categories?post=76095"},{"taxonomy":"post_tag","embeddable":true,"href":"http:\/\/hoycordobaweb.com\/index.php\/wp-json\/wp\/v2\/tags?post=76095"}],"curies":[{"name":"wp","href":"https:\/\/api.w.org\/{rel}","templated":true}]}}