{"id":76070,"date":"2024-04-13T16:24:11","date_gmt":"2024-04-13T16:24:11","guid":{"rendered":"https:\/\/www.ole.com.ar\/futbol-internacional\/espana\/partido-mallorca-real-espana_0_g06yO3ZOv3.html"},"modified":"2024-04-13T16:24:11","modified_gmt":"2024-04-13T16:24:11","slug":"el-puntero-madrid-derroto-al-mallorca-de-maffeo-antes-de-la-revancha-con-el-city","status":"publish","type":"post","link":"http:\/\/hoycordobaweb.com\/index.php\/2024\/04\/13\/el-puntero-madrid-derroto-al-mallorca-de-maffeo-antes-de-la-revancha-con-el-city\/","title":{"rendered":"El puntero Madrid derrot\u00f3 al Mallorca de Maffeo antes de la revancha con el City"},"content":{"rendered":"<p><img src=\"http:\/\/hoycordobaweb.com\/wp-content\/uploads\/2024\/04\/el-puntero-madrid-derroto-al-mallorca-de-maffeo-antes-de-la-revancha-con-el-city.jpg\"><\/p>\n<p><time class=\"createDate\" datetime=\"2024-04-13T13:24:11-03:00\">13\/04\/2024 13:24hs.<\/time><time class=\"modificatedDate\" datetime=\"2024-04-13T15:31:45-03:00\"> Actualizado al 13\/04\/2024 15:31hs.<\/time><\/p>\n<div id=\"storyBody\">\n<div class=\"custom-text \" readability=\"40\">\n<p>Si bien el principal objetivo es la Champions, buscando la n\u00famero 14 de su rica historia, Real Madrid no descuida la liga de Espa\u00f1a.<strong> Este s\u00e1bado, dio otro paso rumbo al t\u00edtulo dom\u00e9stico al vencer por 1-0 al Mallorca de Pablo Maffeo.<\/strong> El lateral, convocado en 2023 por Lionel Scaloni, <strong>volvi\u00f3 a ser titular despu\u00e9s de tres meses (en el medio hab\u00eda sido operado de los meniscos). Jug\u00f3 77 minutos.<\/strong><\/p>\n<\/div>\n<div class=\"custom-text \" readability=\"40\">\n<p>Luego de un primer tiempo pobre, sin emociones y con apenas un remate del ingl\u00e9s Bellingham como chance m\u00e1s clara, el Real (que cuid\u00f3 a algunos jugadores pensando en la revancha contra el City, el mi\u00e9rcoles en Inglaterra) <strong>lo abri\u00f3 gracias al franc\u00e9s Tchuoam\u00e9ni, que remat\u00f3 desde afuera del \u00e1rea grande a los tres minutos del ST para poner el 1-0.<\/strong> Una segunda parte m\u00e1s movida y con situaciones para el visitante y dos aisladas para el local (Mallorca tuvo una clar\u00edsima que sac\u00f3 el arquero Lunin de manera magistral). No obstante, el marcador no se alter\u00f3 en lo restante.<\/p>\n<\/div>\n<div class=\"sc-e7b891c4-0 jPbnQF\"><img alt=\"Maffeo volvi\u00f3 a ser titular (EFE). \" src=\"http:\/\/hoycordobaweb.com\/wp-content\/uploads\/2024\/04\/el-puntero-madrid-derroto-al-mallorca-de-maffeo-antes-de-la-revancha-con-el-city-2.jpg\" width=\"720\" height=\"100\" decoding=\"async\" data-nimg=\"future\" loading=\"lazy\"><span class=\"epigraphe\">Maffeo volvi\u00f3 a ser titular (EFE). <\/span><\/div>\n<div class=\"custom-text \" readability=\"37\">\n<p><strong>Jugadas 31 fechas, el Merengue lidera con 78 puntos y se acerca, progresivamente, a una nueva vuelta ol\u00edmpica<\/strong>. Y ahora ya se pondr\u00e1 el chip de Champions en la cabeza tras el 3-3 de la ida jugada contra el City en el Bernab\u00e9u. \u00bfPodr\u00e1 en Inglaterra llegar a semis?<\/p>\n<\/div>\n<div class=\"sc-e7b891c4-0 jPbnQF\"><img alt=\"El Madrid celebra (EFE). \" src=\"http:\/\/hoycordobaweb.com\/wp-content\/uploads\/2024\/04\/el-puntero-madrid-derroto-al-mallorca-de-maffeo-antes-de-la-revancha-con-el-city-3.jpg\" width=\"720\" height=\"100\" decoding=\"async\" data-nimg=\"future\" loading=\"lazy\"><span class=\"epigraphe\">El Madrid celebra (EFE). <\/span><\/div>\n<div class=\"custom-text \" readability=\"35\">\n<p><strong>Por su parte, Mallorca qued\u00f3 con 31 puntos en el puesto 15<\/strong>. Est\u00e1 a seis de la zona de descenso (C\u00e1diz tiene un partido menos) y deber\u00e1 sumar en lo que queda para no sufrir dolores de cabeza en el tramo final de la Liga.<\/p>\n<\/div>\n<p><h2><strong>El gol de Real Madrid<\/strong><\/h2>\n<\/p>\n<div type=\"embed\" class=\"sc-7ce6049-0 dwIKul\">\n<div class=\"sc-7ce6049-1 bdcBBS videoText\" id=\"contentTitleembed0rVT4uzf\" type=\"embed\"><svg fill=\"#ffffff\"><symbol id=\"play\" viewBox=\"0 0 512 512\"><path d=\"M512 256C512 397.4 397.4 512 256 512C114.6 512 0 397.4 0 256C0 114.6 114.6 0 256 0C397.4 0 512 114.6 512 256zM176 168V344C176 352.7 180.7 360.7 188.3 364.9C195.8 369.2 205.1 369 212.5 364.5L356.5 276.5C363.6 272.1 368 264.4 368 256C368 247.6 363.6 239.9 356.5 235.5L212.5 147.5C205.1 142.1 195.8 142.8 188.3 147.1C180.7 151.3 176 159.3 176 168V168z\" \/><\/symbol><use xlink:href=\"#play\" \/><\/svg><\/p>\n<div class=\"right\">\n<p>Real Madrid<!-- --> &#8211;<!-- --> <span>13-4-2024<\/span><\/p>\n<h2 class=\"title-vid\">El gol de Tchouameni ante Mallorca<\/h2>\n<\/div>\n<\/div>\n<p><span class=\"back\" id=\"spanBackembed0rVT4uzf\"><\/span><\/div>\n<div class=\"sc-a7166897-0 exHLBh\" readability=\"6\">\n<section readability=\"2\"><picture><img alt=\"Los cinco jugadores revelaci\u00f3n en Europa del 2024\" src=\"http:\/\/hoycordobaweb.com\/wp-content\/uploads\/2024\/04\/el-puntero-madrid-derroto-al-mallorca-de-maffeo-antes-de-la-revancha-con-el-city-4.jpg\" width=\"290\" height=\"290\" decoding=\"async\" data-nimg=\"future\" loading=\"lazy\"><\/picture>\n<p><span>Mir\u00e1 tambi\u00e9n<\/span><\/p>\n<hr>\n<h3>Los cinco jugadores revelaci\u00f3n en Europa del 2024<\/h3>\n<\/p>\n<\/section>\n<\/div>\n<div class=\"sc-a7166897-0 exHLBh\" readability=\"6\">\n<section readability=\"2\"><picture><img alt=\"Xavi: &quot;El comentario fue repugnante y condenable&quot;\" src=\"http:\/\/hoycordobaweb.com\/wp-content\/uploads\/2024\/04\/el-puntero-madrid-derroto-al-mallorca-de-maffeo-antes-de-la-revancha-con-el-city-5.jpg\" width=\"290\" height=\"290\" decoding=\"async\" data-nimg=\"future\" loading=\"lazy\"><\/picture>\n<p><span>Mir\u00e1 tambi\u00e9n<\/span><\/p>\n<hr>\n<h3>Xavi: \u00abEl comentario fue repugnante y condenable\u00bb<\/h3>\n<\/p>\n<\/section>\n<\/div>\n<div class=\"sc-a7166897-0 exHLBh\" readability=\"6\">\n<section readability=\"2\"><picture><img alt=\"La novedosa camiseta que el Barcelona estrenar\u00e1 contra el Real Madrid\" src=\"http:\/\/hoycordobaweb.com\/wp-content\/uploads\/2024\/04\/el-puntero-madrid-derroto-al-mallorca-de-maffeo-antes-de-la-revancha-con-el-city-6.jpg\" width=\"290\" height=\"290\" decoding=\"async\" data-nimg=\"future\" loading=\"lazy\"><\/picture>\n<p><span>Mir\u00e1 tambi\u00e9n<\/span><\/p>\n<hr>\n<h3>La novedosa camiseta que el Barcelona estrenar\u00e1 contra el Real Madrid<\/h3>\n<\/p>\n<\/section>\n<\/div>\n<\/div>\n","protected":false},"excerpt":{"rendered":"<p>13\/04\/2024 13:24hs. Actualizado al 13\/04\/2024 15:31hs. Si bien el principal objetivo es la Champions, buscando la n\u00famero 14 de su rica historia, Real Madrid no descuida la liga de Espa\u00f1a. Este s\u00e1bado, dio otro paso rumbo al t\u00edtulo dom\u00e9stico al vencer por 1-0 al Mallorca de Pablo Maffeo. El lateral, convocado en 2023 por Lionel [&hellip;]<\/p>\n","protected":false},"author":1,"featured_media":76071,"comment_status":"open","ping_status":"closed","sticky":false,"template":"","format":"standard","meta":[],"categories":[16],"tags":[],"_links":{"self":[{"href":"http:\/\/hoycordobaweb.com\/index.php\/wp-json\/wp\/v2\/posts\/76070"}],"collection":[{"href":"http:\/\/hoycordobaweb.com\/index.php\/wp-json\/wp\/v2\/posts"}],"about":[{"href":"http:\/\/hoycordobaweb.com\/index.php\/wp-json\/wp\/v2\/types\/post"}],"author":[{"embeddable":true,"href":"http:\/\/hoycordobaweb.com\/index.php\/wp-json\/wp\/v2\/users\/1"}],"replies":[{"embeddable":true,"href":"http:\/\/hoycordobaweb.com\/index.php\/wp-json\/wp\/v2\/comments?post=76070"}],"version-history":[{"count":0,"href":"http:\/\/hoycordobaweb.com\/index.php\/wp-json\/wp\/v2\/posts\/76070\/revisions"}],"wp:featuredmedia":[{"embeddable":true,"href":"http:\/\/hoycordobaweb.com\/index.php\/wp-json\/wp\/v2\/media\/76071"}],"wp:attachment":[{"href":"http:\/\/hoycordobaweb.com\/index.php\/wp-json\/wp\/v2\/media?parent=76070"}],"wp:term":[{"taxonomy":"category","embeddable":true,"href":"http:\/\/hoycordobaweb.com\/index.php\/wp-json\/wp\/v2\/categories?post=76070"},{"taxonomy":"post_tag","embeddable":true,"href":"http:\/\/hoycordobaweb.com\/index.php\/wp-json\/wp\/v2\/tags?post=76070"}],"curies":[{"name":"wp","href":"https:\/\/api.w.org\/{rel}","templated":true}]}}