{"id":76023,"date":"2024-04-12T14:47:53","date_gmt":"2024-04-12T14:47:53","guid":{"rendered":"https:\/\/www.ole.com.ar\/futbol-internacional\/libertadores\/copa-libertadores-alejandro-dominguez-sede-argentina-boca-final-2025-racing_0_VJErzqQw34.html"},"modified":"2024-04-12T14:47:53","modified_gmt":"2024-04-12T14:47:53","slug":"la-agenda-apretada-de-dominguez-y-tapia-visitas-al-cilindro-bombonera-y-monumental-para-definir-estadio-de-la-final-de-la-libertadores-2024","status":"publish","type":"post","link":"http:\/\/hoycordobaweb.com\/index.php\/2024\/04\/12\/la-agenda-apretada-de-dominguez-y-tapia-visitas-al-cilindro-bombonera-y-monumental-para-definir-estadio-de-la-final-de-la-libertadores-2024\/","title":{"rendered":"La agenda apretada de Dom\u00ednguez y Tapia: visitas al Cilindro, Bombonera y Monumental para definir estadio de la final de la Libertadores 2024"},"content":{"rendered":"<p><img src=\"http:\/\/hoycordobaweb.com\/wp-content\/uploads\/2024\/04\/la-agenda-apretada-de-dominguez-y-tapia-visitas-al-cilindro-bombonera-y-monumental-para-definir-estadio-de-la-final-de-la-libertadores-2024.jpg\"><\/p>\n<p><time class=\"createDate\" datetime=\"2024-04-12T11:47:53-03:00\">12\/04\/2024 11:47hs.<\/time><time class=\"modificatedDate\" datetime=\"2024-04-12T15:06:22-03:00\"> Actualizado al 12\/04\/2024 15:06hs.<\/time><\/p>\n<div id=\"storyBody\">\n<div class=\"custom-text \" readability=\"43\">\n<p>La final de la <strong>Copa Libertadores 2024<\/strong> se disputar\u00e1 en Buenos Aires. En este contexto, <strong>Alejandro Dom\u00ednguez<\/strong> visit\u00f3, acompa\u00f1ado por <strong>Claudio Tapia<\/strong> y <strong>V\u00edctor Blanco<\/strong>, las canchas m\u00e1s importantes de nuestro pa\u00eds para terminar de definir cu\u00e1l ser\u00e1 la sede para el partido m\u00e1s importante de la pr\u00f3xima edici\u00f3n de la competencia. \u00ab<strong>Hicimos una peque\u00f1a gira, empezamos ayer a la noche y la intensi\u00f3n es ver c\u00f3mo seguimos apoyando<\/strong>\u00ab, reconoci\u00f3 el presidente de la Conmebol, que empez\u00f3 por el Monumental el jueves, y el viernes sigui\u00f3 con el Cilindro y la Bombonera, en una agenda bien apretada.<\/p>\n<\/div>\n<div class=\"custom-text \" readability=\"39\">\n<p>Consultado por su presencia en la cancha de <strong>Racing<\/strong>, la m\u00e1xima autoridad del ente sudamericano asegur\u00f3: \u00ab<strong>El Cilindro puede y tiene todas las condiciones para albergar una final <\/strong>(..) Creo que el estadio est\u00e1 bien\u00bb. Acto seguido, reconoci\u00f3: \u00abPor lo que nos compartieron tienen muchos proyectos m\u00e1s, lo cual hace que uno salga motivado porque hay movimiento. Reitero, <strong>dentro de nuestro proyecto est\u00e1 la reinversi\u00f3n en infraestructura y siempre es m\u00e1s f\u00e1cil apoyar a quien ya esta haciendo un esfuerzo<\/strong>\u00ab.<\/p>\n<\/div>\n<div class=\"custom-text \" readability=\"41\">\n<p>En este sentido, quien tambi\u00e9n profundiz\u00f3 fue el presidente de la AFA. \u00ab<strong>Anoche estuvimos en River, hoy en Racing. Falta un estadio m\u00e1s para poder asistir pero con la idea y el compromiso de ver los clubes que est\u00e1n trabajando seriamente la infraestructura y la mejora<\/strong>\u00ab. Ante la repregunta de un periodista, Tapia confirm\u00f3 cu\u00e1l es el tercer estadio que competir\u00eda por ser la sede de la final. \u00ab<strong>Boca nos falta ahora<\/strong>\u00ab, reconoci\u00f3, minutos antes de ir a la casa del Xeneize, la que tambi\u00e9n pisaron.<\/p>\n<\/div>\n<div type=\"embed\" class=\"sc-7ce6049-0 dwIKul\">\n<div class=\"sc-7ce6049-1 bdcBBS videoText\" id=\"contentTitleembedUG8v0awg\" type=\"embed\" readability=\"56\"><svg fill=\"#ffffff\"><symbol id=\"play\" viewBox=\"0 0 512 512\"><path d=\"M512 256C512 397.4 397.4 512 256 512C114.6 512 0 397.4 0 256C0 114.6 114.6 0 256 0C397.4 0 512 114.6 512 256zM176 168V344C176 352.7 180.7 360.7 188.3 364.9C195.8 369.2 205.1 369 212.5 364.5L356.5 276.5C363.6 272.1 368 264.4 368 256C368 247.6 363.6 239.9 356.5 235.5L212.5 147.5C205.1 142.1 195.8 142.8 188.3 147.1C180.7 151.3 176 159.3 176 168V168z\" \/><\/symbol><use xlink:href=\"#play\" \/><\/svg><\/p>\n<div class=\"right\" readability=\"7\">\n<p>Alejandro Dom\u00ednguez<!-- --> &#8211;<!-- --> <span>12-4-2024<\/span><\/p>\n<h2 class=\"title-vid\">Alejandro Dom\u00ednguez habl\u00f3 de las posibles sedes para la final de la Copa Libertadores 2024<\/h2>\n<\/div>\n<\/div>\n<p><span class=\"back\" id=\"spanBackembedUG8v0awg\"><\/span><\/div>\n<div class=\"custom-text \" readability=\"44\">\n<p>En primera instancia, <strong>el M\u00e1s Monumental ser\u00eda el principal candidato por estructura, capacidad y modernidad<\/strong>. Sin embargo, lo cierto es que no se descarta que La Bombonera o el Cilindro tambi\u00e9n puedan sumarse a la disputa. Un dato no menor es que, sea cual sea la cancha, esta <strong>ser\u00e1 la primera vez que la final \u00fanica de la Copa Libertadores se disputar\u00e1 en Argentina<\/strong> dado que, hasta el momento, con dicho sistema solo fueron sede Lima, R\u00edo de Janeiro, Guayaquil y Montevideo.<\/p>\n<\/div>\n<div class=\"sc-e7b891c4-0 jPbnQF\"><img alt=\"Dom\u00ednguez visit\u00f3 el estadio de Racing junto a Tapia.\" src=\"http:\/\/hoycordobaweb.com\/wp-content\/uploads\/2024\/04\/la-agenda-apretada-de-dominguez-y-tapia-visitas-al-cilindro-bombonera-y-monumental-para-definir-estadio-de-la-final-de-la-libertadores-2024-2.jpg\" width=\"720\" height=\"100\" decoding=\"async\" data-nimg=\"future\" loading=\"lazy\"><span class=\"epigraphe\">Dom\u00ednguez visit\u00f3 el estadio de Racing junto a Tapia.<\/span><\/div>\n<div class=\"custom-text \" readability=\"39\">\n<p>Dom\u00ednguez y Tapia llegaron el jueves y primero pasaron por el Monumental. Hubo cena y a descansar unas pocas horas: viernes de desayuno, para salir a Avellaneda y visitar el Cilindro, que gust\u00f3 bastante. Ah\u00ed tambi\u00e9n sali\u00f3 foto con el plantel que estaba entrenando. Luego, a la Bombonera, donde hubo un mate de regalo y recorrida. <\/p>\n<\/div>\n<div class=\"sc-e7b891c4-0 jPbnQF\"><img alt=\"Dom\u00ednguez y Tapia en la Bombonera\" src=\"http:\/\/hoycordobaweb.com\/wp-content\/uploads\/2024\/04\/la-agenda-apretada-de-dominguez-y-tapia-visitas-al-cilindro-bombonera-y-monumental-para-definir-estadio-de-la-final-de-la-libertadores-2024-3.jpg\" width=\"720\" height=\"100\" decoding=\"async\" data-nimg=\"future\" loading=\"lazy\"><span class=\"epigraphe\">Dom\u00ednguez y Tapia en la Bombonera<\/span><\/div>\n<div class=\"sc-e7b891c4-0 jPbnQF\"><img alt=\"Dom\u00ednguez visit\u00f3 el estadio de Racing junto a Tapia.\" src=\"http:\/\/hoycordobaweb.com\/wp-content\/uploads\/2024\/04\/la-agenda-apretada-de-dominguez-y-tapia-visitas-al-cilindro-bombonera-y-monumental-para-definir-estadio-de-la-final-de-la-libertadores-2024-4.jpg\" width=\"720\" height=\"100\" decoding=\"async\" data-nimg=\"future\" loading=\"lazy\"><span class=\"epigraphe\">Dom\u00ednguez visit\u00f3 el estadio de Racing junto a Tapia.<\/span><\/div>\n<div class=\"sc-e7b891c4-0 jPbnQF\"><img alt=\"Dom\u00ednguez y Tapia en la Bombonera\" src=\"http:\/\/hoycordobaweb.com\/wp-content\/uploads\/2024\/04\/la-agenda-apretada-de-dominguez-y-tapia-visitas-al-cilindro-bombonera-y-monumental-para-definir-estadio-de-la-final-de-la-libertadores-2024-5.jpg\" width=\"720\" height=\"100\" decoding=\"async\" data-nimg=\"future\" loading=\"lazy\"><span class=\"epigraphe\">Dom\u00ednguez y Tapia en la Bombonera<\/span><\/div>\n<p><h2>Cu\u00e1ndo se reanuda la Copa Libertadores y qu\u00e9 partidos habr\u00e1 en la fecha tres<\/h2>\n<\/p>\n<div class=\"custom-text \" readability=\"38\">\n<p>Con la fecha dos terminada, la Copa Libertadores se reanudar\u00e1 el pr\u00f3ximo 23 de abril, momento en el que iniciar\u00e1 la tercera jornada de la fase de grupos. En este contexto, <strong>Ol\u00e9 <\/strong>repasa cu\u00e1ndo retomar\u00e1n su calendario los equipos argentinos que est\u00e1n en competencia y c\u00f3mo vienen hasta el momento.<\/p>\n<\/div>\n<div class=\"custom-text \" readability=\"43\">\n<p>En esta oportunidad, <strong>Rosario Central <\/strong>y <strong>Estudiantes <\/strong>ser\u00e1n los encargados de abrir la fecha tres de la Copa Libertadores el 23 de abril. El Canalla visitar\u00e1 a <strong>Caracas <\/strong>en Venezuela mientras que el Pincha recibir\u00e1 a <strong>Gremio <\/strong>en La Plata. A su vez, ese mismo d\u00eda pero dos horas m\u00e1s tarde, <strong>San Lorenzo<\/strong> enfrentar\u00e1 a <strong>Liverpool <\/strong>en Uruguay. Luego, el calendario lo continuar\u00e1 <strong>River <\/strong>que, el mi\u00e9rcoles 24 de abril, se medir\u00e1 ante <strong>Libertad<\/strong>. Por \u00faltimo, el d\u00eda 25 cerrar\u00e1 la jornada <strong>Talleres<\/strong>, equipo que jugar\u00e1 contra <strong>Cobresal<\/strong>.<\/p>\n<\/div>\n<div class=\"custom-text \" readability=\"32\">\n<p>Caracas vs <strong>Rosario Central<\/strong> (23\/04)<\/p>\n<\/div>\n<div class=\"custom-text \" readability=\"32\">\n<p><strong>Estudiantes <\/strong>vs Gremio (23\/04)<\/p>\n<\/div>\n<div class=\"custom-text \" readability=\"32\">\n<p>Liverpool vs <strong>San Lorenzo<\/strong> (23\/04)<\/p>\n<\/div>\n<div class=\"custom-text \" readability=\"32\">\n<p>Libertad vs <strong>River <\/strong>(24\/04)<\/p>\n<\/div>\n<div class=\"custom-text \" readability=\"32\">\n<p>Cobresal vs <strong>Talleres <\/strong>(25\/04)<\/p>\n<\/div>\n<p><h2>Copa Libertadores: c\u00f3mo le fue a River, San Lorenzo, Rosario Central, Estudiantes y Talleres en la fecha dos<\/h2>\n<\/p>\n<div class=\"custom-text \" readability=\"39\">\n<p>Hasta el momento, <strong>River est\u00e1 invicto en la Copa Libertadores<\/strong> porque gan\u00f3 los dos partidos que disput\u00f3. En esta misma l\u00ednea tambi\u00e9n se encuentran <strong>Estudiantes <\/strong>y <strong>Talleres<\/strong>, que empataron uno y obtuvieron una victoria en el otro. Sin embargo, en la situaci\u00f3n opuesta quedaron<strong> Rosario Central<\/strong> (que gan\u00f3 el primer partido pero perdi\u00f3 el \u00faltimo) y <strong>San Lorenzo<\/strong>, que igual\u00f3 en el debut y cay\u00f3 en la segunda jornada.<\/p>\n<\/div>\n<div type=\"embed\" class=\"sc-7ce6049-0 dwIKul\">\n<div class=\"sc-7ce6049-1 bdcBBS videoText\" id=\"contentTitleembedQdr63Oyr\" type=\"embed\"><svg fill=\"#ffffff\"><symbol id=\"play\" viewBox=\"0 0 512 512\"><path d=\"M512 256C512 397.4 397.4 512 256 512C114.6 512 0 397.4 0 256C0 114.6 114.6 0 256 0C397.4 0 512 114.6 512 256zM176 168V344C176 352.7 180.7 360.7 188.3 364.9C195.8 369.2 205.1 369 212.5 364.5L356.5 276.5C363.6 272.1 368 264.4 368 256C368 247.6 363.6 239.9 356.5 235.5L212.5 147.5C205.1 142.1 195.8 142.8 188.3 147.1C180.7 151.3 176 159.3 176 168V168z\" \/><\/symbol><use xlink:href=\"#play\" \/><\/svg><\/p>\n<div class=\"right\">\n<p>River Plate<!-- --> &#8211;<!-- --> <span>12-4-2024<\/span><\/p>\n<h2 class=\"title-vid\">El resumen de River 2 &#8211; Nacional 0<\/h2>\n<\/div>\n<\/div>\n<p><span class=\"back\" id=\"spanBackembedQdr63Oyr\"><\/span><\/div>\n<div type=\"embed\" class=\"sc-7ce6049-0 dwIKul\">\n<div class=\"sc-7ce6049-1 bdcBBS videoText\" id=\"contentTitleembedWnZXc7O0\" type=\"embed\" readability=\"56\"><svg fill=\"#ffffff\"><symbol id=\"play\" viewBox=\"0 0 512 512\"><path d=\"M512 256C512 397.4 397.4 512 256 512C114.6 512 0 397.4 0 256C0 114.6 114.6 0 256 0C397.4 0 512 114.6 512 256zM176 168V344C176 352.7 180.7 360.7 188.3 364.9C195.8 369.2 205.1 369 212.5 364.5L356.5 276.5C363.6 272.1 368 264.4 368 256C368 247.6 363.6 239.9 356.5 235.5L212.5 147.5C205.1 142.1 195.8 142.8 188.3 147.1C180.7 151.3 176 159.3 176 168V168z\" \/><\/symbol><use xlink:href=\"#play\" \/><\/svg><\/p>\n<div class=\"right\" readability=\"7\">\n<p>Estudiantes de La Plata<!-- --> &#8211;<!-- --> <span>12-4-2024<\/span><\/p>\n<h2 class=\"title-vid\">El Pincha dio vuelta el partido ante The Strongest<\/h2>\n<\/div>\n<\/div>\n<p><span class=\"back\" id=\"spanBackembedWnZXc7O0\"><\/span><\/div>\n<div type=\"embed\" class=\"sc-7ce6049-0 dwIKul\">\n<div class=\"sc-7ce6049-1 bdcBBS videoText\" id=\"contentTitleembedYQLhMFTw\" type=\"embed\" readability=\"56\"><svg fill=\"#ffffff\"><symbol id=\"play\" viewBox=\"0 0 512 512\"><path d=\"M512 256C512 397.4 397.4 512 256 512C114.6 512 0 397.4 0 256C0 114.6 114.6 0 256 0C397.4 0 512 114.6 512 256zM176 168V344C176 352.7 180.7 360.7 188.3 364.9C195.8 369.2 205.1 369 212.5 364.5L356.5 276.5C363.6 272.1 368 264.4 368 256C368 247.6 363.6 239.9 356.5 235.5L212.5 147.5C205.1 142.1 195.8 142.8 188.3 147.1C180.7 151.3 176 159.3 176 168V168z\" \/><\/symbol><use xlink:href=\"#play\" \/><\/svg><\/p>\n<div class=\"right\" readability=\"7\">\n<p>Copa Libertadores<!-- --> &#8211;<!-- --> <span>12-4-2024<\/span><\/p>\n<h2 class=\"title-vid\">Lo mejor de At. Mineiro 2 &#8211; Rosario Central 1<\/h2>\n<\/div>\n<\/div>\n<p><span class=\"back\" id=\"spanBackembedYQLhMFTw\"><\/span><\/div>\n<div class=\"sc-a7166897-0 exHLBh\" readability=\"6\">\n<section readability=\"2\"><picture><img alt=\"La federaci\u00f3n no americana que se unir\u00e1 a Conmebol: \u00bfjugar\u00e1 la Copa Am\u00e9rica? \" src=\"http:\/\/hoycordobaweb.com\/wp-content\/uploads\/2024\/04\/la-agenda-apretada-de-dominguez-y-tapia-visitas-al-cilindro-bombonera-y-monumental-para-definir-estadio-de-la-final-de-la-libertadores-2024-6.jpg\" width=\"290\" height=\"290\" decoding=\"async\" data-nimg=\"future\" loading=\"lazy\"><\/picture>\n<p><span>Mir\u00e1 tambi\u00e9n<\/span><\/p>\n<hr>\n<h3>La federaci\u00f3n no americana que se unir\u00e1 a Conmebol: \u00bfjugar\u00e1 la Copa Am\u00e9rica?<br \/>\n<\/h3>\n<\/p>\n<\/section>\n<\/div>\n<div class=\"sc-a7166897-0 exHLBh\" readability=\"6\">\n<section readability=\"2\"><picture><img alt=\"Por qu\u00e9 el triunfo de River ayud\u00f3 a Boca para el Mundial de Clubes 2025\" src=\"http:\/\/hoycordobaweb.com\/wp-content\/uploads\/2024\/04\/la-agenda-apretada-de-dominguez-y-tapia-visitas-al-cilindro-bombonera-y-monumental-para-definir-estadio-de-la-final-de-la-libertadores-2024-7.jpg\" width=\"290\" height=\"290\" decoding=\"async\" data-nimg=\"future\" loading=\"lazy\"><\/picture>\n<p><span>Mir\u00e1 tambi\u00e9n<\/span><\/p>\n<hr>\n<h3>Por qu\u00e9 el triunfo de River ayud\u00f3 a Boca para el Mundial de Clubes 2025<\/h3>\n<\/p>\n<\/section>\n<\/div>\n<div class=\"sc-a7166897-0 exHLBh\" readability=\"6\">\n<section readability=\"2\"><picture><img alt=\"Video: se revel\u00f3 el audio del VAR sobre el penal que reclam\u00f3 Nacional ante River \" src=\"http:\/\/hoycordobaweb.com\/wp-content\/uploads\/2024\/04\/la-agenda-apretada-de-dominguez-y-tapia-visitas-al-cilindro-bombonera-y-monumental-para-definir-estadio-de-la-final-de-la-libertadores-2024-8.jpg\" width=\"290\" height=\"290\" decoding=\"async\" data-nimg=\"future\" loading=\"lazy\"><\/picture>\n<p><span>Mir\u00e1 tambi\u00e9n<\/span><\/p>\n<hr>\n<h3>Video: se revel\u00f3 el audio del VAR sobre el penal que reclam\u00f3 Nacional ante River <\/h3>\n<\/p>\n<\/section>\n<\/div>\n<\/div>\n","protected":false},"excerpt":{"rendered":"<p>12\/04\/2024 11:47hs. Actualizado al 12\/04\/2024 15:06hs. La final de la Copa Libertadores 2024 se disputar\u00e1 en Buenos Aires. En este contexto, Alejandro Dom\u00ednguez visit\u00f3, acompa\u00f1ado por Claudio Tapia y V\u00edctor Blanco, las canchas m\u00e1s importantes de nuestro pa\u00eds para terminar de definir cu\u00e1l ser\u00e1 la sede para el partido m\u00e1s importante de la pr\u00f3xima edici\u00f3n [&hellip;]<\/p>\n","protected":false},"author":1,"featured_media":76024,"comment_status":"open","ping_status":"closed","sticky":false,"template":"","format":"standard","meta":[],"categories":[16],"tags":[],"_links":{"self":[{"href":"http:\/\/hoycordobaweb.com\/index.php\/wp-json\/wp\/v2\/posts\/76023"}],"collection":[{"href":"http:\/\/hoycordobaweb.com\/index.php\/wp-json\/wp\/v2\/posts"}],"about":[{"href":"http:\/\/hoycordobaweb.com\/index.php\/wp-json\/wp\/v2\/types\/post"}],"author":[{"embeddable":true,"href":"http:\/\/hoycordobaweb.com\/index.php\/wp-json\/wp\/v2\/users\/1"}],"replies":[{"embeddable":true,"href":"http:\/\/hoycordobaweb.com\/index.php\/wp-json\/wp\/v2\/comments?post=76023"}],"version-history":[{"count":0,"href":"http:\/\/hoycordobaweb.com\/index.php\/wp-json\/wp\/v2\/posts\/76023\/revisions"}],"wp:featuredmedia":[{"embeddable":true,"href":"http:\/\/hoycordobaweb.com\/index.php\/wp-json\/wp\/v2\/media\/76024"}],"wp:attachment":[{"href":"http:\/\/hoycordobaweb.com\/index.php\/wp-json\/wp\/v2\/media?parent=76023"}],"wp:term":[{"taxonomy":"category","embeddable":true,"href":"http:\/\/hoycordobaweb.com\/index.php\/wp-json\/wp\/v2\/categories?post=76023"},{"taxonomy":"post_tag","embeddable":true,"href":"http:\/\/hoycordobaweb.com\/index.php\/wp-json\/wp\/v2\/tags?post=76023"}],"curies":[{"name":"wp","href":"https:\/\/api.w.org\/{rel}","templated":true}]}}