{"id":75947,"date":"2024-04-11T18:31:03","date_gmt":"2024-04-11T18:31:03","guid":{"rendered":"https:\/\/www.espinof.com\/directores-y-guionistas\/interstellar-vuelve-a-cines-version-favorita-christopher-nolan-pelicula-ciencia-ficcion-celebrara-10-anos-su-estreno-todo-alto"},"modified":"2024-04-11T18:31:03","modified_gmt":"2024-04-11T18:31:03","slug":"interstellar-vuelve-a-los-cines-con-la-version-favorita-de-christopher-nolan-la-pelicula-de-ciencia-ficcion-celebrara-los-10-anos-de-su-estreno-por-todo-lo-alto","status":"publish","type":"post","link":"http:\/\/hoycordobaweb.com\/index.php\/2024\/04\/11\/interstellar-vuelve-a-los-cines-con-la-version-favorita-de-christopher-nolan-la-pelicula-de-ciencia-ficcion-celebrara-los-10-anos-de-su-estreno-por-todo-lo-alto\/","title":{"rendered":"&#8216;Interstellar&#8217; vuelve a los cines con la versi\u00f3n favorita de Christopher Nolan. La pel\u00edcula de ciencia ficci\u00f3n celebrar\u00e1 los 10 a\u00f1os de su estreno por todo lo alto"},"content":{"rendered":"<p><strong>Paramount<\/strong> acaba de darnos una sorpresa durante la Cinemacon al anunciar el regreso a los cines de <a href=\"https:\/\/www.espinof.com\/criticas\/interstellar-el-ambicioso-viaje-emocional-de-christopher-nolan\">&#8216;Interstellar&#8217;<\/a> este pr\u00f3ximo oto\u00f1o para celebrar el 10 aniversario de su estreno. Adem\u00e1s, la pel\u00edcula de <strong>Christopher Nolan<\/strong> volver\u00e1 a la gran pantalla con su versi\u00f3n definitiva hasta ahora, ya que podr\u00e1 verse en el formato favorito de su director.<\/p>\n<p><!-- BREAK 1 --> <\/p>\n<h2>En pantalla gigantesca<\/h2>\n<p>Eso supone que &#8216;Interstellar&#8217; tendr\u00e1 copias <strong>en 70mm IMAX<\/strong> -y tambi\u00e9n para salas convencionales-, el mismo que tanto impresion\u00f3 hace unos meses en el caso de <a href=\"https:\/\/www.espinof.com\/criticas\/oppenheimer-christopher-nolan-consagra-su-estilo-convirtiendo-biopic-uno-espectaculos-arrolladores-trascendentales-ultimos-tiempos\">&#8216;Oppenheimer&#8217;<\/a>. La particularidad en el caso que nos ocupa es que Nolan rod\u00f3 la pel\u00edcula mezclando film anam\u00f3rfico en 35mm con Imax en 65mm, pero ya el propio director urgi\u00f3 al p\u00fablico a verla entonces en salas 70mm IMAX.<\/p>\n<p><!-- BREAK 2 --><\/p>\n<p>De hecho, <strong>&#8216;Interstellar&#8217; goz\u00f3 de un \u00e9xito notable en cines IMAX durante su primer paso por los cines<\/strong>, recaudando m\u00e1s de 100 millones en todo el mundo solamente en ese tipo de salas. Sin embargo, el acceso del p\u00fablico a esos cines era mucho m\u00e1s limitado entonces y adem\u00e1s cada est\u00e1 m\u00e1s claro que hay muchos espectadores dispuestos a pagar un extra por ver sus pel\u00edculas favoritas as\u00ed.<\/p>\n<p><!-- BREAK 3 --> <\/p>\n<div class=\"article-asset article-asset-normal article-asset-center\">\n<div class=\"desvio-container\">\n<div class=\"desvio\">\n<div class=\"desvio-figure js-desvio-figure\"> <a href=\"https:\/\/www.espinof.com\/directores-y-guionistas\/interstellar-christopher-nolan-explica-giro-sorpresa-pelicula-que-final-esta-aventura-ciencia-ficcion-tiene-varias-interpretaciones-1\"> <img loading=\"lazy\" alt=\"'Interstellar': Christopher Nolan explica el giro sorpresa de la pel\u00edcula y por qu\u00e9 el final de esta aventura de ciencia ficci\u00f3n tiene varias interpretaciones \" width=\"375\" height=\"142\" src=\"http:\/\/hoycordobaweb.com\/wp-content\/uploads\/2024\/04\/interstellar-vuelve-a-los-cines-con-la-version-favorita-de-christopher-nolan-la-pelicula-de-ciencia-ficcion-celebrara-los-10-anos-de-su-estreno-por-todo-lo-alto.jpg\"> <\/a> <\/div><\/div><\/div>\n<\/div>\n<p>Ahora habr\u00e1 que estar atentos tanto a que Paramount proporcione m\u00e1s detalles sobre el regreso de &#8216;Interstellar&#8217; a los cines de Estados Unidos como a saber si Warner har\u00e1 lo mismo en otros pa\u00edses. No nos olvidemos de que es <strong>Warner<\/strong> quien distribuye la pel\u00edcula en Espa\u00f1a, por lo que en nuestro caso estamos a su merced.<\/p>\n<p><!-- BREAK 4 --><\/p>\n<p>En Espinof:<\/p>\n","protected":false},"excerpt":{"rendered":"<p>Paramount acaba de darnos una sorpresa durante la Cinemacon al anunciar el regreso a los cines de &#8216;Interstellar&#8217; este pr\u00f3ximo oto\u00f1o para celebrar el 10 aniversario de su estreno. Adem\u00e1s, la pel\u00edcula de Christopher Nolan volver\u00e1 a la gran pantalla con su versi\u00f3n definitiva hasta ahora, ya que podr\u00e1 verse en el formato favorito de [&hellip;]<\/p>\n","protected":false},"author":1,"featured_media":75948,"comment_status":"open","ping_status":"closed","sticky":false,"template":"","format":"standard","meta":[],"categories":[10],"tags":[],"_links":{"self":[{"href":"http:\/\/hoycordobaweb.com\/index.php\/wp-json\/wp\/v2\/posts\/75947"}],"collection":[{"href":"http:\/\/hoycordobaweb.com\/index.php\/wp-json\/wp\/v2\/posts"}],"about":[{"href":"http:\/\/hoycordobaweb.com\/index.php\/wp-json\/wp\/v2\/types\/post"}],"author":[{"embeddable":true,"href":"http:\/\/hoycordobaweb.com\/index.php\/wp-json\/wp\/v2\/users\/1"}],"replies":[{"embeddable":true,"href":"http:\/\/hoycordobaweb.com\/index.php\/wp-json\/wp\/v2\/comments?post=75947"}],"version-history":[{"count":0,"href":"http:\/\/hoycordobaweb.com\/index.php\/wp-json\/wp\/v2\/posts\/75947\/revisions"}],"wp:featuredmedia":[{"embeddable":true,"href":"http:\/\/hoycordobaweb.com\/index.php\/wp-json\/wp\/v2\/media\/75948"}],"wp:attachment":[{"href":"http:\/\/hoycordobaweb.com\/index.php\/wp-json\/wp\/v2\/media?parent=75947"}],"wp:term":[{"taxonomy":"category","embeddable":true,"href":"http:\/\/hoycordobaweb.com\/index.php\/wp-json\/wp\/v2\/categories?post=75947"},{"taxonomy":"post_tag","embeddable":true,"href":"http:\/\/hoycordobaweb.com\/index.php\/wp-json\/wp\/v2\/tags?post=75947"}],"curies":[{"name":"wp","href":"https:\/\/api.w.org\/{rel}","templated":true}]}}