{"id":75939,"date":"2024-04-11T18:31:00","date_gmt":"2024-04-11T18:31:00","guid":{"rendered":"https:\/\/ahora.com.ar\/show\/victor-heredia-fue-internado-y-esta-terapia-intensiva-n5369626"},"modified":"2024-04-11T18:31:00","modified_gmt":"2024-04-11T18:31:00","slug":"victor-heredia-fue-internado-y-esta-en-terapia-intensiva","status":"publish","type":"post","link":"http:\/\/hoycordobaweb.com\/index.php\/2024\/04\/11\/victor-heredia-fue-internado-y-esta-en-terapia-intensiva\/","title":{"rendered":"V\u00edctor Heredia fue internado y est\u00e1 en terapia intensiva"},"content":{"rendered":"<div><img src=\"http:\/\/hoycordobaweb.com\/wp-content\/uploads\/2024\/04\/victor-heredia-fue-internado-y-esta-en-terapia-intensiva.jpg\" class=\"ff-og-image-inserted\"><\/div>\n<div id>\n<div class=\"article-body__info-wrapper\"><span class=\"article-body__date\"> <time datetime=\"2024-04-11T18:31:00.000Z\">11 de abril de 2024 &#8211; 15:31<\/time><\/span> <\/div>\n<p><strong><a href=\"https:\/\/ahora.com.ar\/sociedad\/victor-heredia-estuvo-parana-y-recibio-un-homenaje-la-uader-n361635\" target=\"_blank\" rel=\"follow noopener noreferrer\">El cantante V\u00edctor Heredia se encuentra internado<\/a> desde el \u00faltimo mi\u00e9rcoles en la unidad de terapia intensiva<\/strong> del sanatorio Trinidad, de Buenos Aires, debido a<strong> un cuadro de neumon\u00eda e insuficiencia card\u00edaca<\/strong>, consignaron medios porte\u00f1os. Se aguardan detalles inminentes sobre su evoluci\u00f3n en el centro de salud. <\/p>\n<\/div>\n<div id>\n<h2>Por qu\u00e9 internaron a V\u00edctor Heredia<\/h2>\n<p>Las primeras informaciones daban cuenta que Heredia hab\u00eda sentido el martes diversos dolores en el pecho y acudi\u00f3 a una cl\u00ednica privada, donde qued\u00f3 en observaci\u00f3n por una arritmia, detalla <em>DiarioShow.<\/em><\/p>\n<\/p><\/div>\n<div id>\n<p> Luego de que realizaran estudios, se decidi\u00f3 que fuera derivado a la Unidad de Terapia Intensiva del mencionado sanatorio, inform\u00f3 el periodista Pablo Montagna a <em>La Naci\u00f3n.<\/em><\/p>\n<p>\u201c<strong>La familia no quiere dar parte m\u00e9dico<\/strong>. Solo confirmamos que est\u00e1 en Trinidad San Isidro\u201d, precis\u00f3.<\/p>\n<\/div>\n","protected":false},"excerpt":{"rendered":"<p>11 de abril de 2024 &#8211; 15:31 El cantante V\u00edctor Heredia se encuentra internado desde el \u00faltimo mi\u00e9rcoles en la unidad de terapia intensiva del sanatorio Trinidad, de Buenos Aires, debido a un cuadro de neumon\u00eda e insuficiencia card\u00edaca, consignaron medios porte\u00f1os. Se aguardan detalles inminentes sobre su evoluci\u00f3n en el centro de salud. Por [&hellip;]<\/p>\n","protected":false},"author":1,"featured_media":75940,"comment_status":"closed","ping_status":"closed","sticky":false,"template":"","format":"standard","meta":[],"categories":[10,23],"tags":[],"_links":{"self":[{"href":"http:\/\/hoycordobaweb.com\/index.php\/wp-json\/wp\/v2\/posts\/75939"}],"collection":[{"href":"http:\/\/hoycordobaweb.com\/index.php\/wp-json\/wp\/v2\/posts"}],"about":[{"href":"http:\/\/hoycordobaweb.com\/index.php\/wp-json\/wp\/v2\/types\/post"}],"author":[{"embeddable":true,"href":"http:\/\/hoycordobaweb.com\/index.php\/wp-json\/wp\/v2\/users\/1"}],"replies":[{"embeddable":true,"href":"http:\/\/hoycordobaweb.com\/index.php\/wp-json\/wp\/v2\/comments?post=75939"}],"version-history":[{"count":0,"href":"http:\/\/hoycordobaweb.com\/index.php\/wp-json\/wp\/v2\/posts\/75939\/revisions"}],"wp:featuredmedia":[{"embeddable":true,"href":"http:\/\/hoycordobaweb.com\/index.php\/wp-json\/wp\/v2\/media\/75940"}],"wp:attachment":[{"href":"http:\/\/hoycordobaweb.com\/index.php\/wp-json\/wp\/v2\/media?parent=75939"}],"wp:term":[{"taxonomy":"category","embeddable":true,"href":"http:\/\/hoycordobaweb.com\/index.php\/wp-json\/wp\/v2\/categories?post=75939"},{"taxonomy":"post_tag","embeddable":true,"href":"http:\/\/hoycordobaweb.com\/index.php\/wp-json\/wp\/v2\/tags?post=75939"}],"curies":[{"name":"wp","href":"https:\/\/api.w.org\/{rel}","templated":true}]}}