{"id":75922,"date":"2024-04-10T16:54:55","date_gmt":"2024-04-10T16:54:55","guid":{"rendered":"https:\/\/www.ole.com.ar\/futbol-internacional\/libertadores\/san-lorenzo-copa-libertadores-ecuador-quito-independiente-valle_0_Tbyxf8Xvgz.html"},"modified":"2024-04-10T16:54:55","modified_gmt":"2024-04-10T16:54:55","slug":"la-racha-que-intentara-romper-san-lorenzo-en-quito","status":"publish","type":"post","link":"http:\/\/hoycordobaweb.com\/index.php\/2024\/04\/10\/la-racha-que-intentara-romper-san-lorenzo-en-quito\/","title":{"rendered":"La racha que intentar\u00e1 romper San Lorenzo en Quito"},"content":{"rendered":"<p><img src=\"http:\/\/hoycordobaweb.com\/wp-content\/uploads\/2024\/04\/la-racha-que-intentara-romper-san-lorenzo-en-quito.jpg\"><\/p>\n<p><time class=\"createDate\" datetime=\"2024-04-10T13:54:55-03:00\">10\/04\/2024 13:54hs.<\/time><time class=\"modificatedDate\" datetime=\"2024-04-10T14:36:35-03:00\"> Actualizado al 10\/04\/2024 14:36hs.<\/time><\/p>\n<div id=\"storyBody\">\n<div class=\"custom-text \" readability=\"37.08533916849\">\n<p>En la previa del partido frente a <strong>Independiente del Valle<\/strong> por la segunda fecha de la Copa <strong>Libertadores<\/strong>, <strong><a href=\"https:\/\/www.ole.com.ar\/futbol-primera\/san-lorenzo-insua-sudamericana-independiente-valle_0_Zcg84fOt0D.html\" target=\"_self\" title=\"San Lorenzo\" alt=\"San Lorenzo\" rel=\"noopener noreferrer\">San Lorenzo<\/a> <\/strong>se prepara para jugar a <strong>2.850 metros de altura<\/strong> contra un rival complicad\u00edsimo y<strong> una ciudad que no le sienta bien. <\/strong>Con la ilusi\u00f3n de conseguir los primeros tres puntos y acomodarse en el grupo (IDV tambi\u00e9n empat\u00f3 con Liverpool y todos est\u00e1n con una unidad), el Cicl\u00f3n intentar\u00e1 romper con una mala racha en la ciudad de Quito, Ecuador.<\/p>\n<\/div>\n<div class=\"custom-text \" readability=\"38.518518518519\">\n<p>Luego del empate 1 a 1 con el enorme <strong>Palmeiras<\/strong> en el Nuevo Gas\u00f3metro, Rub\u00e9n Dar\u00edo <strong><a href=\"https:\/\/www.ole.com.ar\/tema\/Tbyxf8Xvgz.html\" target=\"_self\" title=\"Insua\" alt=\"Insua\" rel=\"noopener noreferrer\">Insua<\/a> <\/strong>guard\u00f3 a todos sus titulares en la ca\u00edda frente a Defensa y Justicia por Copa de la Liga y, para el encuentro de este mi\u00e9rcoles, en caso de que Cristian Ferreira llegue en \u00f3ptimas condiciones,<strong> repetir\u00e1 el mismo equipo que igual\u00f3 con el elenco brasile\u00f1o<\/strong> por la primera fecha de la competici\u00f3n internacional.<\/p>\n<\/div>\n<div class=\"sc-e7b891c4-0 jPbnQF\"><img alt=\"Insua pone lo mejor que tiene con IDV. (Marcelo Carroll)\" src=\"http:\/\/hoycordobaweb.com\/wp-content\/uploads\/2024\/04\/la-racha-que-intentara-romper-san-lorenzo-en-quito-2.jpg\" width=\"720\" height=\"100\" decoding=\"async\" data-nimg=\"future\" loading=\"lazy\"><span class=\"epigraphe\">Insua pone lo mejor que tiene con IDV. (Marcelo Carroll)<\/span><\/div>\n<p><h2><strong>\u00bfC\u00f3mo le fue a San Lorenzo en Quito?<\/strong><\/h2>\n<\/p>\n<div class=\"custom-text \" readability=\"34.388111888112\">\n<p>El conjunto de <strong><a href=\"https:\/\/www.ole.com.ar\/tema\/Tbyxf8Xvgz.html\" target=\"_self\" title=\"Boedo\" alt=\"Boedo\" rel=\"noopener noreferrer\">Boedo<\/a> <\/strong>tuvo <strong>cuatro incursiones<\/strong> a la ciudad de Ecuador y <strong>en ninguna pudo llevarse la victoria. <\/strong>Al igual que todos los equipos argentinos y sudamericanos en s\u00ed, <strong>San Lorenzo sufri\u00f3 la altura<\/strong>: un plus para aquellos equipos que se encuentran unos cuantos metros sobre el mar.<\/p>\n<\/div>\n<div class=\"custom-text \" readability=\"42.014583333333\">\n<p>En ese contexto, de las cuatro visitas a <strong>Quito<\/strong>, dos fueron derrotas y las restantes empates. La igualdad m\u00e1s recordada fue la de <strong>2008<\/strong>, donde <strong><a href=\"https:\/\/www.ole.com.ar\/tema\/Tbyxf8Xvgz.html\" target=\"_self\" title=\"San Lorenzo\" alt=\"San Lorenzo\" rel=\"noopener noreferrer\">San Lorenzo<\/a> lleg\u00f3 a cuartos de final<\/strong> de la Copa <strong>Libertadores<\/strong> de la mano de Ram\u00f3n Diaz y un equipazo, pero se top\u00f3 contra Liga de Quito. En la ida empataron 1 a 1, con un ins\u00f3lito blooper de Agust\u00edn <strong>Ori\u00f3n en el Gas\u00f3metro<\/strong>, y en la vuelta sacaron el mismo resultado. Luego, en la tanda de penales, <strong>CASLA qued\u00f3 eliminado del certamen. <\/strong><\/p>\n<\/div>\n<div class=\"custom-text \" readability=\"37\">\n<p>Ocho a\u00f1os atr\u00e1s, m\u00e1s precisamente en 2016, con <strong>Pablo Guede<\/strong> como entrenador, el <strong>Cicl\u00f3n <\/strong>enfrent\u00f3 al mismo rival, pero en fase de grupos y cay\u00f3 derrotado por 2 a 0. <\/p>\n<\/div>\n<div class=\"custom-text \" readability=\"40\">\n<p>En <strong>2014<\/strong>, a\u00f1o hist\u00f3rico para Boedo, <strong>San Lorenzo<\/strong> obtuvo un empate que le sent\u00f3 bien en la altura. El equipo del <strong>Pat\u00f3n Bauza<\/strong>, que luego iba a ser <strong>campe\u00f3n <\/strong>de esa edici\u00f3n de la <strong>Libertadores<\/strong>, empez\u00f3 ganando el partido frente a <strong>Independiente del Valle,<\/strong> pero en los \u00faltimos minutos le empataron el encuentro.<\/p>\n<\/div>\n<div class=\"custom-text \" readability=\"36\">\n<p>Por \u00faltimo, aparece la goleada que sufrieron los de <strong>Manuel Pellegrini<\/strong> en 2002 contra El Nacional, tambi\u00e9n por la m\u00e1xima competici\u00f3n de Am\u00e9rica, en la fase de grupos.<\/p>\n<\/div>\n<div class=\"sc-e7b891c4-0 jPbnQF\"><img alt=\"Bauza y la Libertadores en San Lorenzo.\" src=\"http:\/\/hoycordobaweb.com\/wp-content\/uploads\/2024\/04\/la-racha-que-intentara-romper-san-lorenzo-en-quito-3.jpg\" width=\"720\" height=\"100\" decoding=\"async\" data-nimg=\"future\" loading=\"lazy\"><span class=\"epigraphe\">Bauza y la Libertadores en San Lorenzo.<\/span><\/div>\n<div class=\"sc-a7166897-0 exHLBh\" readability=\"6\">\n<section readability=\"2\"><picture><img alt=\"Insua en la altura de Quito: &quot;el equipo va a correr todo el partido sin problemas&quot;\" src=\"http:\/\/hoycordobaweb.com\/wp-content\/uploads\/2024\/04\/la-racha-que-intentara-romper-san-lorenzo-en-quito-4.jpg\" width=\"290\" height=\"290\" decoding=\"async\" data-nimg=\"future\" loading=\"lazy\"><\/picture>\n<p><span>Mir\u00e1 tambi\u00e9n<\/span><\/p>\n<hr>\n<h3>Insua en la altura de Quito: \u00abel equipo va a correr todo el partido sin problemas\u00bb<\/h3>\n<\/p>\n<\/section>\n<\/div>\n<div class=\"sc-a7166897-0 exHLBh\" readability=\"6.5\">\n<section readability=\"3\"><picture><img alt=\"La medida que tom\u00f3 Independiente del Valle luego de la acusaci\u00f3n sobre la identidad adulterada de Alexander Bola\u00f1os\" src=\"http:\/\/hoycordobaweb.com\/wp-content\/uploads\/2024\/04\/la-racha-que-intentara-romper-san-lorenzo-en-quito-5.jpg\" width=\"290\" height=\"290\" decoding=\"async\" data-nimg=\"future\" loading=\"lazy\"><\/picture>\n<p><span>Mir\u00e1 tambi\u00e9n<\/span><\/p>\n<hr>\n<h3>La medida que tom\u00f3 Independiente del Valle luego de la acusaci\u00f3n sobre la identidad adulterada de Alexander Bola\u00f1os<\/h3>\n<\/p>\n<\/section>\n<\/div>\n<\/div>\n","protected":false},"excerpt":{"rendered":"<p>10\/04\/2024 13:54hs. Actualizado al 10\/04\/2024 14:36hs. En la previa del partido frente a Independiente del Valle por la segunda fecha de la Copa Libertadores, San Lorenzo se prepara para jugar a 2.850 metros de altura contra un rival complicad\u00edsimo y una ciudad que no le sienta bien. Con la ilusi\u00f3n de conseguir los primeros tres [&hellip;]<\/p>\n","protected":false},"author":1,"featured_media":75923,"comment_status":"open","ping_status":"closed","sticky":false,"template":"","format":"standard","meta":[],"categories":[16],"tags":[],"_links":{"self":[{"href":"http:\/\/hoycordobaweb.com\/index.php\/wp-json\/wp\/v2\/posts\/75922"}],"collection":[{"href":"http:\/\/hoycordobaweb.com\/index.php\/wp-json\/wp\/v2\/posts"}],"about":[{"href":"http:\/\/hoycordobaweb.com\/index.php\/wp-json\/wp\/v2\/types\/post"}],"author":[{"embeddable":true,"href":"http:\/\/hoycordobaweb.com\/index.php\/wp-json\/wp\/v2\/users\/1"}],"replies":[{"embeddable":true,"href":"http:\/\/hoycordobaweb.com\/index.php\/wp-json\/wp\/v2\/comments?post=75922"}],"version-history":[{"count":0,"href":"http:\/\/hoycordobaweb.com\/index.php\/wp-json\/wp\/v2\/posts\/75922\/revisions"}],"wp:featuredmedia":[{"embeddable":true,"href":"http:\/\/hoycordobaweb.com\/index.php\/wp-json\/wp\/v2\/media\/75923"}],"wp:attachment":[{"href":"http:\/\/hoycordobaweb.com\/index.php\/wp-json\/wp\/v2\/media?parent=75922"}],"wp:term":[{"taxonomy":"category","embeddable":true,"href":"http:\/\/hoycordobaweb.com\/index.php\/wp-json\/wp\/v2\/categories?post=75922"},{"taxonomy":"post_tag","embeddable":true,"href":"http:\/\/hoycordobaweb.com\/index.php\/wp-json\/wp\/v2\/tags?post=75922"}],"curies":[{"name":"wp","href":"https:\/\/api.w.org\/{rel}","templated":true}]}}