{"id":75900,"date":"2024-04-09T11:41:00","date_gmt":"2024-04-09T11:41:00","guid":{"rendered":"https:\/\/fm-comunicar.com.ar\/contenido\/21541\/jesus-maria-se-inaugura-la-muestra-vibraciones-de-belen-madrid-en-el-museo-de-la"},"modified":"2024-04-09T11:41:00","modified_gmt":"2024-04-09T11:41:00","slug":"jesus-maria-se-inaugura-la-muestra-vibraciones-de-belen-madrid-en-el-museo-de-la-ciudad","status":"publish","type":"post","link":"http:\/\/hoycordobaweb.com\/index.php\/2024\/04\/09\/jesus-maria-se-inaugura-la-muestra-vibraciones-de-belen-madrid-en-el-museo-de-la-ciudad\/","title":{"rendered":"Jes\u00fas Mar\u00eda: Se inaugura la muestra \u00abVibraciones\u201d, de Bel\u00e9n Madrid, en el Museo de la Ciudad"},"content":{"rendered":"<p>La apertura ser\u00e1 el viernes 12 de abril a las 20:30 horas. Invita a reflexionar sobre la naturaleza ef\u00edmera de la vida y la interacci\u00f3n constante entre la luz y la oscuridad a trav\u00e9s de sus obras.<img src=\"http:\/\/hoycordobaweb.com\/wp-content\/uploads\/2024\/04\/jesus-maria-se-inaugura-la-muestra-vibraciones-de-belen-madrid-en-el-museo-de-la-ciudad.jpg\"><\/p>\n","protected":false},"excerpt":{"rendered":"<p>La apertura ser\u00e1 el viernes 12 de abril a las 20:30 horas. Invita a reflexionar sobre la naturaleza ef\u00edmera de la vida y la interacci\u00f3n constante entre la luz y la oscuridad a trav\u00e9s de sus obras.<\/p>\n","protected":false},"author":1,"featured_media":75901,"comment_status":"closed","ping_status":"closed","sticky":false,"template":"","format":"standard","meta":[],"categories":[18],"tags":[],"_links":{"self":[{"href":"http:\/\/hoycordobaweb.com\/index.php\/wp-json\/wp\/v2\/posts\/75900"}],"collection":[{"href":"http:\/\/hoycordobaweb.com\/index.php\/wp-json\/wp\/v2\/posts"}],"about":[{"href":"http:\/\/hoycordobaweb.com\/index.php\/wp-json\/wp\/v2\/types\/post"}],"author":[{"embeddable":true,"href":"http:\/\/hoycordobaweb.com\/index.php\/wp-json\/wp\/v2\/users\/1"}],"replies":[{"embeddable":true,"href":"http:\/\/hoycordobaweb.com\/index.php\/wp-json\/wp\/v2\/comments?post=75900"}],"version-history":[{"count":0,"href":"http:\/\/hoycordobaweb.com\/index.php\/wp-json\/wp\/v2\/posts\/75900\/revisions"}],"wp:featuredmedia":[{"embeddable":true,"href":"http:\/\/hoycordobaweb.com\/index.php\/wp-json\/wp\/v2\/media\/75901"}],"wp:attachment":[{"href":"http:\/\/hoycordobaweb.com\/index.php\/wp-json\/wp\/v2\/media?parent=75900"}],"wp:term":[{"taxonomy":"category","embeddable":true,"href":"http:\/\/hoycordobaweb.com\/index.php\/wp-json\/wp\/v2\/categories?post=75900"},{"taxonomy":"post_tag","embeddable":true,"href":"http:\/\/hoycordobaweb.com\/index.php\/wp-json\/wp\/v2\/tags?post=75900"}],"curies":[{"name":"wp","href":"https:\/\/api.w.org\/{rel}","templated":true}]}}