{"id":75890,"date":"2024-04-10T15:28:20","date_gmt":"2024-04-10T15:28:20","guid":{"rendered":"https:\/\/ambiente.cba.gov.ar\/?p=22652"},"modified":"2024-04-10T15:28:20","modified_gmt":"2024-04-10T15:28:20","slug":"la-provincia-pondra-en-valor-la-estacion-hidrobiologica-embalse","status":"publish","type":"post","link":"http:\/\/hoycordobaweb.com\/index.php\/2024\/04\/10\/la-provincia-pondra-en-valor-la-estacion-hidrobiologica-embalse\/","title":{"rendered":"La Provincia pondr\u00e1 en valor la Estaci\u00f3n Hidrobiol\u00f3gica Embalse"},"content":{"rendered":"<ul class=\" eplus-wrapper eplus-styles-uid-686b64\">\n<li class=\" eplus-wrapper\"><strong>Se trata de un espacio modelo en el pa\u00eds, que se dedica principalmente a la cr\u00eda del pejerrey.<\/strong><\/li>\n<li class=\" eplus-wrapper\"><strong>A partir de un convenio celebrado entre la cartera ambiental provincial y la Municipalidad de Embalse, se busca revalorizar el lugar.<\/strong><\/li>\n<li class=\" eplus-wrapper\"><strong>El acuerdo implica aunar esfuerzos para convertir la Estaci\u00f3n en un centro de interpretaci\u00f3n.<\/strong><\/li>\n<\/ul>\n<p class=\" eplus-wrapper\">La ministra de Ambiente y Econom\u00eda Circular, Victoria Flores, firm\u00f3 un convenio de colaboraci\u00f3n con el intendente de la localidad de Embalse, Mario Rivarola, para impulsar la puesta en valor de la&nbsp;<strong>Estaci\u00f3n Hidrobiol\u00f3gica Fitz Sim\u00f3n<\/strong>.<\/p>\n<p class=\" eplus-wrapper\">Ubicada en la localidad de Embalse, la Estaci\u00f3n tiene alta relevancia en el pa\u00eds. Principalmente se dedica a la cr\u00eda y siembra del pejerrey, con el objetivo de aumentar la poblaci\u00f3n de la especie en el lago de Embalse de R\u00edo Tercero y espejos de agua de C\u00f3rdoba.<\/p>\n<p class=\" eplus-wrapper\">La puesta en valor de la Estaci\u00f3n permitir\u00e1 fortalecer la actividad de pesca deportiva en todo el territorio provincial. Adem\u00e1s, incluye la colaboraci\u00f3n para convertir la instalaci\u00f3n en un centro de interpretaci\u00f3n, que reciba visitas educativas todo el a\u00f1o.<\/p>\n<p class=\" eplus-wrapper\"><em>\u201cLa restauraci\u00f3n ecol\u00f3gica de nuestra provincia tiene varias etapas, y la firma de este convenio consiste en un primer paso para comenzar a dise\u00f1ar proyectos de conservaci\u00f3n y preservaci\u00f3n\u00bb<\/em>, inform\u00f3 la ministra.<\/p>\n<p class=\" eplus-wrapper\">Flores explic\u00f3 que esta iniciativa&nbsp;<em>\u00abbusca promover el turismo sostenible, difundiendo la importancia de proteger la fauna \u00edctica de los cuerpos de agua\u201d.<\/em><\/p>\n<div id=\"gallery-1\" class=\"gallery galleryid-22652 gallery-columns-2 gallery-size-large\">\n<figure class=\"gallery-item\">\n<div class=\"gallery-icon landscape\"> <a href=\"https:\/\/ambiente.cba.gov.ar\/la-provincia-pondra-en-valor-la-estacion-hidrobiologica-embalse\/whatsapp-image-2024-04-09-at-09-34-08\/\"><img width=\"1024\" height=\"512\" src=\"http:\/\/hoycordobaweb.com\/wp-content\/uploads\/2024\/04\/la-provincia-pondra-en-valor-la-estacion-hidrobiologica-embalse.png\" class=\"attachment-large size-large\" alt loading=\"lazy\"><\/a> <\/div>\n<\/figure>\n<figure class=\"gallery-item\">\n<div class=\"gallery-icon landscape\"> <a href=\"https:\/\/ambiente.cba.gov.ar\/la-provincia-pondra-en-valor-la-estacion-hidrobiologica-embalse\/whatsapp-image-2024-04-09-at-09-34-09\/\"><img width=\"1024\" height=\"512\" src=\"http:\/\/hoycordobaweb.com\/wp-content\/uploads\/2024\/04\/la-provincia-pondra-en-valor-la-estacion-hidrobiologica-embalse-1.png\" class=\"attachment-large size-large\" alt loading=\"lazy\"><\/a> <\/div>\n<\/figure><\/div>\n","protected":false},"excerpt":{"rendered":"<p>Se trata de un espacio modelo en el pa\u00eds, que se dedica principalmente a la cr\u00eda del pejerrey. A partir de un convenio celebrado entre la cartera ambiental provincial y la Municipalidad de Embalse, se busca revalorizar el lugar. El acuerdo implica aunar esfuerzos para convertir la Estaci\u00f3n en un centro de interpretaci\u00f3n. La ministra [&hellip;]<\/p>\n","protected":false},"author":1,"featured_media":75891,"comment_status":"closed","ping_status":"closed","sticky":false,"template":"","format":"standard","meta":[],"categories":[2,19],"tags":[],"_links":{"self":[{"href":"http:\/\/hoycordobaweb.com\/index.php\/wp-json\/wp\/v2\/posts\/75890"}],"collection":[{"href":"http:\/\/hoycordobaweb.com\/index.php\/wp-json\/wp\/v2\/posts"}],"about":[{"href":"http:\/\/hoycordobaweb.com\/index.php\/wp-json\/wp\/v2\/types\/post"}],"author":[{"embeddable":true,"href":"http:\/\/hoycordobaweb.com\/index.php\/wp-json\/wp\/v2\/users\/1"}],"replies":[{"embeddable":true,"href":"http:\/\/hoycordobaweb.com\/index.php\/wp-json\/wp\/v2\/comments?post=75890"}],"version-history":[{"count":0,"href":"http:\/\/hoycordobaweb.com\/index.php\/wp-json\/wp\/v2\/posts\/75890\/revisions"}],"wp:featuredmedia":[{"embeddable":true,"href":"http:\/\/hoycordobaweb.com\/index.php\/wp-json\/wp\/v2\/media\/75891"}],"wp:attachment":[{"href":"http:\/\/hoycordobaweb.com\/index.php\/wp-json\/wp\/v2\/media?parent=75890"}],"wp:term":[{"taxonomy":"category","embeddable":true,"href":"http:\/\/hoycordobaweb.com\/index.php\/wp-json\/wp\/v2\/categories?post=75890"},{"taxonomy":"post_tag","embeddable":true,"href":"http:\/\/hoycordobaweb.com\/index.php\/wp-json\/wp\/v2\/tags?post=75890"}],"curies":[{"name":"wp","href":"https:\/\/api.w.org\/{rel}","templated":true}]}}