{"id":75888,"date":"2024-04-09T22:32:02","date_gmt":"2024-04-09T22:32:02","guid":{"rendered":"https:\/\/ahora.com.ar\/show\/pablo-echarri-hablo-los-dichos-francella-y-critico-milei-estoy-espantado-angustiado-n5369461"},"modified":"2024-04-09T22:32:02","modified_gmt":"2024-04-09T22:32:02","slug":"pablo-echarri-hablo-sobre-los-dichos-de-francella-y-critico-a-milei-estoy-espantado-angustiado","status":"publish","type":"post","link":"http:\/\/hoycordobaweb.com\/index.php\/2024\/04\/09\/pablo-echarri-hablo-sobre-los-dichos-de-francella-y-critico-a-milei-estoy-espantado-angustiado\/","title":{"rendered":"Pablo Echarri habl\u00f3 sobre los dichos de Francella y critic\u00f3 a Milei: \u00abEstoy espantado, angustiado\u00bb"},"content":{"rendered":"<div><img src=\"http:\/\/hoycordobaweb.com\/wp-content\/uploads\/2024\/04\/pablo-echarri-hablo-sobre-los-dichos-de-francella-y-critico-a-milei-estoy-espantado-angustiado.jpg\" class=\"ff-og-image-inserted\"><\/div>\n<div id>\n<div class=\"article-body__info-wrapper\"><span class=\"article-body__date\"> <time datetime=\"2024-04-09T22:32:02.000Z\">9 de abril de 2024 &#8211; 19:32<\/time><\/span> <\/div>\n<p>D\u00edas atr\u00e1s, las <strong>declaraciones de Guillermo Francella sobre el gobierno de Javier Milei tuvieron gran repercusi\u00f3n<\/strong> en la comunidad art\u00edstica. El actor de Casados con hijos se mostr\u00f3 esperanzado con que la gente \u201cempiece a disfrutar un poco m\u00e1s de estas medidas\u201d, en referencia a la gesti\u00f3n de La Libertad Avanza, y asegur\u00f3 que las mismas \u201ceran m\u00e1s que necesarias y sab\u00edamos que iba a haber cirug\u00eda mayor, lo dijeron en la campa\u00f1a y lo cumpli\u00f3 taxativamente\u201d.<\/p>\n<\/div>\n<div id>\n<p>La frase caus\u00f3 revuelo al ser pronunciada en medio de una serie de reclamos de los artistas por algunas medidas del presidente que propon\u00edan un recorte del presupuesto para la cultura, apuntando contra el Fondo Nacional de las Artes y el Instituto Nacional de Cine y Artes Audiovisuales (INCAA) y hasta sugiriendo el posible cierre del cine Gaumont, con una pol\u00e9mica que alcanz\u00f3 a Mirtha Legrand.<\/p>\n<\/div>\n<div id>\n<p>En este panorama, <strong>\u00c9rica Rivas, Mar\u00eda Valenzuela, Julieta Zylberberg y Nancy Dupl\u00e1a<\/strong> fueron algunas de las voces que se levantaron contra los dichos de Francella. Y ahora tambi\u00e9n se sum\u00f3 la de <strong>Pablo Echarri<\/strong>, pareja de Nancy y productor de su nueva otra de teatro. \u201cMuchos compa\u00f1eros tuyos han levantado la voz sobre los recortes del gobierno. \u00bfC\u00f3mo est\u00e1s vos? le preguntaron en Intrusos. <strong>\u201cEspantado, angustiado. Creo que este gobierno lo que va a dejar hacia adelante es un verdadero dolor y destrucci\u00f3n\u201d<\/strong>, expres\u00f3.<\/p>\n<p>Durante el pre estreno de Exit, obra que \u00e9l produce y protagonizan Dupl\u00e1a, Fer Metili y Juan Pablo Geretto, Echarri fue consultado puntualmente por la opini\u00f3n de Francella. \u201cNo me extra\u00f1a la postura de Guillermo\u201d, sentenci\u00f3 ante la pregunta del notero Alejandro Guatti. \u201cS\u00ed me extra\u00f1a que haya hablado en este momento que estaba pretendiendo no dar opini\u00f3n para que no se crucen con su trabajo. Pero siempre es bienvenida la libertad para poder opinar\u201d, agreg\u00f3.<\/p>\n<p><strong>\u201cEstoy en las ant\u00edpodas del pensamiento de Guillermo\u201d<\/strong>, continu\u00f3 Pablo en la entrevista con el ciclo de Am\u00e9rica, y justific\u00f3 su posici\u00f3n. \u201cCreo que hay una mirada m\u00e1s individualista y menos colectivista, y yo soy un colectivista hecho y derecho\u201d, expres\u00f3. \u201cTrabajo en SAGAI hace 18 a\u00f1os y construyo con el colectivo, entonces las miradas individuales no son las que me identifican.<\/p>\n<p>Para finalizar, Echarri no quiso entrar en pol\u00e9micas y resumi\u00f3 su posici\u00f3n pol\u00edtica respecto a la de su colega. \u201cSabemos que pensamos muy, muy diferente. Vemos la realidad de forma diferente y, vuelvo a decir, me alegro que \u00e9l pueda expresarlo con total libertad\u201d, cerr\u00f3 en declaraciones que reprodujo <em>Infobae<\/em>.<\/p>\n<p>Previamente a los dichos de Francella, Ricardo Dar\u00edn hab\u00eda marcado distancia respecto a la gesti\u00f3n de Milei, al considerar las medidas sobre la cultura como \u201cun delirio\u201d. Su compa\u00f1ero en El secreto de sus ojos expres\u00f3: \u201cCreer que lo est\u00e1 ocurriendo en nuestro pa\u00eds desde hace muchas d\u00e9cadas con la pulverizaci\u00f3n de la educaci\u00f3n, la pulverizaci\u00f3n del trabajo real, la cantidad de gente que est\u00e1 por debajo de la l\u00ednea de la pobreza, que son todas cosas no lamentables, muy lamentables, muy horrorosas, dependen de un sector que es el art\u00edstico es un delirio\u201d.<\/p>\n<p>En tanto, Mirtha Legrand hab\u00eda tratado de \u201cdesagradable\u201d al gobierno actual luego de que el Presidente avalara, con un reposteo en X, un mensaje que invitaba a la conductora a comprar el cine Gaumont, un d\u00eda despu\u00e9s de que comentara en su programa La noche de Mirtha en una charla con el Puma Goity que le daba mucho dolor que se cerrara el INCAA y se atacara el arte.<\/p>\n<p>\u201cNo corresponde, fue una opini\u00f3n simplemente. No es para decir que compre el cine. Es rid\u00edculo\u201d, coment\u00f3 horas despu\u00e9s Legrand en di\u00e1logo con el Canal de la Ciudad. \u201cTe da como cierto temor a expresarte porque si a cada cosa que vas a decir y al Gobierno no le gusta mucho o le molesta a alguien, te van a retrucar. Es desagradable\u201d, dijo en el mismo sentido.<\/p>\n<\/p><\/div>\n","protected":false},"excerpt":{"rendered":"<p>9 de abril de 2024 &#8211; 19:32 D\u00edas atr\u00e1s, las declaraciones de Guillermo Francella sobre el gobierno de Javier Milei tuvieron gran repercusi\u00f3n en la comunidad art\u00edstica. El actor de Casados con hijos se mostr\u00f3 esperanzado con que la gente \u201cempiece a disfrutar un poco m\u00e1s de estas medidas\u201d, en referencia a la gesti\u00f3n de [&hellip;]<\/p>\n","protected":false},"author":1,"featured_media":75889,"comment_status":"closed","ping_status":"closed","sticky":false,"template":"","format":"standard","meta":[],"categories":[10,23],"tags":[],"_links":{"self":[{"href":"http:\/\/hoycordobaweb.com\/index.php\/wp-json\/wp\/v2\/posts\/75888"}],"collection":[{"href":"http:\/\/hoycordobaweb.com\/index.php\/wp-json\/wp\/v2\/posts"}],"about":[{"href":"http:\/\/hoycordobaweb.com\/index.php\/wp-json\/wp\/v2\/types\/post"}],"author":[{"embeddable":true,"href":"http:\/\/hoycordobaweb.com\/index.php\/wp-json\/wp\/v2\/users\/1"}],"replies":[{"embeddable":true,"href":"http:\/\/hoycordobaweb.com\/index.php\/wp-json\/wp\/v2\/comments?post=75888"}],"version-history":[{"count":0,"href":"http:\/\/hoycordobaweb.com\/index.php\/wp-json\/wp\/v2\/posts\/75888\/revisions"}],"wp:featuredmedia":[{"embeddable":true,"href":"http:\/\/hoycordobaweb.com\/index.php\/wp-json\/wp\/v2\/media\/75889"}],"wp:attachment":[{"href":"http:\/\/hoycordobaweb.com\/index.php\/wp-json\/wp\/v2\/media?parent=75888"}],"wp:term":[{"taxonomy":"category","embeddable":true,"href":"http:\/\/hoycordobaweb.com\/index.php\/wp-json\/wp\/v2\/categories?post=75888"},{"taxonomy":"post_tag","embeddable":true,"href":"http:\/\/hoycordobaweb.com\/index.php\/wp-json\/wp\/v2\/tags?post=75888"}],"curies":[{"name":"wp","href":"https:\/\/api.w.org\/{rel}","templated":true}]}}