{"id":75862,"date":"2024-04-09T17:53:34","date_gmt":"2024-04-09T17:53:34","guid":{"rendered":"https:\/\/www.ole.com.ar\/boca-juniors\/boca-leandro-paredes-regreso-roman-riquelme_0_WpsB18Fjp4.html"},"modified":"2024-04-09T17:53:34","modified_gmt":"2024-04-09T17:53:34","slug":"el-deseo-de-paredes-y-riquelme-para-la-vuelta-de-leandro-a-boca","status":"publish","type":"post","link":"http:\/\/hoycordobaweb.com\/index.php\/2024\/04\/09\/el-deseo-de-paredes-y-riquelme-para-la-vuelta-de-leandro-a-boca\/","title":{"rendered":"El deseo de Paredes y Riquelme para la vuelta de Leandro a Boca"},"content":{"rendered":"<p><img src=\"http:\/\/hoycordobaweb.com\/wp-content\/uploads\/2024\/04\/el-deseo-de-paredes-y-riquelme-para-la-vuelta-de-leandro-a-boca.jpg\"><\/p>\n<p><time class=\"createDate\" datetime=\"2024-04-09T14:53:34-03:00\">09\/04\/2024 14:53hs.<\/time><\/p>\n<div id=\"storyBody\">\n<div class=\"custom-text \" readability=\"29.72972972973\">\n<p>Que <strong><a href=\"https:\/\/www.ole.com.ar\/tema\/boca-juniors.html\" title=\"Boca Juniors\" alt=\"Boca Juniors\" class=\"slug\">Boca<\/a><\/strong> es su casa ya es sabido. Que el deseo de volver a juntarse es mutuo, tambi\u00e9n. Lo que <strong><a href=\"https:\/\/www.ole.com.ar\/tema\/leandro-paredes.html\" title=\"Leandro Paredes\" alt=\"Leandro Paredes\" class=\"slug\">Leandro Paredes<\/a><\/strong> dio en esta oportunidad es <strong>un indicio sobre cu\u00e1ndo podr\u00eda darse ese regreso tan anhelado. Uno que involucra nada menos que a <a href=\"https:\/\/www.ole.com.ar\/tema\/juan-roman-riquelme.html\" title=\"Juan Rom\u00e1n Riquelme\" alt=\"Juan Rom\u00e1n Riquelme\" class=\"slug\">Juan Rom\u00e1n Riquelme<\/a>.<\/strong><\/p>\n<\/div>\n<div class=\"custom-text \" readability=\"38\">\n<p><strong>\u00abNo me puse fecha, no me pongo fecha para nada en mi vida. Trato de vivir mi carrera d\u00eda a d\u00eda, lo que tenga que pasar pasar\u00e1\u00bb<\/strong>, dijo el volante en un di\u00e1logo con Juan Pablo Varsky para Clank Media, a tono con lo que todo futbolista importante suele declarar antes de volver de Europa.<\/p>\n<\/div>\n<div class=\"custom-text \" readability=\"37\">\n<p>S\u00ed volvi\u00f3 a aclarar que sus intenciones de volver q vestir la azul y oro est\u00e1n intactas. <strong>\u00abObviamente que las ganas de volver siempre est\u00e1n, siempre lo dije. Eso va a estar siempre en mi cabeza\u00bb<\/strong>, agreg\u00f3 el futbolista de 29 a\u00f1os, para ilusionar a todo el pueblo xeneize.<\/p>\n<\/div>\n<div class=\"custom-text \" readability=\"36\">\n<p>Sin embargo, al avanzar en el tema dej\u00f3 una expresi\u00f3n de deseo que tal vez marque en qu\u00e9 tiempo se podr\u00eda planear ese paso en su carrera. <strong>\u00abOjal\u00e1 pueda volver con Rom\u00e1n de presidente. Lo habl\u00e9 con \u00e9l y quiere que vuelva antes de que se vaya\u00bb<\/strong>, expres\u00f3 el campe\u00f3n del mundo.<\/p>\n<\/div>\n<div class=\"custom-text \" readability=\"37\">\n<p>Con esa frase, el jugador de Roma est\u00e1 evidenciando que Riquelme tambi\u00e9n sue\u00f1a con su vuelta club, y que el deseo es de ambas partes. <strong>Claro, tampoco hay certeza de cu\u00e1nto tiempo presidir\u00e1 JR al club. Pero lo seguro es que hasta 2027 s\u00ed lo har\u00e1.<\/strong><\/p>\n<\/div>\n<div class=\"custom-text \" readability=\"35\">\n<p>Justamente, Lea tir\u00f3 la pelota para adelante con ese argumento: \u201c<strong>Seguramente estar\u00e1 much\u00edsimos a\u00f1os m\u00e1s porque lo est\u00e1 haciendo muy bien y la gente est\u00e1 contenta\u00bb<\/strong>, finaliz\u00f3 el ex PSG.<\/p>\n<\/div>\n<div class=\"sc-e7b891c4-0 jPbnQF\"><img alt=\"Paredes y Riquelme compartieron plantel en Boca.\" src=\"http:\/\/hoycordobaweb.com\/wp-content\/uploads\/2024\/04\/el-deseo-de-paredes-y-riquelme-para-la-vuelta-de-leandro-a-boca-2.jpg\" width=\"720\" height=\"100\" decoding=\"async\" data-nimg=\"future\" loading=\"lazy\"><span class=\"epigraphe\">Paredes y Riquelme compartieron plantel en Boca.<\/span><\/div>\n<p><h2><strong>La relaci\u00f3n con Rom\u00e1n y su influencia <\/strong><\/h2>\n<\/p>\n<div class=\"custom-text \" readability=\"41\">\n<p>Paredes y Rom\u00e1n tienen una gran relaci\u00f3n, que comenz\u00f3 hace varios a\u00f1os cuando compartieron vestuario con la camiseta azul y oro. Cuando el volante debut\u00f3 en Boca, en noviembre de 2010 con tan s\u00f3lo 16 a\u00f1os, Rom\u00e1n le regal\u00f3 su camiseta en un lindo gesto, y a partir de ese momento, comenzaron a fortalecer el v\u00ednculo. <strong>Riquelme vio de cerca el crecimiento de aquel joven Paredes, que tiempo despu\u00e9s se convertir\u00eda en campe\u00f3n del mundo<\/strong>. <\/p>\n<\/div>\n<div class=\"custom-text \" readability=\"43\">\n<p>En cuanto a la vuelta de Rom\u00e1n al club luego de haberse ido por seis meses en 2013, Lea dijo lo siguiente: <strong>\u00abEn ese tiempo us\u00e9 la diez en la Sudamericana y en el torneo de verano. Cuando vuelve Rom\u00e1n, Bianchi me da la 20, pero realmente no hac\u00eda falta ni que se la de -la diez a Rom\u00e1n-, era una camiseta que yo estaba tomando prestada pero era de \u00e9l. Para mi fue espectacular que vuelva, era consciente que pod\u00eda aprender much\u00edsimo de \u00e9l, era mi \u00eddolo\u00bb<\/strong>, expres\u00f3 el en aquel momento enganche, que luego reversion\u00f3 su posici\u00f3n y pas\u00f3 a jugar de cinco. <\/p>\n<\/div>\n<div class=\"custom-text \" readability=\"46.540350877193\">\n<p>La buena relaci\u00f3n entre ambos qued\u00f3 m\u00e1s que evidenciada cuando Rom\u00e1n hizo su partido de despedida el 25 de junio del 2023 en la Bombonera, <strong>y uno de los invitados de lujo al festejo fue Paredes<\/strong>, entre tantos otros como <a href=\"https:\/\/www.ole.com.ar\/tema\/lionel-messi.html\" title=\"Lionel Messi\" alt=\"Lionel Messi\" class=\"slug\">Lionel Messi<\/a> o <a href=\"https:\/\/www.ole.com.ar\/tema\/carlos-bianchi.html\" title=\"Carlos Bianchi\" alt=\"Carlos Bianchi\" class=\"slug\">Carlos Bianchi<\/a>. Ese d\u00eda, se disput\u00f3 un partido entre Boca y la Selecci\u00f3n Argentina, en el que Paredes visti\u00f3 la camiseta Albiceleste, pero sobre el final del encuentro, se pas\u00f3 para el otro lado y se puso la azul y oro un rato. Comparti\u00f3 equipo con Rom\u00e1n, y casi hacen un gol para el recuerdo, en el que el Diez le pone un pase pinchado fant\u00e1stico y Lea define de volea, pero la tapa el arquero. Luego del festejo, <strong>el volante ya hab\u00eda dejado en claro su intenci\u00f3n de volver al club<\/strong>, y ya le hab\u00eda tirado flores a el trabajo en la presidencia de Rom\u00e1n, <strong>pero ahora lo volvi\u00f3 a hacer, ratificando sus dichos<\/strong>. <\/p>\n<\/div>\n<div class=\"sc-e7b891c4-0 jPbnQF\"><img alt=\"Paredes, Riquelme, Messi y Di Mar\u00eda juntos, en el partido de despedida de Rom\u00e1n. Demasiada calidad en una foto. \" src=\"http:\/\/hoycordobaweb.com\/wp-content\/uploads\/2024\/04\/el-deseo-de-paredes-y-riquelme-para-la-vuelta-de-leandro-a-boca-3.jpg\" width=\"720\" height=\"100\" decoding=\"async\" data-nimg=\"future\" loading=\"lazy\"><span class=\"epigraphe\">Paredes, Riquelme, Messi y Di Mar\u00eda juntos, en el partido de despedida de Rom\u00e1n. Demasiada calidad en una foto. <\/span><\/div>\n<div class=\"sc-a7166897-0 exHLBh\" readability=\"6\">\n<section readability=\"2\"><picture><img alt=\"La vuelta de Romero al arco de Boca: el efecto Brey y el contrato por renovar\" src=\"http:\/\/hoycordobaweb.com\/wp-content\/uploads\/2024\/04\/el-deseo-de-paredes-y-riquelme-para-la-vuelta-de-leandro-a-boca-4.jpg\" width=\"290\" height=\"290\" decoding=\"async\" data-nimg=\"future\" loading=\"lazy\"><\/picture>\n<p><span>Mir\u00e1 tambi\u00e9n<\/span><\/p>\n<hr>\n<h3>La vuelta de Romero al arco de Boca: el efecto Brey y el contrato por renovar<\/h3>\n<\/p>\n<\/section>\n<\/div>\n<div class=\"sc-a7166897-0 exHLBh\" readability=\"6\">\n<section readability=\"2\"><picture><img alt=\"El motivo de las ausencias de Medina y Langoni entre los concentrados de Boca\" src=\"http:\/\/hoycordobaweb.com\/wp-content\/uploads\/2024\/04\/el-deseo-de-paredes-y-riquelme-para-la-vuelta-de-leandro-a-boca-5.jpg\" width=\"290\" height=\"290\" decoding=\"async\" data-nimg=\"future\" loading=\"lazy\"><\/picture>\n<p><span>Mir\u00e1 tambi\u00e9n<\/span><\/p>\n<hr>\n<h3>El motivo de las ausencias de Medina y Langoni entre los concentrados de Boca<\/h3>\n<\/p>\n<\/section>\n<\/div>\n<div class=\"sc-a7166897-0 exHLBh\" readability=\"6\">\n<section readability=\"2\"><picture><img alt=\"Por qu\u00e9 la victoria de Godoy Cruz es tambi\u00e9n una buena noticia para Boca\" src=\"http:\/\/hoycordobaweb.com\/wp-content\/uploads\/2024\/04\/el-deseo-de-paredes-y-riquelme-para-la-vuelta-de-leandro-a-boca-6.jpg\" width=\"290\" height=\"290\" decoding=\"async\" data-nimg=\"future\" loading=\"lazy\"><\/picture>\n<p><span>Mir\u00e1 tambi\u00e9n<\/span><\/p>\n<hr>\n<h3>Por qu\u00e9 la victoria de Godoy Cruz es tambi\u00e9n una buena noticia para Boca<\/h3>\n<\/p>\n<\/section>\n<\/div>\n<div class=\"sc-a7166897-0 exHLBh\" readability=\"6.5\">\n<section readability=\"3\"><picture><img alt=\"Boca en la Copa: la vuelta internacional a la Bombonera y el objetivo de Mart\u00ednez ante Trinidense\" src=\"http:\/\/hoycordobaweb.com\/wp-content\/uploads\/2024\/04\/el-deseo-de-paredes-y-riquelme-para-la-vuelta-de-leandro-a-boca-7.jpg\" width=\"290\" height=\"290\" decoding=\"async\" data-nimg=\"future\" loading=\"lazy\"><\/picture>\n<p><span>Mir\u00e1 tambi\u00e9n<\/span><\/p>\n<hr>\n<h3>Boca en la Copa: la vuelta internacional a la Bombonera y el objetivo de Mart\u00ednez ante Trinidense<\/h3>\n<\/p>\n<\/section>\n<\/div>\n<\/div>\n","protected":false},"excerpt":{"rendered":"<p>09\/04\/2024 14:53hs. Que Boca es su casa ya es sabido. Que el deseo de volver a juntarse es mutuo, tambi\u00e9n. Lo que Leandro Paredes dio en esta oportunidad es un indicio sobre cu\u00e1ndo podr\u00eda darse ese regreso tan anhelado. Uno que involucra nada menos que a Juan Rom\u00e1n Riquelme. \u00abNo me puse fecha, no me [&hellip;]<\/p>\n","protected":false},"author":1,"featured_media":75863,"comment_status":"open","ping_status":"closed","sticky":false,"template":"","format":"standard","meta":[],"categories":[16],"tags":[],"_links":{"self":[{"href":"http:\/\/hoycordobaweb.com\/index.php\/wp-json\/wp\/v2\/posts\/75862"}],"collection":[{"href":"http:\/\/hoycordobaweb.com\/index.php\/wp-json\/wp\/v2\/posts"}],"about":[{"href":"http:\/\/hoycordobaweb.com\/index.php\/wp-json\/wp\/v2\/types\/post"}],"author":[{"embeddable":true,"href":"http:\/\/hoycordobaweb.com\/index.php\/wp-json\/wp\/v2\/users\/1"}],"replies":[{"embeddable":true,"href":"http:\/\/hoycordobaweb.com\/index.php\/wp-json\/wp\/v2\/comments?post=75862"}],"version-history":[{"count":0,"href":"http:\/\/hoycordobaweb.com\/index.php\/wp-json\/wp\/v2\/posts\/75862\/revisions"}],"wp:featuredmedia":[{"embeddable":true,"href":"http:\/\/hoycordobaweb.com\/index.php\/wp-json\/wp\/v2\/media\/75863"}],"wp:attachment":[{"href":"http:\/\/hoycordobaweb.com\/index.php\/wp-json\/wp\/v2\/media?parent=75862"}],"wp:term":[{"taxonomy":"category","embeddable":true,"href":"http:\/\/hoycordobaweb.com\/index.php\/wp-json\/wp\/v2\/categories?post=75862"},{"taxonomy":"post_tag","embeddable":true,"href":"http:\/\/hoycordobaweb.com\/index.php\/wp-json\/wp\/v2\/tags?post=75862"}],"curies":[{"name":"wp","href":"https:\/\/api.w.org\/{rel}","templated":true}]}}