{"id":75854,"date":"2024-04-08T22:46:00","date_gmt":"2024-04-08T22:46:00","guid":{"rendered":"https:\/\/fm-comunicar.com.ar\/contenido\/21532\/el-municipio-caroyense-y-entidades-vitivinicolas-firman-convenio-de-cooperacion-"},"modified":"2024-04-08T22:46:00","modified_gmt":"2024-04-08T22:46:00","slug":"el-municipio-caroyense-y-entidades-vitivinicolas-firman-convenio-de-cooperacion-tecnica","status":"publish","type":"post","link":"http:\/\/hoycordobaweb.com\/index.php\/2024\/04\/08\/el-municipio-caroyense-y-entidades-vitivinicolas-firman-convenio-de-cooperacion-tecnica\/","title":{"rendered":"El municipio caroyense y entidades vitivin\u00edcolas firman convenio de cooperaci\u00f3n t\u00e9cnica"},"content":{"rendered":"<p>El acuerdo tiene el objetivo de realizar actividades conjuntas e interdisciplinarias para contribuir al desarrollo de la cadena vitivin\u00edcola de las distintas regiones productivas de la provincia de C\u00f3rdoba.<img src=\"http:\/\/hoycordobaweb.com\/wp-content\/uploads\/2024\/04\/el-municipio-caroyense-y-entidades-vitivinicolas-firman-convenio-de-cooperacion-tecnica.jpg\"><\/p>\n","protected":false},"excerpt":{"rendered":"<p>El acuerdo tiene el objetivo de realizar actividades conjuntas e interdisciplinarias para contribuir al desarrollo de la cadena vitivin\u00edcola de las distintas regiones productivas de la provincia de C\u00f3rdoba.<\/p>\n","protected":false},"author":1,"featured_media":75855,"comment_status":"closed","ping_status":"closed","sticky":false,"template":"","format":"standard","meta":[],"categories":[18],"tags":[],"_links":{"self":[{"href":"http:\/\/hoycordobaweb.com\/index.php\/wp-json\/wp\/v2\/posts\/75854"}],"collection":[{"href":"http:\/\/hoycordobaweb.com\/index.php\/wp-json\/wp\/v2\/posts"}],"about":[{"href":"http:\/\/hoycordobaweb.com\/index.php\/wp-json\/wp\/v2\/types\/post"}],"author":[{"embeddable":true,"href":"http:\/\/hoycordobaweb.com\/index.php\/wp-json\/wp\/v2\/users\/1"}],"replies":[{"embeddable":true,"href":"http:\/\/hoycordobaweb.com\/index.php\/wp-json\/wp\/v2\/comments?post=75854"}],"version-history":[{"count":0,"href":"http:\/\/hoycordobaweb.com\/index.php\/wp-json\/wp\/v2\/posts\/75854\/revisions"}],"wp:featuredmedia":[{"embeddable":true,"href":"http:\/\/hoycordobaweb.com\/index.php\/wp-json\/wp\/v2\/media\/75855"}],"wp:attachment":[{"href":"http:\/\/hoycordobaweb.com\/index.php\/wp-json\/wp\/v2\/media?parent=75854"}],"wp:term":[{"taxonomy":"category","embeddable":true,"href":"http:\/\/hoycordobaweb.com\/index.php\/wp-json\/wp\/v2\/categories?post=75854"},{"taxonomy":"post_tag","embeddable":true,"href":"http:\/\/hoycordobaweb.com\/index.php\/wp-json\/wp\/v2\/tags?post=75854"}],"curies":[{"name":"wp","href":"https:\/\/api.w.org\/{rel}","templated":true}]}}