{"id":75821,"date":"2024-04-08T18:39:00","date_gmt":"2024-04-08T18:39:00","guid":{"rendered":"http:\/\/hoycordobaweb.com\/index.php\/2024\/04\/08\/caputo-volvio-a-cargar-contra-las-prepagas-le-estan-declarando-la-guerra-a-la-clase-media\/"},"modified":"2024-04-08T18:39:00","modified_gmt":"2024-04-08T18:39:00","slug":"caputo-volvio-a-cargar-contra-las-prepagas-le-estan-declarando-la-guerra-a-la-clase-media","status":"publish","type":"post","link":"http:\/\/hoycordobaweb.com\/index.php\/2024\/04\/08\/caputo-volvio-a-cargar-contra-las-prepagas-le-estan-declarando-la-guerra-a-la-clase-media\/","title":{"rendered":"Caputo volvi\u00f3 a cargar contra las prepagas: \u00abLe est\u00e1n declarando la guerra a la clase media\u00bb"},"content":{"rendered":"<div class=\"media_block\"><\/div>\n<div><img src=\"http:\/\/hoycordobaweb.com\/wp-content\/uploads\/2024\/04\/caputo-volvio-a-cargar-contra-las-prepagas-le-estan-declarando-la-guerra-a-la-clase-media-1.jpg\" class=\"ff-og-image-inserted\"><\/div>\n<p>El ministro de Econom\u00eda,<a target=\"_blank\" href=\"https:\/\/www.perfil.com\/noticias\/actualidad\/luis-caputo-dijo-que-la-inflacion-de-marzo-va-a-estar-en-torno-al-10.phtml\" rel=\"noopener noreferrer\"> <strong>Luis Caputo<\/strong><\/a>, volvi\u00f3 a expresarse sobre los aumentos de las <a target=\"_blank\" href=\"https:\/\/www.perfil.com\/noticias\/canal-e\/prepagas-se-viene-otro-aumento-en-abril.phtml\" rel=\"noopener noreferrer\">empresas de medicina privada.<\/a><\/p>\n<p>\u201cLas prepagas<strong> le est\u00e1n declarando la guerra a la <a target=\"_blank\" href=\"https:\/\/www.perfil.com\/noticias\/economia\/para-ser-de-clase-media-una-familia-ya-necesita-mas-de-1-millon-de-pesos-en-caba.phtml\" rel=\"noopener noreferrer\">clase media<\/a><\/strong>\u201d, se\u00f1al\u00f3 Caputo en su cuenta de X (ex Twitter).&nbsp;<\/p>\n<p>\u201cNosotros desde el gobierno, vamos a hacer todo lo que est\u00e9 a nuestro alcance para <strong>defender a la clase media\u201d<\/strong>, agreg\u00f3.<\/p>\n<p class=\"destacadoNota\"><a target=\"_blank\" href=\"https:\/\/www.perfil.com\/noticias\/cordoba\/crisis-en-la-medicina-prepaga-estiman-que-el-sistema-ya-perdio-un-10-de-sus-afiliados-y-que-los-aumentos-no-van-a-parar.phtml\" rel=\"noopener noreferrer\">Crisis en la medicina prepaga: estiman que el sistema ya perdi\u00f3 un 10% de sus afiliados y que los aumentos no van a parar<\/a><\/p>\n<p>Los afiliados comenzaron recibir notificaciones con<strong> aumentos en las cuotas entre el 16% y 19%<\/strong>, seg\u00fan la empresa.<\/p>\n<p>Pocos d\u00edas atr\u00e1s, Caputo coment\u00f3 sobre los aumentos que superan el 100% desde enero: <strong>\u00abSe les recontra fue la mano&#8230; caso prepagas claro caso\u201d\u201d.<\/strong><\/p>\n<h2><strong>El caso \u00abChiche\u00bb Gelblung<\/strong><\/h2>\n<p>Este lunes, el periodista <strong>Samuel \u201cChiche\u201d Gelblung<\/strong> invoc\u00f3 esas declaraciones del ministro de Econom\u00eda, Luis Caputo, para pedir una medida cautelar que retrotraiga la cuota de su medicina prepaga a valores de diciembre de 2023.<\/p>\n<p>Gelblung present\u00f3 una acci\u00f3n de amparo ante el Juzgado en lo Civil y Comercial Federal n\u00famero dos, a cargo del juez Marcelo Dos Santos, reclamando por el<strong> \u201caumento indiscriminado\u201d<\/strong> de la cuota de la prepaga a la que est\u00e1 afiliado.<\/p>\n<p>Ahora, a trav\u00e9s de su abogada,<strong> Valeria Carreras<\/strong>, present\u00f3 como <strong>\u201checho nuevo\u201d las declaraciones del ministro Caput<\/strong>o del viernes pasado en la se\u00f1al de noticias TN.<\/p>\n<p>\u201cEstos dichos <strong>vienen a dar por tierra los argumentos del propio DNU 70-2023<\/strong>, porque liberar de controles estatales al servicio prepago de salud, no transparent\u00f3 ni mucho menos equilibr\u00f3 el mercado de las prepagas\u201d, argument\u00f3 Gelblung.<\/p>\n<p>LM<\/p>\n<div class=\"article__tags\">\n<p>En esta Nota<\/p>\n<\/p><\/div>\n","protected":false},"excerpt":{"rendered":"<p>El ministro de Econom\u00eda, Luis Caputo, volvi\u00f3 a expresarse sobre los aumentos de las empresas de medicina privada. \u201cLas prepagas le est\u00e1n declarando la guerra a la clase media\u201d, se\u00f1al\u00f3 Caputo en su cuenta de X (ex Twitter).&nbsp; \u201cNosotros desde el gobierno, vamos a hacer todo lo que est\u00e9 a nuestro alcance para defender a [&hellip;]<\/p>\n","protected":false},"author":1,"featured_media":75822,"comment_status":"closed","ping_status":"closed","sticky":false,"template":"","format":"standard","meta":[],"categories":[19],"tags":[59,57,58],"_links":{"self":[{"href":"http:\/\/hoycordobaweb.com\/index.php\/wp-json\/wp\/v2\/posts\/75821"}],"collection":[{"href":"http:\/\/hoycordobaweb.com\/index.php\/wp-json\/wp\/v2\/posts"}],"about":[{"href":"http:\/\/hoycordobaweb.com\/index.php\/wp-json\/wp\/v2\/types\/post"}],"author":[{"embeddable":true,"href":"http:\/\/hoycordobaweb.com\/index.php\/wp-json\/wp\/v2\/users\/1"}],"replies":[{"embeddable":true,"href":"http:\/\/hoycordobaweb.com\/index.php\/wp-json\/wp\/v2\/comments?post=75821"}],"version-history":[{"count":0,"href":"http:\/\/hoycordobaweb.com\/index.php\/wp-json\/wp\/v2\/posts\/75821\/revisions"}],"wp:featuredmedia":[{"embeddable":true,"href":"http:\/\/hoycordobaweb.com\/index.php\/wp-json\/wp\/v2\/media\/75822"}],"wp:attachment":[{"href":"http:\/\/hoycordobaweb.com\/index.php\/wp-json\/wp\/v2\/media?parent=75821"}],"wp:term":[{"taxonomy":"category","embeddable":true,"href":"http:\/\/hoycordobaweb.com\/index.php\/wp-json\/wp\/v2\/categories?post=75821"},{"taxonomy":"post_tag","embeddable":true,"href":"http:\/\/hoycordobaweb.com\/index.php\/wp-json\/wp\/v2\/tags?post=75821"}],"curies":[{"name":"wp","href":"https:\/\/api.w.org\/{rel}","templated":true}]}}