{"id":75809,"date":"2024-04-08T17:55:36","date_gmt":"2024-04-08T17:55:36","guid":{"rendered":"https:\/\/www.ole.com.ar\/tenis\/itia-sanciona-honra-promocionar-casas-apuestas_0_548ktt1IMz.html"},"modified":"2024-04-08T17:55:36","modified_gmt":"2024-04-08T17:55:36","slug":"fuerte-sancion-deportiva-y-economica-a-un-ex-tenista","status":"publish","type":"post","link":"http:\/\/hoycordobaweb.com\/index.php\/2024\/04\/08\/fuerte-sancion-deportiva-y-economica-a-un-ex-tenista\/","title":{"rendered":"Fuerte sanci\u00f3n deportiva y econ\u00f3mica a un ex tenista"},"content":{"rendered":"<p><img src=\"http:\/\/hoycordobaweb.com\/wp-content\/uploads\/2024\/04\/fuerte-sancion-deportiva-y-economica-a-un-ex-tenista.jpg\"><\/p>\n<p><time class=\"createDate\" datetime=\"2024-04-08T14:55:36-03:00\">08\/04\/2024 14:55hs.<\/time><\/p>\n<div id=\"storyBody\">\n<div class=\"custom-text \" readability=\"36\">\n<p>La<strong> ITIA, la agencia internacional para la integridad del tenis,<\/strong> estableci\u00f3 una <strong>sanci\u00f3n<\/strong> de seis meses de suspensi\u00f3n y una multa econ\u00f3mica de 10.000 d\u00f3lares al reconocido ex tenista peruano <strong>Luis Horna<\/strong>.<\/p>\n<\/div>\n<div class=\"custom-text \" readability=\"35\">\n<p>Esta sanci\u00f3n se aplicar\u00e1 si vuelve a llevar a cabo una conducta durante el pr\u00f3ximo medio a\u00f1o que incumpla con las normativas vigentes. Este per\u00edodo comenz\u00f3 a contabilizarse a partir del 5 de abril. El organismo tambi\u00e9n comunic\u00f3 que el reconocido tenista mostr\u00f3 arrepentimiento por sus acciones y no apelar\u00e1 la sanci\u00f3n. Adem\u00e1s resalt\u00f3 la cooperaci\u00f3n del deportista mientras se llev\u00f3 a cabo la etapa de investigaci\u00f3n.<\/p>\n<\/div>\n<div class=\"sc-e7b891c4-0 jPbnQF\"><img alt=\"Luis Horna en acci\u00f3n por la Copa Davis del 2009 en Lima frente al uruguayo Marcel Felder.\n(AP Photo\/Martin Mejia, File)\" src=\"http:\/\/hoycordobaweb.com\/wp-content\/uploads\/2024\/04\/fuerte-sancion-deportiva-y-economica-a-un-ex-tenista-2.jpg\" width=\"720\" height=\"100\" decoding=\"async\" data-nimg=\"future\" loading=\"lazy\"><span class=\"epigraphe\">Luis Horna en acci\u00f3n por la Copa Davis del 2009 en Lima frente al uruguayo Marcel Felder.<br \/>\n(AP Photo\/Martin Mejia, File)<\/span><\/div>\n<p><h2><strong>Qu\u00e9 fue lo que hizo<\/strong><\/h2>\n<\/p>\n<div class=\"custom-text \" readability=\"36\">\n<p>En el a\u00f1o 2023, el peruano qued\u00f3 ligado con una empresa de<strong> apuestas deportivas<\/strong> luego de firmar un contrato, hecho que atent\u00f3 contra las normas de la ITIA por resultar prohibida la promoci\u00f3n de estas pr\u00e1cticas en el tenis.<\/p>\n<\/div>\n<p><h2><strong>Una sanci\u00f3n m\u00e1s se suma a la extensa lista<\/strong><\/h2>\n<\/p>\n<div class=\"custom-text \" readability=\"33\">\n<p>Son numerosos los antecedentes de sanciones dispuestas por la ITIA en los \u00faltimos a\u00f1os como consecuencia de los tenistas involucrados en ellas. <\/p>\n<\/div>\n<div class=\"custom-text \" readability=\"33\">\n<p>La Agencia Internacional no dej\u00f3 pasar por alto estos hechos por considerarlos de gravedad y aplic\u00f3 sanciones ejemplares para todos aquellos tenistas que tuvieron incidencia. <\/p>\n<\/div>\n<p><h2><strong>Horna, emblema del tenis peruano<\/strong><\/h2>\n<\/p>\n<div class=\"custom-text \" readability=\"32.515873015873\">\n<p>Luis Horna lleg\u00f3 a estar en el puesto 33 del <strong><a href=\"https:\/\/www.ole.com.ar\/tema\/ranking-atp.html\" title=\"Ranking ATP\" alt=\"Ranking ATP\" class=\"slug\">ranking ATP<\/a><\/strong> en el a\u00f1o 2004 luego de desplegar un muy buen nivel de tenis en las pistas. Hoy contin\u00faa ligado al tenis de su pa\u00eds: es el capit\u00e1n del equipo de Copa Davis y director del Challenger de Lima.<\/p>\n<\/div>\n<p><h2><strong>Un hist\u00f3rico triunfo ante Roger Federer<\/strong><\/h2>\n<\/p>\n<div class=\"custom-text \" readability=\"31.255813953488\">\n<p>El referente del tenis peruano logr\u00f3 ganarle al al multicampe\u00f3n suizo en la primera ronda del <strong><a href=\"https:\/\/www.ole.com.ar\/tema\/roland-garros.html\" title=\"Roland Garros\" alt=\"Roland Garros\" class=\"slug\">Roland Garros<\/a><\/strong> 2003, lo que lo convirti\u00f3 en el \u00faltimo en lograr vencerlo en dicha instancia del mencionado <strong><a href=\"https:\/\/www.ole.com.ar\/tema\/grand-slam.html\" title=\"Grand Slam\" alt=\"Grand Slam\" class=\"slug\">Grand Slam<\/a><\/strong>.<\/p>\n<\/div>\n<div class=\"custom-text \" readability=\"32.951219512195\">\n<p>Adem\u00e1s, en el 2008 obtuvo el t\u00edtulo de dobles de Roland Garros con el uruguayo <strong><a href=\"https:\/\/www.ole.com.ar\/tema\/pablo-cuevas.html\" title=\"Pablo Cuevas\" alt=\"Pablo Cuevas\" class=\"slug\">Pablo Cuevas<\/a><\/strong> luego de vencer en la final a la dupla conformada por los serbios <strong>Daniel Nestor <\/strong>y <strong>Nenad Zimonjic <\/strong>por 6-2 y 6-3.<\/p>\n<\/div>\n<div class=\"sc-e7b891c4-0 jPbnQF\"><img alt=\"Horna y Cuevas alzando el trofeo de dobles de Roland Garros en el 2008.\nREUTERS\/Pascal Rossignol (FRANCE)\" src=\"http:\/\/hoycordobaweb.com\/wp-content\/uploads\/2024\/04\/fuerte-sancion-deportiva-y-economica-a-un-ex-tenista-3.jpg\" width=\"720\" height=\"100\" decoding=\"async\" data-nimg=\"future\" loading=\"lazy\"><span class=\"epigraphe\">Horna y Cuevas alzando el trofeo de dobles de Roland Garros en el 2008.<br \/>\nREUTERS\/Pascal Rossignol (FRANCE)<\/span><\/div>\n<div class=\"sc-a7166897-0 exHLBh\" readability=\"6.5\">\n<section readability=\"3\"><picture><img alt=\"Djokovic super\u00f3 un r\u00e9cord de Roger Federer en la b\u00fasqueda de ser el mejor de la historia\" src=\"http:\/\/hoycordobaweb.com\/wp-content\/uploads\/2024\/04\/fuerte-sancion-deportiva-y-economica-a-un-ex-tenista-4.jpg\" width=\"290\" height=\"290\" decoding=\"async\" data-nimg=\"future\" loading=\"lazy\"><\/picture>\n<p><span>Mir\u00e1 tambi\u00e9n<\/span><\/p>\n<hr>\n<h3>Djokovic super\u00f3 un r\u00e9cord de Roger Federer en la b\u00fasqueda de ser el mejor de la historia<\/h3>\n<\/p>\n<\/section>\n<\/div>\n<div class=\"sc-a7166897-0 exHLBh\" readability=\"6\">\n<section readability=\"2\"><picture><img alt=\"La impresionante marca que Djokovic puede extender en el Masters de Montecarlo\" src=\"http:\/\/hoycordobaweb.com\/wp-content\/uploads\/2024\/04\/fuerte-sancion-deportiva-y-economica-a-un-ex-tenista-5.jpg\" width=\"290\" height=\"290\" decoding=\"async\" data-nimg=\"future\" loading=\"lazy\"><\/picture>\n<p><span>Mir\u00e1 tambi\u00e9n<\/span><\/p>\n<hr>\n<h3>La impresionante marca que Djokovic puede extender en el Masters de Montecarlo<\/h3>\n<\/p>\n<\/section>\n<\/div>\n<\/div>\n","protected":false},"excerpt":{"rendered":"<p>08\/04\/2024 14:55hs. La ITIA, la agencia internacional para la integridad del tenis, estableci\u00f3 una sanci\u00f3n de seis meses de suspensi\u00f3n y una multa econ\u00f3mica de 10.000 d\u00f3lares al reconocido ex tenista peruano Luis Horna. Esta sanci\u00f3n se aplicar\u00e1 si vuelve a llevar a cabo una conducta durante el pr\u00f3ximo medio a\u00f1o que incumpla con las [&hellip;]<\/p>\n","protected":false},"author":1,"featured_media":75810,"comment_status":"open","ping_status":"closed","sticky":false,"template":"","format":"standard","meta":[],"categories":[16],"tags":[],"_links":{"self":[{"href":"http:\/\/hoycordobaweb.com\/index.php\/wp-json\/wp\/v2\/posts\/75809"}],"collection":[{"href":"http:\/\/hoycordobaweb.com\/index.php\/wp-json\/wp\/v2\/posts"}],"about":[{"href":"http:\/\/hoycordobaweb.com\/index.php\/wp-json\/wp\/v2\/types\/post"}],"author":[{"embeddable":true,"href":"http:\/\/hoycordobaweb.com\/index.php\/wp-json\/wp\/v2\/users\/1"}],"replies":[{"embeddable":true,"href":"http:\/\/hoycordobaweb.com\/index.php\/wp-json\/wp\/v2\/comments?post=75809"}],"version-history":[{"count":0,"href":"http:\/\/hoycordobaweb.com\/index.php\/wp-json\/wp\/v2\/posts\/75809\/revisions"}],"wp:featuredmedia":[{"embeddable":true,"href":"http:\/\/hoycordobaweb.com\/index.php\/wp-json\/wp\/v2\/media\/75810"}],"wp:attachment":[{"href":"http:\/\/hoycordobaweb.com\/index.php\/wp-json\/wp\/v2\/media?parent=75809"}],"wp:term":[{"taxonomy":"category","embeddable":true,"href":"http:\/\/hoycordobaweb.com\/index.php\/wp-json\/wp\/v2\/categories?post=75809"},{"taxonomy":"post_tag","embeddable":true,"href":"http:\/\/hoycordobaweb.com\/index.php\/wp-json\/wp\/v2\/tags?post=75809"}],"curies":[{"name":"wp","href":"https:\/\/api.w.org\/{rel}","templated":true}]}}