{"id":75774,"date":"2024-03-28T12:05:14","date_gmt":"2024-03-28T12:05:14","guid":{"rendered":"https:\/\/ambiente.cba.gov.ar\/?p=22616"},"modified":"2024-03-28T12:05:14","modified_gmt":"2024-03-28T12:05:14","slug":"la-osa-melera-rescatada-en-salsipuedes-ya-esta-de-nuevo-en-la-naturaleza","status":"publish","type":"post","link":"http:\/\/hoycordobaweb.com\/index.php\/2024\/03\/28\/la-osa-melera-rescatada-en-salsipuedes-ya-esta-de-nuevo-en-la-naturaleza\/","title":{"rendered":"La osa melera rescatada en Salsipuedes ya est\u00e1 de nuevo en la naturaleza"},"content":{"rendered":"<div><img src=\"http:\/\/hoycordobaweb.com\/wp-content\/uploads\/2024\/04\/la-osa-melera-rescatada-en-salsipuedes-ya-esta-de-nuevo-en-la-naturaleza.png\" class=\"ff-og-image-inserted\"><\/div>\n<ul class=\" eplus-wrapper eplus-styles-uid-9c6eb5\">\n<li class=\" eplus-wrapper\"><strong>Se trata del ejemplar que apareci\u00f3 hace unos d\u00edas en el patio de una vivienda y luego de ser examinada regres\u00f3 a su h\u00e1bitat en zona rural de Sierras Chicas.<\/strong><\/li>\n<li class=\" eplus-wrapper\"><strong>Su excelente estado sanitario hizo posible que tras una breve cuarentena, recibiera el alta veterinaria y pueda regresar a la vida silvestre.<\/strong><\/li>\n<\/ul>\n<p class=\" eplus-wrapper\">En zona rural de Sierras Chicas, la Polic\u00eda Ambiental y la Subsecretar\u00eda de Biodiversidad \u2013 ambas reparticiones del Ministerio de Ambiente y Econom\u00eda Circular- liberaron un ejemplar de oso melero luego de que transitara una breve cuarentena en la reserva Tat\u00fa Carreta.<\/p>\n<p class=\" eplus-wrapper\">Se trata de una hembra de esta especie que apareci\u00f3 sorpresivamente hace algunos d\u00edas en una vivienda de la localidad de Salsipuedes.<\/p>\n<p class=\" eplus-wrapper\">El vecino al encontrarla, en el patio de su domicilio, avis\u00f3 a la Polic\u00eda de la Provincia de C\u00f3rdoba para que pusieran el animal a salvo.<\/p>\n<p class=\" eplus-wrapper\"><em>\u201cLos efectivos policiales realizaron el rescate en conjunto con personal de la Direcci\u00f3n de Ambiente de la municipalidad de Salsipuedes y pusieron el ejemplar a disposici\u00f3n de Polic\u00eda Ambiental ya que somos el organismo competente en materia de control y fiscalizaci\u00f3n de fauna silvestre en la provincia\u201d<\/em>, explic\u00f3 Adri\u00e1n Rinaudo, secretario de Polic\u00eda Ambiental.<\/p>\n<p class=\" eplus-wrapper\">Y luego celebr\u00f3 que la osa se encuentre otra vez en su h\u00e1bitat:&nbsp;<em>\u201cLa trasladamos al Tat\u00fa Carreta y cuando le dieron el alta veterinaria analizamos el mejor lugar para que sea liberada y hoy estamos celebrando que est\u00e9 otra vez en la naturaleza\u201d.<\/em><\/p>\n<p class=\" eplus-wrapper\">Por su parte Miguel Magnasco, subsecretario de Biodiversidad, se mostr\u00f3 conforme con el trabajo conjunto y el pronto accionar de todas las instituciones para reinsertar la fauna silvestre: \u201c<em>Estamos muy contentos de realizar este proceso r\u00e1pido de rehabilitaci\u00f3n de los ejemplares que se encuentran para su posterior liberaci\u00f3n en los h\u00e1bitats naturales como corresponde; trabajando conjuntamente con Polic\u00eda Ambiental la gesti\u00f3n de la fauna silvestre.\u00bb<\/em><\/p>\n<p class=\" eplus-wrapper\">En el centro de rescate y rehabilitaci\u00f3n de Casa Grande analizaron a la osa melera y determinaron que se encontraba en perfecto estado sanitario y pod\u00eda continuar su vida silvestre sin ning\u00fan inconveniente, por ello, los especialistas de Polic\u00eda Ambiental evaluaron el mejor sitio para liberarla.<\/p>\n<p class=\" eplus-wrapper\"><em>\u201cParticip\u00e9 de primera mano en el rescate que se le hizo a la osa melera y es una satisfacci\u00f3n poder estar presente en la suelta, verla saludable y ojal\u00e1 sea un nuevo cap\u00edtulo en su vida. Creo que es un detalle, un gesto que marca un compromiso ambiental\u201d,<\/em>&nbsp;relat\u00f3 Gast\u00f3n Gelsi, coordinador de la Direcci\u00f3n de Ambiente de Salsipuedes.<\/p>\n<p class=\" eplus-wrapper\"><strong>Sobre la especie<\/strong><\/p>\n<p class=\" eplus-wrapper\">Se distribuye por el centro y norte de Argentina y en los \u00faltimos a\u00f1os ha extendido su territorio por C\u00f3rdoba, San Luis y La Rioja. Tiene h\u00e1bitos arbor\u00edcolas y se alimenta de hormigas, termitas y avispas.<\/p>\n<p class=\" eplus-wrapper\">En C\u00f3rdoba el estado de conservaci\u00f3n de estos ejemplares se encuentra en la categor\u00eda de \u201cpeligro de extinci\u00f3n\u201d.<\/p>\n","protected":false},"excerpt":{"rendered":"<p>Se trata del ejemplar que apareci\u00f3 hace unos d\u00edas en el patio de una vivienda y luego de ser examinada regres\u00f3 a su h\u00e1bitat en zona rural de Sierras Chicas. Su excelente estado sanitario hizo posible que tras una breve cuarentena, recibiera el alta veterinaria y pueda regresar a la vida silvestre. En zona rural [&hellip;]<\/p>\n","protected":false},"author":1,"featured_media":75775,"comment_status":"closed","ping_status":"closed","sticky":false,"template":"","format":"standard","meta":[],"categories":[2,19],"tags":[],"_links":{"self":[{"href":"http:\/\/hoycordobaweb.com\/index.php\/wp-json\/wp\/v2\/posts\/75774"}],"collection":[{"href":"http:\/\/hoycordobaweb.com\/index.php\/wp-json\/wp\/v2\/posts"}],"about":[{"href":"http:\/\/hoycordobaweb.com\/index.php\/wp-json\/wp\/v2\/types\/post"}],"author":[{"embeddable":true,"href":"http:\/\/hoycordobaweb.com\/index.php\/wp-json\/wp\/v2\/users\/1"}],"replies":[{"embeddable":true,"href":"http:\/\/hoycordobaweb.com\/index.php\/wp-json\/wp\/v2\/comments?post=75774"}],"version-history":[{"count":0,"href":"http:\/\/hoycordobaweb.com\/index.php\/wp-json\/wp\/v2\/posts\/75774\/revisions"}],"wp:featuredmedia":[{"embeddable":true,"href":"http:\/\/hoycordobaweb.com\/index.php\/wp-json\/wp\/v2\/media\/75775"}],"wp:attachment":[{"href":"http:\/\/hoycordobaweb.com\/index.php\/wp-json\/wp\/v2\/media?parent=75774"}],"wp:term":[{"taxonomy":"category","embeddable":true,"href":"http:\/\/hoycordobaweb.com\/index.php\/wp-json\/wp\/v2\/categories?post=75774"},{"taxonomy":"post_tag","embeddable":true,"href":"http:\/\/hoycordobaweb.com\/index.php\/wp-json\/wp\/v2\/tags?post=75774"}],"curies":[{"name":"wp","href":"https:\/\/api.w.org\/{rel}","templated":true}]}}