{"id":75761,"date":"2024-04-07T17:05:09","date_gmt":"2024-04-07T17:05:09","guid":{"rendered":"https:\/\/www.ole.com.ar\/futbol-primera\/racing-lanus-sigali-baltasar-rodriguez-copa-liga_0_IzKP08lPYT.html"},"modified":"2024-04-07T17:05:09","modified_gmt":"2024-04-07T17:05:09","slug":"las-bajas-de-racing-dudas-y-posible-formacion-ante-lanus","status":"publish","type":"post","link":"http:\/\/hoycordobaweb.com\/index.php\/2024\/04\/07\/las-bajas-de-racing-dudas-y-posible-formacion-ante-lanus\/","title":{"rendered":"Las bajas de Racing, dudas y posible formaci\u00f3n ante Lan\u00fas"},"content":{"rendered":"<p><img src=\"http:\/\/hoycordobaweb.com\/wp-content\/uploads\/2024\/04\/las-bajas-de-racing-dudas-y-posible-formacion-ante-lanus.jpg\"><\/p>\n<p><time class=\"createDate\" datetime=\"2024-04-07T14:05:09-03:00\">07\/04\/2024 14:05hs.<\/time><\/p>\n<div id=\"storyBody\">\n<div class=\"custom-text \" readability=\"41\">\n<p><strong>Gustavo Costas ten\u00eda la idea de que Leonardo Sigali volviera a ser titular despu\u00e9s de tres partidos, pero tuvo que cambiar de planes. Producto de otra lesi\u00f3n, el referente y capit\u00e1n qued\u00f3 descartado<\/strong> para el partido de este domingo ante Lan\u00fas, con ribete de final, desde las 18.30. Pero no es la \u00fanica baja: tampoco estar\u00e1 a disposici\u00f3n Baltasar Luis Rodr\u00edguez, con una molestia. El parte m\u00e9dico entregado por el club indic\u00f3 que el Oso sufri\u00f3 una sobrecarga en el s\u00f3leo de la pierna derecha, mientras que el juvenil tiene una dolencia en el psoas izquierdo.<\/p>\n<\/div>\n<div class=\"custom-text \" readability=\"41\">\n<p>Por esta raz\u00f3n, ambos quedaron afuera de la lista de 22 concentrados y se sumaron a otras ausencias que se repetir\u00e1n.<strong> Se trata de Leonel Miranda (desgarro en el s\u00f3leo de la pierna derecha), Gabriel Rojas (desgarro en el b\u00edceps femoral izquierdo), Johan Carbonero (molestia sobre la cicatriz de un viejo desgarro en el b\u00edceps femoral izquierdo) e Iv\u00e1n Pillud (tendinopat\u00eda<\/strong> en la inserci\u00f3n del aductor derecho). Tampoco podr\u00e1 contra el t\u00e9cnico con Santiago Sosa, quien deber\u00e1 cumplir una fecha de suspensi\u00f3n por acumulaci\u00f3n de cinco amarillas. Hasta aqu\u00ed, con asistencia perfecta, el volante ex River complet\u00f3 todos los juegos del a\u00f1o.<\/p>\n<\/div>\n<div class=\"custom-text \" readability=\"41\">\n<p>\u00bfY ahora? C<strong>ostas debe definir si pone como stopper por la derecha a Germ\u00e1n Conti o Nazareno Colombo<\/strong>, ambos titulares en la victoria por 2-0 sobre Sportivo Luque\u00f1o, en el debut en la Copa Sudamericana. Baltasar, por su parte, iba a ir al banco de los suplentes. Y por su lesi\u00f3n, Costas llevar\u00e1 como opci\u00f3n de recambio al juvenil David Gonz\u00e1lez, como primer suplente de Juanfer Quintero. <\/p>\n<\/div>\n<div class=\"sc-e7b891c4-0 jPbnQF\"><img alt=\"Leonardo Sigali tiene una sobrecarga en el s\u00f3leo de la pierna derecha. Foto: @racingclub\" src=\"http:\/\/hoycordobaweb.com\/wp-content\/uploads\/2024\/04\/las-bajas-de-racing-dudas-y-posible-formacion-ante-lanus-2.jpg\" width=\"720\" height=\"100\" decoding=\"async\" data-nimg=\"future\" loading=\"lazy\"><span class=\"epigraphe\">Leonardo Sigali tiene una sobrecarga en el s\u00f3leo de la pierna derecha. Foto: @racingclub<\/span><\/div>\n<div class=\"custom-text \" readability=\"37\">\n<p>El partido es tomado en Racing como la primera de las dos finales que le quedan en la fase regular. Y hay un argumento que lo certifica: sin margen de error, <strong>el equipo de Avellaneda est\u00e1 obligado a ganar los dos compromisos que le restan. Encima, los triunfos de Estudiantes y Defensa y Justicia lo incomodaron bastante m\u00e1s.<\/strong><\/p>\n<\/div>\n<div class=\"sc-e7b891c4-0 jPbnQF\"><img alt=\"Baltasar Luis Rodr\u00edguez tiene una molestia en el psoas izquierdo. (Photo by NORBERTO DUARTE \/ AFP)\" src=\"http:\/\/hoycordobaweb.com\/wp-content\/uploads\/2024\/04\/las-bajas-de-racing-dudas-y-posible-formacion-ante-lanus-3.jpg\" width=\"720\" height=\"100\" decoding=\"async\" data-nimg=\"future\" loading=\"lazy\"><span class=\"epigraphe\">Baltasar Luis Rodr\u00edguez tiene una molestia en el psoas izquierdo. (Photo by NORBERTO DUARTE \/ AFP)<\/span><\/div>\n<p><h2>Los jugadores de Racing que regresan a la titularidad contra Lan\u00fas<\/h2>\n<\/p>\n<div class=\"custom-text \" readability=\"43\">\n<p>En el rubro vueltas, la Academia contar\u00e1 con los regresos de jugadores que fueron al banco con la intenci\u00f3n de tener un descanso para este cruce. De seguro, volver\u00e1n de inicio <strong>Juan Fernando Quintero (la figura), Maximiliano Salas, Marco Di Cesare y Bruno Zuculini<\/strong>. Adem\u00e1s de Conti o Colombo, <strong>otra duda radica en qui\u00e9n estar\u00e1 como lateral-volante por la derecha. Los candidatos son Santiago Solari, Juan Nardoni y Gast\u00f3n Martirena<\/strong>, Incluso, no se descarta que Ignacio Galv\u00e1n ingrese por izquierda y Facundo Mura se corra a la derecha. <\/p>\n<\/div>\n<div class=\"custom-embedhtml\" readability=\"9.8083333333333\">\n<blockquote class=\"twitter-tweet\" readability=\"13.375\">\n<p lang=\"es\" dir=\"ltr\">S\u00c1BADO \ud83d\uddd3\ufe0f<\/p>\n<p>Entrenamiento dentro del Cilindro con movilidad, circuitos de pases y trabajos de definici\u00f3n \u26bd<\/p>\n<p>Rojas, Pillud y Miranda trabajaron en gimnasio y luego aer\u00f3bico en cancha \ud83c\udfc3<\/p>\n<p>Carbonero trabaj\u00f3 en campo \ud83d\udcaa\ud83c\udffb<\/p>\n<p>Rodr\u00edguez, con una molestia en el psoas izquierdo, realiz\u00f3\u2026 <a href=\"https:\/\/t.co\/35LQEUmiEg\">pic.twitter.com\/35LQEUmiEg<\/a><\/p>\n<p>\u2014 Racing Club (@RacingClub) <a href=\"https:\/\/twitter.com\/RacingClub\/status\/1776750515436638260?ref_src=twsrc%5Etfw\">April 6, 2024<\/a><\/p><\/blockquote><\/div>\n<div class=\"custom-text \" readability=\"38\">\n<p><strong>A pesar de que Roger Mart\u00ednez tuvo una buena actuaci\u00f3n en Paraguay, golazo incluido, Costas le respetar\u00e1 la titularidad a Salas. <\/strong>Mientras que Zuculini reaparecer\u00e1 en doble cinco junto a Agust\u00edn Almendra, tras recuperarse de una dolencia en el aductor de la pierna derecha. Y ven\u00eda de una fecha de suspensi\u00f3n ante Central C\u00f3rdoba por acumulaci\u00f3n de amarillas.<\/p>\n<\/div>\n<p><h2>Posible formaci\u00f3n de Racing ante Lan\u00fas<\/h2>\n<\/p>\n<div class=\"custom-text \" readability=\"41\">\n<p>De esta manera, Racing formar\u00e1 con <strong>Gabriel Arias; Germ\u00e1n Conti o Nazareno Colombo, Marco Di Cesare, Agust\u00edn Garc\u00eda Basso; Solari, Nardoni o Martirena, Bruno Zuculini, Agust\u00edn Almendra, Facundo Mura; Juanfer Quintero; Maximiliano Salas y Adri\u00e1n Mart\u00ednez.<\/strong><\/p>\n<\/div>\n<div class=\"sc-a7166897-0 exHLBh\" readability=\"6.5\">\n<section readability=\"3\"><picture><img alt=\"Racing pas\u00f3 por arriba a Sportivo Luque\u00f1o e inici\u00f3 la Copa Sudamericana con un gran triunfo\" src=\"http:\/\/hoycordobaweb.com\/wp-content\/uploads\/2024\/04\/las-bajas-de-racing-dudas-y-posible-formacion-ante-lanus-4.jpg\" width=\"290\" height=\"290\" decoding=\"async\" data-nimg=\"future\" loading=\"lazy\"><\/picture>\n<p><span>Mir\u00e1 tambi\u00e9n<\/span><\/p>\n<hr>\n<h3>Racing pas\u00f3 por arriba a Sportivo Luque\u00f1o e inici\u00f3 la Copa Sudamericana con un gran triunfo<\/h3>\n<\/p>\n<\/section>\n<\/div>\n<div class=\"sc-a7166897-0 exHLBh\" readability=\"6\">\n<section readability=\"2\"><picture><img alt=\"Copa Sudamericana 2024: los resultados de la primera fecha y as\u00ed quedaron los grupos\" src=\"http:\/\/hoycordobaweb.com\/wp-content\/uploads\/2024\/04\/las-bajas-de-racing-dudas-y-posible-formacion-ante-lanus-5.jpg\" width=\"290\" height=\"290\" decoding=\"async\" data-nimg=\"future\" loading=\"lazy\"><\/picture>\n<p><span>Mir\u00e1 tambi\u00e9n<\/span><\/p>\n<hr>\n<h3>Copa Sudamericana 2024: los resultados de la primera fecha y as\u00ed quedaron los grupos<\/h3>\n<\/p>\n<\/section>\n<\/div>\n<div class=\"sc-a7166897-0 exHLBh\" readability=\"6\">\n<section readability=\"2\"><picture><img alt=\"Costas: de &quot;los partidos los tenemos que sufrir&quot; a la &quot;final&nbsp;del&nbsp;domingo&quot;\" src=\"http:\/\/hoycordobaweb.com\/wp-content\/uploads\/2024\/04\/las-bajas-de-racing-dudas-y-posible-formacion-ante-lanus-6.jpg\" width=\"290\" height=\"290\" decoding=\"async\" data-nimg=\"future\" loading=\"lazy\"><\/picture>\n<p><span>Mir\u00e1 tambi\u00e9n<\/span><\/p>\n<hr>\n<h3>Costas: de \u00ablos partidos los tenemos que sufrir\u00bb a la \u00abfinal&nbsp;del&nbsp;domingo\u00bb<\/h3>\n<\/p>\n<\/section>\n<\/div>\n<div class=\"sc-a7166897-0 exHLBh\" readability=\"6.5\">\n<section readability=\"3\"><picture><img alt=\"La definici\u00f3n de la Zona B: Boca en puestos de clasificaci\u00f3n y San Lorenzo eliminado\" src=\"http:\/\/hoycordobaweb.com\/wp-content\/uploads\/2024\/04\/las-bajas-de-racing-dudas-y-posible-formacion-ante-lanus-7.jpg\" width=\"290\" height=\"290\" decoding=\"async\" data-nimg=\"future\" loading=\"lazy\"><\/picture>\n<p><span>Mir\u00e1 tambi\u00e9n<\/span><\/p>\n<hr>\n<h3>La definici\u00f3n de la Zona B: Boca en puestos de clasificaci\u00f3n y San Lorenzo eliminado<\/h3>\n<\/p>\n<\/section>\n<\/div>\n<\/div>\n","protected":false},"excerpt":{"rendered":"<p>07\/04\/2024 14:05hs. Gustavo Costas ten\u00eda la idea de que Leonardo Sigali volviera a ser titular despu\u00e9s de tres partidos, pero tuvo que cambiar de planes. Producto de otra lesi\u00f3n, el referente y capit\u00e1n qued\u00f3 descartado para el partido de este domingo ante Lan\u00fas, con ribete de final, desde las 18.30. Pero no es la \u00fanica [&hellip;]<\/p>\n","protected":false},"author":1,"featured_media":75762,"comment_status":"open","ping_status":"closed","sticky":false,"template":"","format":"standard","meta":[],"categories":[16],"tags":[],"_links":{"self":[{"href":"http:\/\/hoycordobaweb.com\/index.php\/wp-json\/wp\/v2\/posts\/75761"}],"collection":[{"href":"http:\/\/hoycordobaweb.com\/index.php\/wp-json\/wp\/v2\/posts"}],"about":[{"href":"http:\/\/hoycordobaweb.com\/index.php\/wp-json\/wp\/v2\/types\/post"}],"author":[{"embeddable":true,"href":"http:\/\/hoycordobaweb.com\/index.php\/wp-json\/wp\/v2\/users\/1"}],"replies":[{"embeddable":true,"href":"http:\/\/hoycordobaweb.com\/index.php\/wp-json\/wp\/v2\/comments?post=75761"}],"version-history":[{"count":0,"href":"http:\/\/hoycordobaweb.com\/index.php\/wp-json\/wp\/v2\/posts\/75761\/revisions"}],"wp:featuredmedia":[{"embeddable":true,"href":"http:\/\/hoycordobaweb.com\/index.php\/wp-json\/wp\/v2\/media\/75762"}],"wp:attachment":[{"href":"http:\/\/hoycordobaweb.com\/index.php\/wp-json\/wp\/v2\/media?parent=75761"}],"wp:term":[{"taxonomy":"category","embeddable":true,"href":"http:\/\/hoycordobaweb.com\/index.php\/wp-json\/wp\/v2\/categories?post=75761"},{"taxonomy":"post_tag","embeddable":true,"href":"http:\/\/hoycordobaweb.com\/index.php\/wp-json\/wp\/v2\/tags?post=75761"}],"curies":[{"name":"wp","href":"https:\/\/api.w.org\/{rel}","templated":true}]}}