{"id":75749,"date":"2024-04-07T17:34:42","date_gmt":"2024-04-07T17:34:42","guid":{"rendered":"http:\/\/hoycordobaweb.com\/index.php\/2024\/04\/07\/javier-milei-elogio-al-kun-aguero-por-defender-la-llegada-de-las-sad-al-futbol-argentino\/"},"modified":"2024-04-07T17:34:42","modified_gmt":"2024-04-07T17:34:42","slug":"javier-milei-elogio-al-kun-aguero-por-defender-la-llegada-de-las-sad-al-futbol-argentino","status":"publish","type":"post","link":"http:\/\/hoycordobaweb.com\/index.php\/2024\/04\/07\/javier-milei-elogio-al-kun-aguero-por-defender-la-llegada-de-las-sad-al-futbol-argentino\/","title":{"rendered":"Javier Milei elogi\u00f3 al Kun Ag\u00fcero por defender la llegada de las SAD al <b>f\u00fatbol argentino<\/b>"},"content":{"rendered":"<p>El presidente de la Naci\u00f3n se volc\u00f3 nuevamente a su cuenta de X para repostear un fragmento de un stream del ex delantero de Independiente y del&nbsp;&#8230; <\/p>\n","protected":false},"excerpt":{"rendered":"<p>El presidente de la Naci\u00f3n se volc\u00f3 nuevamente a su cuenta de X para repostear un fragmento de un stream del ex delantero de Independiente y del&nbsp;&#8230;<\/p>\n","protected":false},"author":1,"featured_media":0,"comment_status":"closed","ping_status":"closed","sticky":false,"template":"","format":"standard","meta":[],"categories":[22],"tags":[],"_links":{"self":[{"href":"http:\/\/hoycordobaweb.com\/index.php\/wp-json\/wp\/v2\/posts\/75749"}],"collection":[{"href":"http:\/\/hoycordobaweb.com\/index.php\/wp-json\/wp\/v2\/posts"}],"about":[{"href":"http:\/\/hoycordobaweb.com\/index.php\/wp-json\/wp\/v2\/types\/post"}],"author":[{"embeddable":true,"href":"http:\/\/hoycordobaweb.com\/index.php\/wp-json\/wp\/v2\/users\/1"}],"replies":[{"embeddable":true,"href":"http:\/\/hoycordobaweb.com\/index.php\/wp-json\/wp\/v2\/comments?post=75749"}],"version-history":[{"count":0,"href":"http:\/\/hoycordobaweb.com\/index.php\/wp-json\/wp\/v2\/posts\/75749\/revisions"}],"wp:attachment":[{"href":"http:\/\/hoycordobaweb.com\/index.php\/wp-json\/wp\/v2\/media?parent=75749"}],"wp:term":[{"taxonomy":"category","embeddable":true,"href":"http:\/\/hoycordobaweb.com\/index.php\/wp-json\/wp\/v2\/categories?post=75749"},{"taxonomy":"post_tag","embeddable":true,"href":"http:\/\/hoycordobaweb.com\/index.php\/wp-json\/wp\/v2\/tags?post=75749"}],"curies":[{"name":"wp","href":"https:\/\/api.w.org\/{rel}","templated":true}]}}