{"id":75641,"date":"2024-04-05T14:35:10","date_gmt":"2024-04-05T14:35:10","guid":{"rendered":"https:\/\/fono.fcm.unc.edu.ar\/?p=11968"},"modified":"2024-04-05T14:35:10","modified_gmt":"2024-04-05T14:35:10","slug":"salud-sociocomunitaria-novedades-sobre-la-cursada","status":"publish","type":"post","link":"http:\/\/hoycordobaweb.com\/index.php\/2024\/04\/05\/salud-sociocomunitaria-novedades-sobre-la-cursada\/","title":{"rendered":"Salud Sociocomunitaria: novedades sobre la cursada"},"content":{"rendered":"<h2 class=\"fusion-post-title\">Salud Sociocomunitaria: novedades sobre la cursada<\/h2>\n<div class=\"post-content\" readability=\"36.627766599598\">\n<p><img loading=\"lazy\" class=\"alignright wp-image-11969 size-fusion-400\" src=\"https:\/\/fono.fcm.unc.edu.ar\/wp-content\/uploads\/sites\/14\/2024\/04\/saludsociocomunitaria-400x400.jpg\" alt width=\"400\" height=\"400\" srcset=\"https:\/\/fono.fcm.unc.edu.ar\/wp-content\/uploads\/sites\/14\/2024\/04\/saludsociocomunitaria-66x66.jpg 66w, https:\/\/fono.fcm.unc.edu.ar\/wp-content\/uploads\/sites\/14\/2024\/04\/saludsociocomunitaria-150x150.jpg 150w, https:\/\/fono.fcm.unc.edu.ar\/wp-content\/uploads\/sites\/14\/2024\/04\/saludsociocomunitaria-200x200.jpg 200w, https:\/\/fono.fcm.unc.edu.ar\/wp-content\/uploads\/sites\/14\/2024\/04\/saludsociocomunitaria-300x300.jpg 300w, https:\/\/fono.fcm.unc.edu.ar\/wp-content\/uploads\/sites\/14\/2024\/04\/saludsociocomunitaria-400x400.jpg 400w, https:\/\/fono.fcm.unc.edu.ar\/wp-content\/uploads\/sites\/14\/2024\/04\/saludsociocomunitaria-600x600.jpg 600w, https:\/\/fono.fcm.unc.edu.ar\/wp-content\/uploads\/sites\/14\/2024\/04\/saludsociocomunitaria-768x768.jpg 768w, https:\/\/fono.fcm.unc.edu.ar\/wp-content\/uploads\/sites\/14\/2024\/04\/saludsociocomunitaria-800x800.jpg 800w, https:\/\/fono.fcm.unc.edu.ar\/wp-content\/uploads\/sites\/14\/2024\/04\/saludsociocomunitaria-1024x1024.jpg 1024w, https:\/\/fono.fcm.unc.edu.ar\/wp-content\/uploads\/sites\/14\/2024\/04\/saludsociocomunitaria.jpg 1080w\" sizes=\"(max-width: 400px) 100vw, 400px\"><\/p>\n<p>El siguiente formulario es para los estudiantes que no pudieron inscribirse en Guaran\u00ed y necesitan cursar condicional la asignatura <em>Salud Sociocomunitaria<\/em>.<\/p>\n<p>Para recibir el enlace de conexi\u00f3n para la primera clase de la asignatura de Salud Sociocomunitaria, los\/las estudiantes deben seguir estos pasos:<\/p>\n<ul>\n<li>Completar el&nbsp;<a href=\"https:\/\/forms.gle\/ffPUHvnLY8f6p1PLA\" target=\"_blank\" rel=\"noopener noreferrer\">Formulario<\/a>: Por favor, complete el formulario proporcionado. Aseg\u00farese de ingresar toda la informaci\u00f3n requerida de manera precisa y completa.<\/li>\n<li>Revisar su correo electr\u00f3nico: Despu\u00e9s de enviar el formulario, est\u00e9 atento a su correo electr\u00f3nico. En breve tiempo, recibir\u00e1 un mensaje con el enlace de conexi\u00f3n para la primera clase a trav\u00e9s de Google Meet.<\/li>\n<li>Conectarse a la primer clase: Mi\u00e9rcoles 10 de Abril, a las 14.00 hs v\u00eda Google Meet. Aseg\u00farese de marcar la fecha y la hora de la primera clase en su calendario. Utilice el enlace proporcionado por correo electr\u00f3nico para unirse a la videollamada y participar en la clase inaugural de Salud Sociocomunitaria.<\/li>\n<\/ul><\/div>\n","protected":false},"excerpt":{"rendered":"<p>Salud Sociocomunitaria: novedades sobre la cursada El siguiente formulario es para los estudiantes que no pudieron inscribirse en Guaran\u00ed y necesitan cursar condicional la asignatura Salud Sociocomunitaria. Para recibir el enlace de conexi\u00f3n para la primera clase de la asignatura de Salud Sociocomunitaria, los\/las estudiantes deben seguir estos pasos: Completar el&nbsp;Formulario: Por favor, complete el [&hellip;]<\/p>\n","protected":false},"author":1,"featured_media":0,"comment_status":"closed","ping_status":"closed","sticky":false,"template":"","format":"standard","meta":[],"categories":[1],"tags":[],"_links":{"self":[{"href":"http:\/\/hoycordobaweb.com\/index.php\/wp-json\/wp\/v2\/posts\/75641"}],"collection":[{"href":"http:\/\/hoycordobaweb.com\/index.php\/wp-json\/wp\/v2\/posts"}],"about":[{"href":"http:\/\/hoycordobaweb.com\/index.php\/wp-json\/wp\/v2\/types\/post"}],"author":[{"embeddable":true,"href":"http:\/\/hoycordobaweb.com\/index.php\/wp-json\/wp\/v2\/users\/1"}],"replies":[{"embeddable":true,"href":"http:\/\/hoycordobaweb.com\/index.php\/wp-json\/wp\/v2\/comments?post=75641"}],"version-history":[{"count":0,"href":"http:\/\/hoycordobaweb.com\/index.php\/wp-json\/wp\/v2\/posts\/75641\/revisions"}],"wp:attachment":[{"href":"http:\/\/hoycordobaweb.com\/index.php\/wp-json\/wp\/v2\/media?parent=75641"}],"wp:term":[{"taxonomy":"category","embeddable":true,"href":"http:\/\/hoycordobaweb.com\/index.php\/wp-json\/wp\/v2\/categories?post=75641"},{"taxonomy":"post_tag","embeddable":true,"href":"http:\/\/hoycordobaweb.com\/index.php\/wp-json\/wp\/v2\/tags?post=75641"}],"curies":[{"name":"wp","href":"https:\/\/api.w.org\/{rel}","templated":true}]}}