{"id":75575,"date":"2024-04-03T00:06:16","date_gmt":"2024-04-03T00:06:16","guid":{"rendered":"https:\/\/ahora.com.ar\/show\/maria-valenzuela-hablo-la-preocupante-situacion-que-atraviesa-su-hija-la-falta-medicacion-n5368890"},"modified":"2024-04-03T00:06:16","modified_gmt":"2024-04-03T00:06:16","slug":"maria-valenzuela-hablo-sobre-la-preocupante-situacion-que-atraviesa-su-hija-por-la-falta-de-medicacion","status":"publish","type":"post","link":"http:\/\/hoycordobaweb.com\/index.php\/2024\/04\/03\/maria-valenzuela-hablo-sobre-la-preocupante-situacion-que-atraviesa-su-hija-por-la-falta-de-medicacion\/","title":{"rendered":"Mar\u00eda Valenzuela habl\u00f3 sobre la preocupante situaci\u00f3n que atraviesa su hija por la falta de medicaci\u00f3n"},"content":{"rendered":"<div><img src=\"http:\/\/hoycordobaweb.com\/wp-content\/uploads\/2024\/04\/maria-valenzuela-hablo-sobre-la-preocupante-situacion-que-atraviesa-su-hija-por-la-falta-de-medicacion.png\" class=\"ff-og-image-inserted\"><\/div>\n<div id>\n<div class=\"article-body__info-wrapper\"><span class=\"article-body__date\"> <time datetime=\"2024-04-03T00:06:16.000Z\">2 de abril de 2024 &#8211; 21:06<\/time><\/span> <\/div>\n<p>Los <strong>recortes presupuestarios<\/strong> por parte del gobierno de Javier Milei en \u00e1reas como la cultura o la salud han despertado la opini\u00f3n de varios artistas. Tras los dichos de actores como Guillermo Francella en sinton\u00eda con las medidas,<strong> la actriz Mar\u00eda Valenzuela expres\u00f3 sus cr\u00edticas<\/strong> y comparti\u00f3 la situaci\u00f3n familiar que atraviesa por la quita de la ayuda estatal para la medicaci\u00f3n de enfermos graves y enfermedades cr\u00f3nicas.<\/p>\n<\/div>\n<div id>\n<p>En una reciente entrevista con el programa Intrusos, la actriz hizo menci\u00f3n al <strong>caso de su hija Malena Mendiz\u00e1bal, quien sufre secuelas de un accidente cerebrovascular (ACV) <\/strong>que padeci\u00f3 hace 20 a\u00f1os. Por su situaci\u00f3n, la joven recibe medicamentos para poder controlar un problema de convulsiones. Sin embargo, su mam\u00e1 revel\u00f3 que debido a la situaci\u00f3n actual se le redujo el suministro.<\/p>\n<\/div>\n<div id>\n<p>\u201cQuiero denunciar que a mi hija, que tiene una enfermedad cr\u00f3nica por su ACV, por la que sufre convulsiones y tiene el carnet de discapacidad, le quitaron dos cajas de remedios. Eso le serv\u00eda para todo el mes, pero fui a retirar yo la medicaci\u00f3n y le dieron una sola caja, es decir que dos cajas fueron anuladas, \u00bfqu\u00e9 hacemos?<strong> No s\u00e9, le pregunto a Guillermo Francella, \u00bfqu\u00e9 hacemos? Mi hija no tiene medicaci\u00f3n.<\/strong> Tenemos que ir a denunciar, hay chicos que se est\u00e1n muriendo por temas de enfermedades oncol\u00f3gicas, \u00bfqu\u00e9 hacemos?\u201d, expuso Valenzuela.<\/p>\n<p>Su referencia al actor de El Encargado tiene lugar despu\u00e9s de que el artista diera su opini\u00f3n sobre la gesti\u00f3n de La Libertad Avanza en estos primeros meses en el Gobierno. Francella defendi\u00f3 las medidas adoptadas como necesarias y previsibles en el actual contexto socioecon\u00f3mico y pol\u00edtico y manifest\u00f3 su \u201cesperanza\u201d de que las condiciones mejoren para los argentinos.<\/p>\n<p>\u201cEstoy con la incertidumbre de ver cu\u00e1ndo termina el goteo y empieza la gente a disfrutar un poco m\u00e1s de estas medidas\u201d, se\u00f1al\u00f3 el actor d\u00edas atr\u00e1s en di\u00e1logo con Radio Mitre. Y a\u00f1adi\u00f3: \u201cLo que s\u00ed s\u00e9 es que eran m\u00e1s que necesarias y sab\u00edamos que iba a haber cirug\u00eda mayor. Lo dijeron ellos en la campa\u00f1a y se cumpli\u00f3 taxativamente\u201d.<\/p>\n<p>El actor tambi\u00e9n hizo referencia a las disputas pol\u00edticas que generaron las iniciativas gubernamentales. \u201cDespu\u00e9s, qu\u00e9 iba a suceder con la oposici\u00f3n, con las leyes que implementaron, la Ley \u00f3mnibus, el DNU&#8230; sab\u00eda que iba a haber contrastes, pero a cien d\u00edas me parece que se sab\u00eda que esto iba a ocurrir\u201d, concluy\u00f3, a la vez que comparti\u00f3 su visi\u00f3n positiva en relaci\u00f3n con el futuro. \u201cSigo con la esperanza, no s\u00e9 con qu\u00e9 inmediatez de que esto se modifique a favor del pueblo. Yo no pierdo las esperanzas\u201d, destac\u00f3 en declaraciones que reprodujo <em>La Naci\u00f3n.<\/em><\/p>\n<\/p><\/div>\n","protected":false},"excerpt":{"rendered":"<p>2 de abril de 2024 &#8211; 21:06 Los recortes presupuestarios por parte del gobierno de Javier Milei en \u00e1reas como la cultura o la salud han despertado la opini\u00f3n de varios artistas. Tras los dichos de actores como Guillermo Francella en sinton\u00eda con las medidas, la actriz Mar\u00eda Valenzuela expres\u00f3 sus cr\u00edticas y comparti\u00f3 la [&hellip;]<\/p>\n","protected":false},"author":1,"featured_media":75576,"comment_status":"closed","ping_status":"closed","sticky":false,"template":"","format":"standard","meta":[],"categories":[10,23],"tags":[],"_links":{"self":[{"href":"http:\/\/hoycordobaweb.com\/index.php\/wp-json\/wp\/v2\/posts\/75575"}],"collection":[{"href":"http:\/\/hoycordobaweb.com\/index.php\/wp-json\/wp\/v2\/posts"}],"about":[{"href":"http:\/\/hoycordobaweb.com\/index.php\/wp-json\/wp\/v2\/types\/post"}],"author":[{"embeddable":true,"href":"http:\/\/hoycordobaweb.com\/index.php\/wp-json\/wp\/v2\/users\/1"}],"replies":[{"embeddable":true,"href":"http:\/\/hoycordobaweb.com\/index.php\/wp-json\/wp\/v2\/comments?post=75575"}],"version-history":[{"count":0,"href":"http:\/\/hoycordobaweb.com\/index.php\/wp-json\/wp\/v2\/posts\/75575\/revisions"}],"wp:featuredmedia":[{"embeddable":true,"href":"http:\/\/hoycordobaweb.com\/index.php\/wp-json\/wp\/v2\/media\/75576"}],"wp:attachment":[{"href":"http:\/\/hoycordobaweb.com\/index.php\/wp-json\/wp\/v2\/media?parent=75575"}],"wp:term":[{"taxonomy":"category","embeddable":true,"href":"http:\/\/hoycordobaweb.com\/index.php\/wp-json\/wp\/v2\/categories?post=75575"},{"taxonomy":"post_tag","embeddable":true,"href":"http:\/\/hoycordobaweb.com\/index.php\/wp-json\/wp\/v2\/tags?post=75575"}],"curies":[{"name":"wp","href":"https:\/\/api.w.org\/{rel}","templated":true}]}}