{"id":75569,"date":"2024-04-03T16:03:17","date_gmt":"2024-04-03T16:03:17","guid":{"rendered":"https:\/\/www.ole.com.ar\/futbol-internacional\/espana\/espana-fechas-suspension-arquero-peleo-hinchas-insultos-racistas_0_k9fvz7JrLO.html"},"modified":"2024-04-03T16:03:17","modified_gmt":"2024-04-03T16:03:17","slug":"espana-dos-fechas-de-suspension-al-arquero-que-se-peleo-con-los-hinchas-por-insultos-racistas","status":"publish","type":"post","link":"http:\/\/hoycordobaweb.com\/index.php\/2024\/04\/03\/espana-dos-fechas-de-suspension-al-arquero-que-se-peleo-con-los-hinchas-por-insultos-racistas\/","title":{"rendered":"Espa\u00f1a: dos fechas de suspensi\u00f3n al arquero que se pele\u00f3 con los hinchas por insultos racistas"},"content":{"rendered":"<p><img src=\"http:\/\/hoycordobaweb.com\/wp-content\/uploads\/2024\/04\/espana-dos-fechas-de-suspension-al-arquero-que-se-peleo-con-los-hinchas-por-insultos-racistas.jpg\"><\/p>\n<p><time class=\"createDate\" datetime=\"2024-04-03T13:03:17-03:00\">03\/04\/2024 13:03hs.<\/time><\/p>\n<div id=\"storyBody\">\n<div class=\"custom-text \" readability=\"35.368421052632\">\n<p>Cheikh Sarr, arquero del Rayo Majadahonda, deber\u00e1 cumplir con<strong> dos fechas de suspensi\u00f3n<\/strong> por \u00abconducta contraria al buen orden deportivo\u00bb. El futbolista senegal\u00e9s fue expulsado el pasado fin de semana, en el encuentro ante Sestao River por la Tercera Divisi\u00f3n de Espa\u00f1a, tras pelearse con un sector de la hinchada rival, desde donde <a href=\"https:\/\/www.ole.com.ar\/ecuador\/internacional\/arquero-espana-agresion-insultos-racistas_0_o0CMHkxb4I.html\" target=\"_blank\" title=\"lo estaban agrediendo con insultos racistas.\" alt=\"lo estaban agrediendo con insultos racistas.\" rel=\"noopener noreferrer\">lo estaban agrediendo con insultos racistas.<\/a><\/p>\n<\/div>\n<div class=\"custom-text \" readability=\"40\">\n<p>La Federaci\u00f3n Espa\u00f1ola (RFEF) defini\u00f3 adem\u00e1s que el partido, suspendido tras la expulsi\u00f3n de Sarr y la negativa de sus compa\u00f1eros de volver a la cancha, <strong>se le diera por perdido 3-0 al Rayo Majadahonda, al que adem\u00e1s le quitar\u00e1n tres puntos, por \u00abactitud antideportiva\u00bb. <\/strong>Asimismo, el club deber\u00e1 abonar una multa de 3 mil euros.<\/p>\n<\/div>\n<div class=\"custom-text \" readability=\"33\">\n<p>Lo m\u00e1s curioso del caso es que <strong>la sanci\u00f3n menos grave fue para la hinchada del equipo agresor. <\/strong>El Sestao jugar\u00e1 dos partidos a puertas cerradas y deber\u00e1 abonar una multa de seis mil euros.<\/p>\n<\/div>\n<div class=\"custom-text \" readability=\"41\">\n<p>No obstante, la sanci\u00f3n para Sarr no fue tan fuerte como se preve\u00eda. Y tuvo que ver una aclaraci\u00f3n del juez disciplinario de la RFEF: \u201cLas reacciones y actitudes mostradas por el Sr. Sarr frente al p\u00fablico cuando se le llama &#8216;mono&#8217; constituyen <strong>una clara evidencia de la realidad y certeza en la existencia de insultos racistas <\/strong>y, por tanto, se constata una relaci\u00f3n l\u00f3gica entre los indicios coherentes y la conclusi\u00f3n que alcanzamos: la realidad de los insultos racistas, reiterados, producidos por distintos espectadores contra un jugador, el portero del equipo visitante\u201d.<\/p>\n<\/div>\n<div type=\"embed\" class=\"sc-7ce6049-0 dwIKul\">\n<div class=\"sc-7ce6049-1 bdcBBS videoText\" id=\"contentTitleembedRkPqUCAn\" type=\"embed\" readability=\"56\"><svg fill=\"#ffffff\"><symbol id=\"play\" viewBox=\"0 0 512 512\"><path d=\"M512 256C512 397.4 397.4 512 256 512C114.6 512 0 397.4 0 256C0 114.6 114.6 0 256 0C397.4 0 512 114.6 512 256zM176 168V344C176 352.7 180.7 360.7 188.3 364.9C195.8 369.2 205.1 369 212.5 364.5L356.5 276.5C363.6 272.1 368 264.4 368 256C368 247.6 363.6 239.9 356.5 235.5L212.5 147.5C205.1 142.1 195.8 142.8 188.3 147.1C180.7 151.3 176 159.3 176 168V168z\" \/><\/symbol><use xlink:href=\"#play\" \/><\/svg><\/p>\n<div class=\"right\" readability=\"7\">\n<p>Liga de Espa\u00f1a<!-- --> &#8211;<!-- --> <span>3-4-2024<\/span><\/p>\n<h2 class=\"title-vid\">La reacci\u00f3n de Cheikh Sarr luego de los insultos racistas de los hinchas<\/h2>\n<\/div>\n<\/div>\n<p><span class=\"back\" id=\"spanBackembedRkPqUCAn\"><\/span><\/div>\n<p><h2><strong>El descargo de Sarr: \u00abMi hija se merece un mundo mejor\u00bb<\/strong><\/h2>\n<\/p>\n<div class=\"custom-text \" readability=\"36\">\n<p>\u00abQuiero agradecer las muestras de apoyo y solidaridad que he recibido de mi equipo, de mis compa\u00f1eros, de los aficionados alrededor del mundo y de los amantes del f\u00fatbol desde que el s\u00e1bado viviera<strong> uno de los peores momentos de mi carrera deportiva.<\/strong><\/p>\n<\/div>\n<div class=\"custom-text \" readability=\"35\">\n<p>En Las Llanas tuve que soportar que <strong>una peque\u00f1a parte de la afici\u00f3n me insultara por mi color de piel.<\/strong> Fue un hecho lamentable del que por desgracia, no solo yo he sido v\u00edctima estos d\u00edas. Nada de esto tendr\u00eda que estar ocurriendo en pleno siglo XXI.<\/p>\n<\/div>\n<div class=\"sc-e7b891c4-0 jPbnQF\"><img alt=\"El descargo del arquero Sarr.\" src=\"http:\/\/hoycordobaweb.com\/wp-content\/uploads\/2024\/04\/espana-dos-fechas-de-suspension-al-arquero-que-se-peleo-con-los-hinchas-por-insultos-racistas-2.jpg\" width=\"720\" height=\"100\" decoding=\"async\" data-nimg=\"future\" loading=\"lazy\"><span class=\"epigraphe\">El descargo del arquero Sarr.<\/span><\/div>\n<div class=\"custom-text \" readability=\"35\">\n<p><strong>Mi hija se merece un mundo mejor, donde el racismo no tenga cabida. <\/strong>Lucho y luchar\u00e9 por ella. Debemos hacerlo por nuestros hijos para que nada de esto vuelva a suceder y solo sea una lacra del pasado. Ni yo ni nadie deber\u00eda sufrir insultos racistas como los que tuve que o\u00edr.<\/p>\n<\/div>\n<div class=\"custom-text \" readability=\"36\">\n<p>Es del todo inadmisible. Lo peor es que mi reacci\u00f3n tambi\u00e9n lo fue. <strong>Siento enormemente que mi comportamiento no estuviera a la altura de quienes me han defendido desde el primer momento<\/strong>, especialmente mi equipo al que quiero pedir disculpas por lo que pudiera acarrear mi reacci\u00f3n desmedida. Por una vez dej\u00e9 de pensar en el colectivo. Estoy seguro que ser\u00e1 la justicia la que deber\u00e1 poner a todos en su sitio. Tambi\u00e9n a los racistas\u00bb.<\/p>\n<\/div>\n<p><h2><strong>La reacci\u00f3n de Sarr<\/strong><\/h2>\n<\/p>\n<div class=\"custom-text \" readability=\"39\">\n<p>A los 39 minutos de la segunda parte, el uno de Rayo Majadahonda reaccion\u00f3 contra un grupo de hinchas de Sestao, que comenz\u00f3 a agredirlo con insultos racistas. <strong>Cruz\u00f3 los carteles de publicidad y se trenz\u00f3 con uno de ellos.<\/strong> Incluso, le tirone\u00f3 la bufanda. Inmediatamente, sus compa\u00f1eros fueron a separarlo y evitaron que la situaci\u00f3n pasara a mayores.<\/p>\n<\/div>\n<div class=\"sc-e7b891c4-0 jPbnQF\"><img alt=\"Sarr lament\u00f3 su reacci\u00f3n en conferencia de prensa (REUTERS).\" src=\"http:\/\/hoycordobaweb.com\/wp-content\/uploads\/2024\/04\/espana-dos-fechas-de-suspension-al-arquero-que-se-peleo-con-los-hinchas-por-insultos-racistas-3.jpg\" width=\"720\" height=\"100\" decoding=\"async\" data-nimg=\"future\" loading=\"lazy\"><span class=\"epigraphe\">Sarr lament\u00f3 su reacci\u00f3n en conferencia de prensa (REUTERS).<\/span><\/div>\n<div class=\"custom-text \" readability=\"36\">\n<p>Pero la cosa no qued\u00f3 ah\u00ed porque, el arquero fue expulsado y, en solidaridad con \u00e9l, <strong>el resto del plantel decidi\u00f3 dejar la cancha y no continu\u00f3 jugando el partido.<\/strong><\/p>\n<\/div>\n<div class=\"sc-a7166897-0 exHLBh\" readability=\"6\">\n<section readability=\"2\"><picture><img alt=\"Video: Luis Rubiales fue detenido en el aeropuerto al regresar a Espa\u00f1a\" src=\"http:\/\/hoycordobaweb.com\/wp-content\/uploads\/2024\/04\/espana-dos-fechas-de-suspension-al-arquero-que-se-peleo-con-los-hinchas-por-insultos-racistas-4.jpg\" width=\"290\" height=\"290\" decoding=\"async\" data-nimg=\"future\" loading=\"lazy\"><\/picture>\n<p><span>Mir\u00e1 tambi\u00e9n<\/span><\/p>\n<hr>\n<h3>Video: Luis Rubiales fue detenido en el aeropuerto al regresar a Espa\u00f1a<\/h3>\n<\/p>\n<\/section>\n<\/div>\n<div class=\"sc-a7166897-0 exHLBh\" readability=\"6\">\n<section readability=\"2\"><picture><img alt=\"Barcelona y un respiro: Lewandowski podr\u00e1 jugar el cl\u00e1sico con el Real Madrid\" src=\"http:\/\/hoycordobaweb.com\/wp-content\/uploads\/2024\/04\/espana-dos-fechas-de-suspension-al-arquero-que-se-peleo-con-los-hinchas-por-insultos-racistas-5.jpg\" width=\"290\" height=\"290\" decoding=\"async\" data-nimg=\"future\" loading=\"lazy\"><\/picture>\n<p><span>Mir\u00e1 tambi\u00e9n<\/span><\/p>\n<hr>\n<h3>Barcelona y un respiro: Lewandowski podr\u00e1 jugar el cl\u00e1sico con el Real Madrid<\/h3>\n<\/p>\n<\/section>\n<\/div>\n<div class=\"sc-a7166897-0 exHLBh\" readability=\"6\">\n<section readability=\"2\"><picture><img alt=\"En Espa\u00f1a insisten en que el Real Madrid est\u00e1 decidido a llevarse a Mastantuono\" src=\"http:\/\/hoycordobaweb.com\/wp-content\/uploads\/2024\/04\/espana-dos-fechas-de-suspension-al-arquero-que-se-peleo-con-los-hinchas-por-insultos-racistas-6.jpg\" width=\"290\" height=\"290\" decoding=\"async\" data-nimg=\"future\" loading=\"lazy\"><\/picture>\n<p><span>Mir\u00e1 tambi\u00e9n<\/span><\/p>\n<hr>\n<h3>En Espa\u00f1a insisten en que el Real Madrid est\u00e1 decidido a llevarse a Mastantuono<\/h3>\n<\/p>\n<\/section>\n<\/div>\n<\/div>\n","protected":false},"excerpt":{"rendered":"<p>03\/04\/2024 13:03hs. Cheikh Sarr, arquero del Rayo Majadahonda, deber\u00e1 cumplir con dos fechas de suspensi\u00f3n por \u00abconducta contraria al buen orden deportivo\u00bb. El futbolista senegal\u00e9s fue expulsado el pasado fin de semana, en el encuentro ante Sestao River por la Tercera Divisi\u00f3n de Espa\u00f1a, tras pelearse con un sector de la hinchada rival, desde donde [&hellip;]<\/p>\n","protected":false},"author":1,"featured_media":75570,"comment_status":"open","ping_status":"closed","sticky":false,"template":"","format":"standard","meta":[],"categories":[16],"tags":[],"_links":{"self":[{"href":"http:\/\/hoycordobaweb.com\/index.php\/wp-json\/wp\/v2\/posts\/75569"}],"collection":[{"href":"http:\/\/hoycordobaweb.com\/index.php\/wp-json\/wp\/v2\/posts"}],"about":[{"href":"http:\/\/hoycordobaweb.com\/index.php\/wp-json\/wp\/v2\/types\/post"}],"author":[{"embeddable":true,"href":"http:\/\/hoycordobaweb.com\/index.php\/wp-json\/wp\/v2\/users\/1"}],"replies":[{"embeddable":true,"href":"http:\/\/hoycordobaweb.com\/index.php\/wp-json\/wp\/v2\/comments?post=75569"}],"version-history":[{"count":0,"href":"http:\/\/hoycordobaweb.com\/index.php\/wp-json\/wp\/v2\/posts\/75569\/revisions"}],"wp:featuredmedia":[{"embeddable":true,"href":"http:\/\/hoycordobaweb.com\/index.php\/wp-json\/wp\/v2\/media\/75570"}],"wp:attachment":[{"href":"http:\/\/hoycordobaweb.com\/index.php\/wp-json\/wp\/v2\/media?parent=75569"}],"wp:term":[{"taxonomy":"category","embeddable":true,"href":"http:\/\/hoycordobaweb.com\/index.php\/wp-json\/wp\/v2\/categories?post=75569"},{"taxonomy":"post_tag","embeddable":true,"href":"http:\/\/hoycordobaweb.com\/index.php\/wp-json\/wp\/v2\/tags?post=75569"}],"curies":[{"name":"wp","href":"https:\/\/api.w.org\/{rel}","templated":true}]}}