{"id":75559,"date":"2024-04-03T17:21:54","date_gmt":"2024-04-03T17:21:54","guid":{"rendered":"https:\/\/www.ole.com.ar\/belgrano\/chacho-coudet-lamento-grave-lesion-passerini-noticia-mierda-belgrano-sudamericana-inter_0_DVLZjxxZX5.html"},"modified":"2024-04-03T17:21:54","modified_gmt":"2024-04-03T17:21:54","slug":"chacho-coudet-lamento-la-grave-lesion-de-passerini-es-una-noticia-de-mierda","status":"publish","type":"post","link":"http:\/\/hoycordobaweb.com\/index.php\/2024\/04\/03\/chacho-coudet-lamento-la-grave-lesion-de-passerini-es-una-noticia-de-mierda\/","title":{"rendered":"Chacho Coudet lament\u00f3 la grave lesi\u00f3n de Passerini: \u00abEs una noticia de mierda\u00bb"},"content":{"rendered":"<p><img src=\"http:\/\/hoycordobaweb.com\/wp-content\/uploads\/2024\/04\/chacho-coudet-lamento-la-grave-lesion-de-passerini-es-una-noticia-de-mierda.jpg\"><\/p>\n<p><time class=\"createDate\" datetime=\"2024-04-03T14:21:54-03:00\">03\/04\/2024 14:21hs.<\/time><\/p>\n<div id=\"storyBody\">\n<div class=\"custom-text \" readability=\"14.985849056604\">\n<p>Lucas Passerini, el goleador que tiene <a href=\"https:\/\/www.ole.com.ar\/tema\/belgrano-de-cordoba.html\" title=\"Belgrano de C\u00f3rdoba\" alt=\"Belgrano de C\u00f3rdoba\" class=\"slug\">Belgrano<\/a>, tuvo que dejar la cancha a menos de 15&#8242; para el final <a href=\"https:\/\/www.ole.com.ar\/futbol-primera\/belgrano-inter-brasil-sudamericana-coudet_0_fXwQY1vgEM.html\" target=\"_blank\" title=\"del empate con Inter, \" alt=\"del empate con Inter, \" rel=\"noopener noreferrer\">del empate con Inter, <\/a>en el debut por la Copa Sudamericana. <a href=\"https:\/\/www.ole.com.ar\/futbol-internacional\/sudamericana\/lesion-passerini-belgrano-inter-rodilla_0_NJ2NXVi4IN.html\" target=\"_blank\" title=\"Una lesi\u00f3n que preocupa mucho en C\u00f3rdoba \" alt=\"Una lesi\u00f3n que preocupa mucho en C\u00f3rdoba \" rel=\"noopener noreferrer\">Una lesi\u00f3n que preocupa mucho en C\u00f3rdoba <\/a>y, si bien todav\u00eda no hay parte m\u00e9dico oficial, <strong>se teme que est\u00e9n comprometidos los ligamentos<\/strong>. El delantero se retir\u00f3 con l\u00e1grimas, muy dolorido y, ya post partido, se lo vio con serias dificultades para caminar.<\/p>\n<\/div>\n<div class=\"custom-text \" readability=\"13.553530751708\">\n<p><a href=\"https:\/\/www.ole.com.ar\/tema\/eduardo-coudet.html\" title=\"Eduardo Coudet\" alt=\"Eduardo Coudet\" class=\"slug\">Eduardo Coudet<\/a>, entrenador del equipo brasile\u00f1o, se refiri\u00f3 sin vueltas a la lesi\u00f3n de Passerini. \u201c<strong>Pobre. Una desgracia. Lo lamento mucho. Es una noticia de mierda cada vez que se lastiman. <\/strong>El otro d\u00eda estaba viendo que hay muchos casos. Es un tema a estudiar. La verdad es que no encuentro una explicaci\u00f3n l\u00f3gica o fisiol\u00f3gica, pero seguramente algo para colaborar en evitar podremos hacer\u201d, tir\u00f3 el Chacho en charla con ESPN.<\/p>\n<\/div>\n<div class=\"custom-text \" readability=\"17\">\n<p>Antes, en conferencia de prensa, Coudet fue elogioso con el Pirata: \u201cEl rival defendi\u00f3 bien, tiene tres centrales fuertes, repliega bien. Siempre queremos ganar, pero los partidos internacionales son as\u00ed. Con mayor dificultad, sobre todo afuera de casa&#8230; <strong>No fue f\u00e1cil este partido, Belgrano es un equipo fuerte y m\u00e1s con toda su gente. Hay que reconocerlo\u201d.<\/strong><\/p>\n<\/div>\n<div class=\"custom-text \" readability=\"12\">\n<p>Por otra parte, el Chacho marc\u00f3:<strong> \u00abSufrimos m\u00e1s con la pelota larga, todo a segunda jugada, con un juego complicado.<\/strong> Sentimos que no pudimos tener la pelota. Un centro atacante como Passerini complica\u00bb.<\/p>\n<\/div>\n<div type=\"embed\" class=\"sc-7ce6049-0 dwIKul\">\n<div class=\"sc-7ce6049-1 bdcBBS videoText\" id=\"contentTitleembedosqDc4Am\" type=\"embed\" readability=\"6\"><svg fill=\"#ffffff\"><symbol id=\"play\" viewBox=\"0 0 512 512\"><path d=\"M512 256C512 397.4 397.4 512 256 512C114.6 512 0 397.4 0 256C0 114.6 114.6 0 256 0C397.4 0 512 114.6 512 256zM176 168V344C176 352.7 180.7 360.7 188.3 364.9C195.8 369.2 205.1 369 212.5 364.5L356.5 276.5C363.6 272.1 368 264.4 368 256C368 247.6 363.6 239.9 356.5 235.5L212.5 147.5C205.1 142.1 195.8 142.8 188.3 147.1C180.7 151.3 176 159.3 176 168V168z\" \/><\/symbol><use xlink:href=\"#play\" \/><\/svg><\/p>\n<div class=\"right\" readability=\"7\">\n<p>Belgrano de C\u00f3rdoba<!-- --> &#8211;<!-- --> <span>3-4-2024<\/span><\/p>\n<h2 class=\"title-vid\">La lesi\u00f3n de Passerini<\/h2>\n<\/div>\n<\/div>\n<p><span class=\"back\" id=\"spanBackembedosqDc4Am\"><\/span><\/div>\n<p><h2><strong>El an\u00e1lisis de Coudet<\/strong><\/h2>\n<\/p>\n<div class=\"custom-text \" readability=\"13\">\n<p>En conferencia de prensa, Coudet analiz\u00f3 el desarrollo del encuentro y lament\u00f3 las ocasiones desperdiciadas por su equipo: <strong>\u201cNo acertamos a situaciones que tuvimos. Muy claras. <\/strong>Hicimos un gran primer tiempo y un segundo tiempo\u2026 En el primer tiempo pudimos jugar mucho m\u00e1s, con la pelota por bajo y ganar m\u00e1s r\u00e1pido la segunda pelota. Ah\u00ed tuvimos las situaciones m\u00e1s claras. Ya se nos va a abrir el arco, porque situaciones tenemos.<\/p>\n<\/div>\n<div type=\"embed\" class=\"sc-7ce6049-0 dwIKul\">\n<div class=\"sc-7ce6049-1 bdcBBS videoText\" id=\"contentTitleembedwKTRUyLV\" type=\"embed\" readability=\"6\"><svg fill=\"#ffffff\"><symbol id=\"play\" viewBox=\"0 0 512 512\"><path d=\"M512 256C512 397.4 397.4 512 256 512C114.6 512 0 397.4 0 256C0 114.6 114.6 0 256 0C397.4 0 512 114.6 512 256zM176 168V344C176 352.7 180.7 360.7 188.3 364.9C195.8 369.2 205.1 369 212.5 364.5L356.5 276.5C363.6 272.1 368 264.4 368 256C368 247.6 363.6 239.9 356.5 235.5L212.5 147.5C205.1 142.1 195.8 142.8 188.3 147.1C180.7 151.3 176 159.3 176 168V168z\" \/><\/symbol><use xlink:href=\"#play\" \/><\/svg><\/p>\n<div class=\"right\" readability=\"7\">\n<p>Rafael Santos Borr\u00e9<!-- --> &#8211;<!-- --> <span>3-4-2024<\/span><\/p>\n<h2 class=\"title-vid\">El gol que se perdi\u00f3 Borr\u00e9<\/h2>\n<\/div>\n<\/div>\n<p><span class=\"back\" id=\"spanBackembedwKTRUyLV\"><\/span><\/div>\n<div class=\"custom-text \" readability=\"12\">\n<p>El Chacho cerr\u00f3: \u201cHay muchos jugadores que son los primeros partidos. Cambiamos algunas cosas. Vamos a crecer mucho m\u00e1s con el paso de los partidos. <strong>Jugar de visitante, en una competici\u00f3n internacional es dif\u00edcil. <\/strong>Si hac\u00edamos un gol, \u00edbamos a tener m\u00e1s espacios y tranquilidad. Siempre jugar en casa es m\u00e1s f\u00e1cil\u201d.<\/p>\n<\/div>\n<div class=\"sc-a7166897-0 exHLBh\" readability=\"6\">\n<section readability=\"2\"><picture><img alt=\"El llanto de Passerini de Belgrano por una lesi\u00f3n preocupante\" src=\"http:\/\/hoycordobaweb.com\/wp-content\/uploads\/2024\/04\/chacho-coudet-lamento-la-grave-lesion-de-passerini-es-una-noticia-de-mierda-2.jpg\" width=\"290\" height=\"290\" decoding=\"async\" data-nimg=\"future\" loading=\"lazy\"><\/picture>\n<p><span>Mir\u00e1 tambi\u00e9n<\/span><\/p>\n<hr>\n<h3>El llanto de Passerini de Belgrano por una lesi\u00f3n preocupante<\/h3>\n<\/p>\n<\/section>\n<\/div>\n<div class=\"sc-a7166897-0 exHLBh\" readability=\"6\">\n<section readability=\"2\"><picture><img alt=\"Belgrano empat\u00f3 con Inter y termin\u00f3 preocupado por lesiones\" src=\"http:\/\/hoycordobaweb.com\/wp-content\/uploads\/2024\/04\/chacho-coudet-lamento-la-grave-lesion-de-passerini-es-una-noticia-de-mierda-3.jpg\" width=\"290\" height=\"290\" decoding=\"async\" data-nimg=\"future\" loading=\"lazy\"><\/picture>\n<p><span>Mir\u00e1 tambi\u00e9n<\/span><\/p>\n<hr>\n<h3>Belgrano empat\u00f3 con Inter y termin\u00f3 preocupado por lesiones<\/h3>\n<\/p>\n<\/section>\n<\/div>\n<div class=\"sc-a7166897-0 exHLBh\" readability=\"6.5\">\n<section readability=\"3\"><picture><img alt=\"Tabla de posiciones y resultados de la Copa Sudamericana 2024: buen triunfo de Argentinos y empate agridulce para Belgrano\" src=\"http:\/\/hoycordobaweb.com\/wp-content\/uploads\/2024\/04\/chacho-coudet-lamento-la-grave-lesion-de-passerini-es-una-noticia-de-mierda-4.jpg\" width=\"290\" height=\"290\" decoding=\"async\" data-nimg=\"future\" loading=\"lazy\"><\/picture>\n<p><span>Mir\u00e1 tambi\u00e9n<\/span><\/p>\n<hr>\n<h3>Tabla de posiciones y resultados de la Copa Sudamericana 2024: buen triunfo de Argentinos y empate agridulce para Belgrano<\/h3>\n<\/p>\n<\/section>\n<\/div>\n<\/div>\n","protected":false},"excerpt":{"rendered":"<p>03\/04\/2024 14:21hs. Lucas Passerini, el goleador que tiene Belgrano, tuvo que dejar la cancha a menos de 15&#8242; para el final del empate con Inter, en el debut por la Copa Sudamericana. Una lesi\u00f3n que preocupa mucho en C\u00f3rdoba y, si bien todav\u00eda no hay parte m\u00e9dico oficial, se teme que est\u00e9n comprometidos los ligamentos. [&hellip;]<\/p>\n","protected":false},"author":1,"featured_media":75560,"comment_status":"open","ping_status":"closed","sticky":false,"template":"","format":"standard","meta":[],"categories":[16],"tags":[],"_links":{"self":[{"href":"http:\/\/hoycordobaweb.com\/index.php\/wp-json\/wp\/v2\/posts\/75559"}],"collection":[{"href":"http:\/\/hoycordobaweb.com\/index.php\/wp-json\/wp\/v2\/posts"}],"about":[{"href":"http:\/\/hoycordobaweb.com\/index.php\/wp-json\/wp\/v2\/types\/post"}],"author":[{"embeddable":true,"href":"http:\/\/hoycordobaweb.com\/index.php\/wp-json\/wp\/v2\/users\/1"}],"replies":[{"embeddable":true,"href":"http:\/\/hoycordobaweb.com\/index.php\/wp-json\/wp\/v2\/comments?post=75559"}],"version-history":[{"count":0,"href":"http:\/\/hoycordobaweb.com\/index.php\/wp-json\/wp\/v2\/posts\/75559\/revisions"}],"wp:featuredmedia":[{"embeddable":true,"href":"http:\/\/hoycordobaweb.com\/index.php\/wp-json\/wp\/v2\/media\/75560"}],"wp:attachment":[{"href":"http:\/\/hoycordobaweb.com\/index.php\/wp-json\/wp\/v2\/media?parent=75559"}],"wp:term":[{"taxonomy":"category","embeddable":true,"href":"http:\/\/hoycordobaweb.com\/index.php\/wp-json\/wp\/v2\/categories?post=75559"},{"taxonomy":"post_tag","embeddable":true,"href":"http:\/\/hoycordobaweb.com\/index.php\/wp-json\/wp\/v2\/tags?post=75559"}],"curies":[{"name":"wp","href":"https:\/\/api.w.org\/{rel}","templated":true}]}}