{"id":75529,"date":"2024-04-01T15:39:28","date_gmt":"2024-04-01T15:39:28","guid":{"rendered":"https:\/\/www.cordobaturismo.gov.ar\/?p=886645"},"modified":"2024-04-01T15:39:28","modified_gmt":"2024-04-01T15:39:28","slug":"capitani-cordoba-vive-semana-santa-con-ocupacion-casi-plena","status":"publish","type":"post","link":"http:\/\/hoycordobaweb.com\/index.php\/2024\/04\/01\/capitani-cordoba-vive-semana-santa-con-ocupacion-casi-plena\/","title":{"rendered":"Capitani: \u201cC\u00f3rdoba vive Semana Santa con ocupaci\u00f3n casi plena\u201d"},"content":{"rendered":"<div class=\"elementor-widget-container\" readability=\"39\">\n<p>A un d\u00eda de la finalizaci\u00f3n del fin de semana extra largo, el presidente de la Agencia C\u00f3rdoba Turismo brind\u00f3 n\u00fameros en torno a la ocupaci\u00f3n.<\/p>\n<p>El presidente de la Agencia C\u00f3rdoba Turismo, Dar\u00edo Capitani, destac\u00f3 hoy el \u201cexcelente\u201d fin de semana largo que atraviesa la provincia con ocupaci\u00f3n \u201ccasi plena\u201d en los distintos destinos tur\u00edsticos.<\/p>\n<p><strong>\u201cSi bien el nivel de reservas era bueno, lo que finalmente ocurri\u00f3 es que la gente se volc\u00f3 plenamente a recorrer la provincia. Cada uno de los municipios con sus distintas agendas culturales, gastron\u00f3micas, naturales y de entretenimientos nos da un diferencial respecto al resto de las plazas. Como ocurri\u00f3 en el verano, C\u00f3rdoba ha sido el destino nacional m\u00e1s elegido\u201d, <\/strong>se\u00f1al\u00f3.<\/p>\n<figure class=\"wp-block-gallery has-nested-images columns-default is-cropped wp-block-gallery-1 is-layout-flex wp-block-gallery-is-layout-flex\">\n<figure class=\"wp-block-image size-large\"><img loading=\"lazy\" fetchpriority=\"high\" decoding=\"async\" width=\"1024\" height=\"683\" data-id=\"886655\" src=\"http:\/\/hoycordobaweb.com\/wp-content\/uploads\/2024\/04\/capitani-cordoba-vive-semana-santa-con-ocupacion-casi-plena.jpg\" alt class=\"wp-image-886655\" srcset=\"http:\/\/hoycordobaweb.com\/wp-content\/uploads\/2024\/04\/capitani-cordoba-vive-semana-santa-con-ocupacion-casi-plena.jpg 1024w, http:\/\/hoycordobaweb.com\/wp-content\/uploads\/2024\/04\/capitani-cordoba-vive-semana-santa-con-ocupacion-casi-plena-4.jpg 400w, http:\/\/hoycordobaweb.com\/wp-content\/uploads\/2024\/04\/capitani-cordoba-vive-semana-santa-con-ocupacion-casi-plena-5.jpg 768w, http:\/\/hoycordobaweb.com\/wp-content\/uploads\/2024\/04\/capitani-cordoba-vive-semana-santa-con-ocupacion-casi-plena-6.jpg 1536w, http:\/\/hoycordobaweb.com\/wp-content\/uploads\/2024\/04\/capitani-cordoba-vive-semana-santa-con-ocupacion-casi-plena-7.jpg 18w, http:\/\/hoycordobaweb.com\/wp-content\/uploads\/2024\/04\/capitani-cordoba-vive-semana-santa-con-ocupacion-casi-plena-8.jpg 1600w\" sizes=\"(max-width: 1024px) 100vw, 1024px\"><\/figure>\n<figure class=\"wp-block-image size-large\"><img loading=\"lazy\" decoding=\"async\" width=\"1024\" height=\"682\" data-id=\"886651\" src=\"http:\/\/hoycordobaweb.com\/wp-content\/uploads\/2024\/04\/capitani-cordoba-vive-semana-santa-con-ocupacion-casi-plena-1.jpg\" alt class=\"wp-image-886651\" srcset=\"http:\/\/hoycordobaweb.com\/wp-content\/uploads\/2024\/04\/capitani-cordoba-vive-semana-santa-con-ocupacion-casi-plena-1.jpg 1024w, http:\/\/hoycordobaweb.com\/wp-content\/uploads\/2024\/04\/capitani-cordoba-vive-semana-santa-con-ocupacion-casi-plena-9.jpg 400w, http:\/\/hoycordobaweb.com\/wp-content\/uploads\/2024\/04\/capitani-cordoba-vive-semana-santa-con-ocupacion-casi-plena-10.jpg 768w, http:\/\/hoycordobaweb.com\/wp-content\/uploads\/2024\/04\/capitani-cordoba-vive-semana-santa-con-ocupacion-casi-plena-11.jpg 1536w, http:\/\/hoycordobaweb.com\/wp-content\/uploads\/2024\/04\/capitani-cordoba-vive-semana-santa-con-ocupacion-casi-plena-12.jpg 18w, http:\/\/hoycordobaweb.com\/wp-content\/uploads\/2024\/04\/capitani-cordoba-vive-semana-santa-con-ocupacion-casi-plena-13.jpg 1600w\" sizes=\"(max-width: 1024px) 100vw, 1024px\"><\/figure>\n<\/figure>\n<p>Respecto a la ocupaci\u00f3n, y a\u00fan con una noche por delante, el Valle de Traslasierra registr\u00f3 excelentes n\u00fameros en donde Cura Brochero estuvo al 90% como Villa Dolores, Nono al 95% y Mina Clavero 80%. En Punilla, en tanto, Villa Giardino asent\u00f3 un 96%, Carlos Paz 94 %, La Falda y Capilla del Monte 99%, y La Cumbre 93%; el Valle de Calamuchita -en tanto- Villa General Belgrano a un 98,50% y Santa Rosa de Calamuchita al 86%.<\/p>\n<p>En el Norte y Noroeste, Totoral y Tulumba al 99 %; las Sierras Chicas con Colonia Caroya 90% y Rio Ceballos 70%, en el Valle de Paravachasca, Potrero de Garay 97% y Alta Gracia al 88%, R\u00edo de los Sauces -Sierras del Sur- al 90% y Miramar de Ansenuza al 99%.<\/p>\n<p>El gasto promedio por persona fue de entre $40 y 50 mil pesos; y el promedio de alojamiento se mantuvo entre 3.5 y 4 d\u00edas.<\/p>\n<p>Sobre la agenda y diversidad de eventos, Capitani destac\u00f3 el recorrido y la gran atracci\u00f3n que se gener\u00f3 -y por la que se continuar\u00e1 trabajando durante toda su gesti\u00f3n- en torno a la obra maestra del santo Jos\u00e9 Gabriel Brochero. Al mismo tiempo, tambi\u00e9n puntualiz\u00f3 sobre la agenda de C\u00f3rdoba capital que moviliz\u00f3 gran cantidad de visitantes con -por ejemplo- la hist\u00f3rica y convocante Feria de las Artesan\u00edas.<\/p>\n<p>Por \u00faltimo, el presidente de la Agencia destac\u00f3 que <strong>\u201ctodo esto se logra porque el gobernador Mart\u00edn Llaryora entiende al turismo como un eje productivo de creaci\u00f3n y sostenimiento de empleo, productividad, arraigo y crecimiento clave para la matriz productiva de la provincia\u201d.<\/strong><\/p>\n<figure class=\"wp-block-gallery has-nested-images columns-default is-cropped wp-block-gallery-2 is-layout-flex wp-block-gallery-is-layout-flex\">\n<figure class=\"wp-block-image size-large\"><img loading=\"lazy\" decoding=\"async\" width=\"1024\" height=\"682\" data-id=\"886650\" src=\"http:\/\/hoycordobaweb.com\/wp-content\/uploads\/2024\/04\/capitani-cordoba-vive-semana-santa-con-ocupacion-casi-plena-2.jpg\" alt class=\"wp-image-886650\" srcset=\"http:\/\/hoycordobaweb.com\/wp-content\/uploads\/2024\/04\/capitani-cordoba-vive-semana-santa-con-ocupacion-casi-plena-2.jpg 1024w, http:\/\/hoycordobaweb.com\/wp-content\/uploads\/2024\/04\/capitani-cordoba-vive-semana-santa-con-ocupacion-casi-plena-14.jpg 400w, http:\/\/hoycordobaweb.com\/wp-content\/uploads\/2024\/04\/capitani-cordoba-vive-semana-santa-con-ocupacion-casi-plena-15.jpg 768w, http:\/\/hoycordobaweb.com\/wp-content\/uploads\/2024\/04\/capitani-cordoba-vive-semana-santa-con-ocupacion-casi-plena-16.jpg 1536w, http:\/\/hoycordobaweb.com\/wp-content\/uploads\/2024\/04\/capitani-cordoba-vive-semana-santa-con-ocupacion-casi-plena-17.jpg 18w, http:\/\/hoycordobaweb.com\/wp-content\/uploads\/2024\/04\/capitani-cordoba-vive-semana-santa-con-ocupacion-casi-plena-18.jpg 1600w\" sizes=\"(max-width: 1024px) 100vw, 1024px\"><\/figure>\n<figure class=\"wp-block-image size-large\"><img loading=\"lazy\" decoding=\"async\" width=\"1024\" height=\"683\" data-id=\"886647\" src=\"http:\/\/hoycordobaweb.com\/wp-content\/uploads\/2024\/04\/capitani-cordoba-vive-semana-santa-con-ocupacion-casi-plena-3.jpg\" alt class=\"wp-image-886647\" srcset=\"http:\/\/hoycordobaweb.com\/wp-content\/uploads\/2024\/04\/capitani-cordoba-vive-semana-santa-con-ocupacion-casi-plena-3.jpg 1024w, http:\/\/hoycordobaweb.com\/wp-content\/uploads\/2024\/04\/capitani-cordoba-vive-semana-santa-con-ocupacion-casi-plena-19.jpg 400w, http:\/\/hoycordobaweb.com\/wp-content\/uploads\/2024\/04\/capitani-cordoba-vive-semana-santa-con-ocupacion-casi-plena-20.jpg 768w, http:\/\/hoycordobaweb.com\/wp-content\/uploads\/2024\/04\/capitani-cordoba-vive-semana-santa-con-ocupacion-casi-plena-21.jpg 1536w, http:\/\/hoycordobaweb.com\/wp-content\/uploads\/2024\/04\/capitani-cordoba-vive-semana-santa-con-ocupacion-casi-plena-22.jpg 18w, http:\/\/hoycordobaweb.com\/wp-content\/uploads\/2024\/04\/capitani-cordoba-vive-semana-santa-con-ocupacion-casi-plena-23.jpg 1600w\" sizes=\"(max-width: 1024px) 100vw, 1024px\"><\/figure>\n<\/figure><\/div>\n","protected":false},"excerpt":{"rendered":"<p>A un d\u00eda de la finalizaci\u00f3n del fin de semana extra largo, el presidente de la Agencia C\u00f3rdoba Turismo brind\u00f3 n\u00fameros en torno a la ocupaci\u00f3n. El presidente de la Agencia C\u00f3rdoba Turismo, Dar\u00edo Capitani, destac\u00f3 hoy el \u201cexcelente\u201d fin de semana largo que atraviesa la provincia con ocupaci\u00f3n \u201ccasi plena\u201d en los distintos destinos [&hellip;]<\/p>\n","protected":false},"author":1,"featured_media":75530,"comment_status":"closed","ping_status":"closed","sticky":false,"template":"","format":"standard","meta":[],"categories":[19],"tags":[],"_links":{"self":[{"href":"http:\/\/hoycordobaweb.com\/index.php\/wp-json\/wp\/v2\/posts\/75529"}],"collection":[{"href":"http:\/\/hoycordobaweb.com\/index.php\/wp-json\/wp\/v2\/posts"}],"about":[{"href":"http:\/\/hoycordobaweb.com\/index.php\/wp-json\/wp\/v2\/types\/post"}],"author":[{"embeddable":true,"href":"http:\/\/hoycordobaweb.com\/index.php\/wp-json\/wp\/v2\/users\/1"}],"replies":[{"embeddable":true,"href":"http:\/\/hoycordobaweb.com\/index.php\/wp-json\/wp\/v2\/comments?post=75529"}],"version-history":[{"count":0,"href":"http:\/\/hoycordobaweb.com\/index.php\/wp-json\/wp\/v2\/posts\/75529\/revisions"}],"wp:featuredmedia":[{"embeddable":true,"href":"http:\/\/hoycordobaweb.com\/index.php\/wp-json\/wp\/v2\/media\/75530"}],"wp:attachment":[{"href":"http:\/\/hoycordobaweb.com\/index.php\/wp-json\/wp\/v2\/media?parent=75529"}],"wp:term":[{"taxonomy":"category","embeddable":true,"href":"http:\/\/hoycordobaweb.com\/index.php\/wp-json\/wp\/v2\/categories?post=75529"},{"taxonomy":"post_tag","embeddable":true,"href":"http:\/\/hoycordobaweb.com\/index.php\/wp-json\/wp\/v2\/tags?post=75529"}],"curies":[{"name":"wp","href":"https:\/\/api.w.org\/{rel}","templated":true}]}}