{"id":75498,"date":"2024-04-02T00:07:00","date_gmt":"2024-04-02T00:07:00","guid":{"rendered":"https:\/\/ahora.com.ar\/show\/jorge-lanata-fue-internado-una-insuficiencia-respiratoria-n5368839"},"modified":"2024-04-02T00:07:00","modified_gmt":"2024-04-02T00:07:00","slug":"jorge-lanata-fue-internado-por-una-insuficiencia-respiratoria","status":"publish","type":"post","link":"http:\/\/hoycordobaweb.com\/index.php\/2024\/04\/02\/jorge-lanata-fue-internado-por-una-insuficiencia-respiratoria\/","title":{"rendered":"Jorge Lanata fue internado por una insuficiencia respiratoria"},"content":{"rendered":"<div><img src=\"http:\/\/hoycordobaweb.com\/wp-content\/uploads\/2024\/04\/jorge-lanata-fue-internado-por-una-insuficiencia-respiratoria.jpg\" class=\"ff-og-image-inserted\"><\/div>\n<div id>\n<div class=\"article-body__info-wrapper\"><span class=\"article-body__date\"> <time datetime=\"2024-04-02T00:07:00.000Z\">1 de abril de 2024 &#8211; 21:07<\/time><\/span> <\/div>\n<p><strong>El periodista Jorge Lanata volvi\u00f3 a ser internado en la Fundaci\u00f3n Favaloro luego de haber tenido una insuficiencia respiratoria.<\/strong> La noticia la confirmaron en el programa de radio que conduce en Mitre.<\/p>\n<\/div>\n<div id>\n<p>\u201cJorge Lanata se est\u00e1 recuperando, tuvo una dificultad respiratoria, pero ya est\u00e1 bien. Est\u00e1 en Favaloro y en cualquier momento sale. Le mandamos un beso grande\u201d, coment\u00f3 Jesica Bossi, una de las periodistas de Lanata sin filtro (Mitre).<\/p>\n<\/div>\n<div id>\n<p><strong>Luego, tras dar la novedad, el panel del programa de Lanata desdramatiz\u00f3 la situaci\u00f3n. \u201cT\u00edpico que te enferm\u00e1s en fin de semana largo, \u00bfno?\u201d, aport\u00f3 uno de ellos.<\/strong><\/p>\n<h2>Las internaciones que tuvo Jorge Lanata<\/h2>\n<p><strong>Entre octubre y noviembre de 2023, Jorge Lanata hab\u00eda sido internado en la Fundaci\u00f3n Favaloro debido a un cuadro de neumon\u00eda<\/strong>. Su esposa, Elba Marcovecchio, le cont\u00f3 a TN Show en ese momento que el conductor iba a recuperarse en su casa, algo que ocurri\u00f3 despu\u00e9s.<\/p>\n<p>\u201c\u00c9l est\u00e1 bien. Tiene una peque\u00f1a neumon\u00eda muy agarrada a tiempo. Esto empez\u00f3 el lunes tempranito y siempre, siempre, igual que en todas las personas, todo lo que es agarrado a tiempo tiene mucha mejor evoluci\u00f3n. Yo cruzo los dedos, porque siempre hay que cruzar los dedos. Y lo que notamos que est\u00e1 evolucionando bien. Est\u00e1 con antibi\u00f3ticos\u201d, hab\u00eda dicho sobre la situaci\u00f3n que vivi\u00f3 el periodista.<\/p>\n<p>No fue la \u00fanica internaci\u00f3n. <strong>Lanata tuvo varias en los \u00faltimos tres a\u00f1os, entre problemas respiratorios cr\u00f3nicos, el COVID que padeci\u00f3 y varias complicaciones relacionadas.<\/strong><\/p>\n<p>Una de las que m\u00e1s sufri\u00f3 tuvo que ver con un cuadro de infecci\u00f3n urinaria a mitad de 2023. Tras recuperarse, desde su espacio radial, Lanata hab\u00eda detallado lo que padeci\u00f3. \u201cEstuve complicado, pero es todo tan eventual. No te pasa nada hasta que de golpe te pasa\u201d, hab\u00eda dicho al volver al aire, en ese momento.<\/p>\n<p>\u201cHubo distintas etapas: fueron 3. La \u00faltima fue la m\u00e1s complicada, un shock s\u00e9ptico. Una infecci\u00f3n generalizada\u201d, hab\u00eda explicado el periodista durante el pase que hizo con Eduardo Feinmann, aquella semana.<\/p>\n<p>Sobre el tiempo que permaneci\u00f3 en la cl\u00ednica, Lanata hab\u00eda expresado: \u201cTengo la sensaci\u00f3n de haber estado 4 o 5 meses afuera. Fue un mes pero pareci\u00f3 m\u00e1s\u201d. Y luego hab\u00eda reflexionado: \u201cPero es la vida. Tengo la sensaci\u00f3n de que si no lo tom\u00e1s demasiado en cuenta, son cosas que pueden o no pasar. Eso es lo que lo hace maravilloso y raro. Pero no la qued\u00e9 y ac\u00e1 estoy\u201d.<\/p>\n<p><em>Fuente: TN<\/em><\/p>\n<\/p><\/div>\n","protected":false},"excerpt":{"rendered":"<p>1 de abril de 2024 &#8211; 21:07 El periodista Jorge Lanata volvi\u00f3 a ser internado en la Fundaci\u00f3n Favaloro luego de haber tenido una insuficiencia respiratoria. La noticia la confirmaron en el programa de radio que conduce en Mitre. \u201cJorge Lanata se est\u00e1 recuperando, tuvo una dificultad respiratoria, pero ya est\u00e1 bien. Est\u00e1 en Favaloro [&hellip;]<\/p>\n","protected":false},"author":1,"featured_media":75499,"comment_status":"closed","ping_status":"closed","sticky":false,"template":"","format":"standard","meta":[],"categories":[10,23],"tags":[],"_links":{"self":[{"href":"http:\/\/hoycordobaweb.com\/index.php\/wp-json\/wp\/v2\/posts\/75498"}],"collection":[{"href":"http:\/\/hoycordobaweb.com\/index.php\/wp-json\/wp\/v2\/posts"}],"about":[{"href":"http:\/\/hoycordobaweb.com\/index.php\/wp-json\/wp\/v2\/types\/post"}],"author":[{"embeddable":true,"href":"http:\/\/hoycordobaweb.com\/index.php\/wp-json\/wp\/v2\/users\/1"}],"replies":[{"embeddable":true,"href":"http:\/\/hoycordobaweb.com\/index.php\/wp-json\/wp\/v2\/comments?post=75498"}],"version-history":[{"count":0,"href":"http:\/\/hoycordobaweb.com\/index.php\/wp-json\/wp\/v2\/posts\/75498\/revisions"}],"wp:featuredmedia":[{"embeddable":true,"href":"http:\/\/hoycordobaweb.com\/index.php\/wp-json\/wp\/v2\/media\/75499"}],"wp:attachment":[{"href":"http:\/\/hoycordobaweb.com\/index.php\/wp-json\/wp\/v2\/media?parent=75498"}],"wp:term":[{"taxonomy":"category","embeddable":true,"href":"http:\/\/hoycordobaweb.com\/index.php\/wp-json\/wp\/v2\/categories?post=75498"},{"taxonomy":"post_tag","embeddable":true,"href":"http:\/\/hoycordobaweb.com\/index.php\/wp-json\/wp\/v2\/tags?post=75498"}],"curies":[{"name":"wp","href":"https:\/\/api.w.org\/{rel}","templated":true}]}}