{"id":75491,"date":"2024-04-02T17:37:37","date_gmt":"2024-04-02T17:37:37","guid":{"rendered":"https:\/\/ladecimaweb.com\/?p=25999"},"modified":"2024-04-02T17:37:37","modified_gmt":"2024-04-02T17:37:37","slug":"el-paisaje-de-siempre-en-villa-el-libertador","status":"publish","type":"post","link":"http:\/\/hoycordobaweb.com\/index.php\/2024\/04\/02\/el-paisaje-de-siempre-en-villa-el-libertador\/","title":{"rendered":"El paisaje de siempre en Villa El Libertador"},"content":{"rendered":"<div class=\"boldgrid-section\">\n<div class=\"container\">\n<div class=\"row\">\n<div class=\"col-md-12 col-xs-12 col-sm-12\">\n<p class><span>Agua servida corriendo por el cord\u00f3n cuneta y bald\u00edos con malezas altas, focos de contaminaci\u00f3n. Esto ocurre en Francisco de Mauro y Barranquilla, a metros de un centro de salud municipal, en Villa El Libertador.<\/span><\/p>\n<p class>El vecino Jos\u00e9 Luis nos cuenta en el env\u00edo que &#8220;varios vecinos&#8221; del sector contrajeron Dengue.&nbsp;<\/p>\n<p class><img loading=\"lazy\" class=\"alignnone wp-image-26001\" src=\"http:\/\/hoycordobaweb.com\/wp-content\/uploads\/2024\/04\/el-paisaje-de-siempre-en-villa-el-libertador.jpg\" alt width=\"615\" height=\"461\" srcset=\"http:\/\/hoycordobaweb.com\/wp-content\/uploads\/2024\/04\/el-paisaje-de-siempre-en-villa-el-libertador.jpg 1600w, http:\/\/hoycordobaweb.com\/wp-content\/uploads\/2024\/04\/el-paisaje-de-siempre-en-villa-el-libertador-2.jpg 592w, http:\/\/hoycordobaweb.com\/wp-content\/uploads\/2024\/04\/el-paisaje-de-siempre-en-villa-el-libertador-3.jpg 768w, http:\/\/hoycordobaweb.com\/wp-content\/uploads\/2024\/04\/el-paisaje-de-siempre-en-villa-el-libertador-4.jpg 1536w\" sizes=\"(max-width: 615px) 100vw, 615px\" \/><\/p>\n<p class>Es sabido que el Aedes Agypti no se cr\u00eda en los bald\u00edos, sino no vive y pica en los hogares. En los bald\u00edos est\u00e1n los mosquitos adultos, que no ponen huevos, pero que hay que combatir con fumigaci\u00f3n.&nbsp;<\/p>\n<p class>La cuesti\u00f3n es que este no es el \u00fanico bald\u00edo en el barrio a la deriva. Hay otros. Y parece faltar una intervenci\u00f3n estatal para intimar a los due\u00f1os a mantenerlos para lograr una calidad de vida m\u00ednima.&nbsp;<\/p>\n<p class><img loading=\"lazy\" class=\"alignnone wp-image-26002\" src=\"http:\/\/hoycordobaweb.com\/wp-content\/uploads\/2024\/04\/el-paisaje-de-siempre-en-villa-el-libertador-1.jpg\" alt width=\"577\" height=\"433\" srcset=\"http:\/\/hoycordobaweb.com\/wp-content\/uploads\/2024\/04\/el-paisaje-de-siempre-en-villa-el-libertador-1.jpg 1600w, http:\/\/hoycordobaweb.com\/wp-content\/uploads\/2024\/04\/el-paisaje-de-siempre-en-villa-el-libertador-5.jpg 592w, http:\/\/hoycordobaweb.com\/wp-content\/uploads\/2024\/04\/el-paisaje-de-siempre-en-villa-el-libertador-6.jpg 768w, http:\/\/hoycordobaweb.com\/wp-content\/uploads\/2024\/04\/el-paisaje-de-siempre-en-villa-el-libertador-7.jpg 1536w\" sizes=\"(max-width: 577px) 100vw, 577px\" \/><\/p>\n<p class>&nbsp;<\/p>\n<p class><a href=\"https:\/\/youtube.com\/shorts\/R_hN6qnwMZM?feature=share\">VIDEO<\/a><\/p>\n<p class>&nbsp;<\/p>\n<\/div>\n<\/div>\n<\/div>\n<\/div>\n<p>La entrada <a rel=\"nofollow\" href=\"https:\/\/ladecimaweb.com\/el-paisaje-de-siempre-en-villa-el-libertador\/\">El paisaje de siempre en Villa El Libertador<\/a> se public\u00f3 primero en <a rel=\"nofollow\" href=\"https:\/\/ladecimaweb.com\">LaDecima<\/a>.<\/p>\n","protected":false},"excerpt":{"rendered":"<p>Agua servida corriendo por el cord\u00f3n cuneta y bald\u00edos con malezas altas, focos de contaminaci\u00f3n. Esto ocurre en Francisco de Mauro y Barranquilla, a metros de un centro de salud municipal, en Villa El Libertador. El vecino Jos\u00e9 Luis nos cuenta en el env\u00edo que &#8220;varios vecinos&#8221; del sector contrajeron Dengue.&nbsp; Es sabido que el [&hellip;]<\/p>\n","protected":false},"author":1,"featured_media":0,"comment_status":"closed","ping_status":"closed","sticky":false,"template":"","format":"standard","meta":[],"categories":[32],"tags":[],"_links":{"self":[{"href":"http:\/\/hoycordobaweb.com\/index.php\/wp-json\/wp\/v2\/posts\/75491"}],"collection":[{"href":"http:\/\/hoycordobaweb.com\/index.php\/wp-json\/wp\/v2\/posts"}],"about":[{"href":"http:\/\/hoycordobaweb.com\/index.php\/wp-json\/wp\/v2\/types\/post"}],"author":[{"embeddable":true,"href":"http:\/\/hoycordobaweb.com\/index.php\/wp-json\/wp\/v2\/users\/1"}],"replies":[{"embeddable":true,"href":"http:\/\/hoycordobaweb.com\/index.php\/wp-json\/wp\/v2\/comments?post=75491"}],"version-history":[{"count":0,"href":"http:\/\/hoycordobaweb.com\/index.php\/wp-json\/wp\/v2\/posts\/75491\/revisions"}],"wp:attachment":[{"href":"http:\/\/hoycordobaweb.com\/index.php\/wp-json\/wp\/v2\/media?parent=75491"}],"wp:term":[{"taxonomy":"category","embeddable":true,"href":"http:\/\/hoycordobaweb.com\/index.php\/wp-json\/wp\/v2\/categories?post=75491"},{"taxonomy":"post_tag","embeddable":true,"href":"http:\/\/hoycordobaweb.com\/index.php\/wp-json\/wp\/v2\/tags?post=75491"}],"curies":[{"name":"wp","href":"https:\/\/api.w.org\/{rel}","templated":true}]}}